{"id":36639,"date":"2007-12-12T16:01:44","date_gmt":"2007-12-12T16:01:44","guid":{"rendered":"http:\/\/diariodominicano.ddns.net\/?p=36639"},"modified":"2007-12-12T16:01:44","modified_gmt":"2007-12-12T16:01:44","slug":"palabras-de-presentacion-del-idh","status":"publish","type":"post","link":"https:\/\/diariodominicano.com\/?p=36639","title":{"rendered":"Palabras de presentaci\u00f3n del IDH"},"content":{"rendered":"<p><body><\/p>\n<p class=\"titulogrande1\">Palabras de presentaci\u00f3n del IDH <\/p>\n<p>&#13;<\/p>\n<p><strong>Por<\/strong> <span class=\"textogrande\">Guillermo Caram<\/span><\/p>\n<p>&#13;<\/p>\n<p align=\"justify\" class=\"text1noticias\">Como dominicano, naci\u00f3n signataria de la Carta de las Naciones  Unidas, aquel lejano Junio de 1945 en el lejano San Francisco, esa especie de  constituci\u00f3n mundial que nos permiti\u00f3 insertarnos en la comunidad internacional  constituida desde ese a\u00f1o; como aspirante a ser solidario y contributivo en el  logro del desarrollo humano y como dirigente del partido que represento en \u00e9ste  evento; no puedo ocultar mi complacencia de intervenir en \u00e9ste foro de presentaci\u00f3n  del Informe de Desarrollo Humano correspondiente al presente a\u00f1o centrado en el  tema del cambio clim\u00e1tico y la solidaridad, de un mundo que reclama solidaridad  frente a brecha entre naciones ricas y pobres acentuada precisamente por los  fen\u00f3menos envueltos en torno al cambio clim\u00e1tico.<br \/>&#13;<br \/>\n  <br \/>&#13;<br \/>\n  Ese cambio es provocado por el  calentamiento originado en emisiones por la quema de combustibles &#8211; para la  generaci\u00f3n de energ\u00eda, transporte, industria, etc &#8211; que se acumulan en la  atm\u00f3sfera provocando el llamado efecto invernadero: una especie de techo que atrapa  los rayos del sol y el calor generado por la tierra. <br \/>&#13;<br \/>\n  <br \/>&#13;<br \/>\n  Como consecuencia se acumula calor bajo ese  techo produciendo deshielos, mayor evaporaci\u00f3n de las aguas, cambio en los  patrones de las corrientes de aire y marinas, diferencias de temperaturas. <br \/>&#13;<br \/>\n  <br \/>&#13;<br \/>\n  De  ah\u00ed las mayores turbulencias, sequ\u00edas, inundaciones, etc. <br \/>&#13;<br \/>\n  <br \/>&#13;<br \/>\n  Si bien los fen\u00f3menos atmosf\u00e9ricos, mas  intempestivos e imprevistos por estos cambios clim\u00e1ticos castigan por igual a  pa\u00edses ricos y pobres; los efectos sobre estos \u00faltimos se hacen mas notorios al  desnudar la pobreza que caracterizan sus asentamientos humanos y al estar menos  preparados para encarar presupuestariamente las calamidades desnudadas.<br \/>&#13;<br \/>\n  <br \/>&#13;<br \/>\n  El informe que comentamos evidencia el  contraste entre naciones emisoras, predominante ricas y las naciones afectadas,  la mayor\u00eda pobres.\u00a0 El cuadro 24 nos  revela que el 57.3 % de las emisiones de di\u00f3xido de carbono provienen de  naciones calificadas como de alto desarrollo mientras los pa\u00edses de desarrollo  humano bajo no llegan ni al 1% de las emisiones. Am\u00e9rica Latina y el Caribe no  llegan a generar el 5% de las emisiones totales del mundo y Rep\u00fablica  Dominicana no llega al uno por mil. Sin embargo, las calamidades sufridas por la Tormenta Noel, generada en  nuestras narices, rompiendo los patrones tradicionales de formaci\u00f3n de  tormentas precisamente por el cambio clim\u00e1tico, afect\u00f3 sustancialmente nuestra  vida econ\u00f3mica y social.<br \/>&#13;<br \/>\n  <br \/>&#13;<br \/>\n  El 59.4 % de las emisiones proviene de 8  pa\u00edses los cuales tienen una participaci\u00f3n en la emisi\u00f3n de di\u00f3xido de carbono superior  al 2% con relaci\u00f3n al total emitido el globo terr\u00e1queo: Ordenados conforme su  nivel de emisiones per capita, ofrecen el siguiente resultado: <\/p>\n<p>&#13;<\/p>\n<p align=\"justify\" class=\"text1noticias\">En t\u00e9rminos de emisiones totales, dos  pa\u00edses \u2013 EEUU y China &#8211; aportan el 38.2%. Dicho sea de paso, la prensa de ayer  informa la renuencia de \u00a0ambos a reducir  emisiones. Cinco naciones que forman  parte del llamado G7 + Rusia, conformando las potencias dominantes del mundo de  hoy, emiten el 37.5% de las emisiones totales<br \/>&#13;<br \/>\n  <br \/>&#13;<br \/>\n  <strong>En resumen,  8 naciones \u00a0emiten casi el 60% del  di\u00f3xido de carbono que est\u00e1 cambiando el clima \u00a0afectando las 169 naciones restantes.<\/strong><br \/>&#13;<br \/>\n  <br \/>&#13;<br \/>\n  Estamos frente a una nueva manifestaci\u00f3n de  la brecha de desigualdades entre naciones pobres y ricas que empa\u00f1a la justicia  social internacional, mas que justificando as\u00ed la participaci\u00f3n de Naciones Unidas en este tema. <br \/>&#13;<br \/>\n  <br \/>&#13;<br \/>\n  Y es que el pre\u00e1mbulo de su Carta constitutiva  consta de las siguientes expresiones:\u00a0 <br \/>&#13;<br \/>\n  <br \/>&#13;<br \/>\n  \u201creafirma  la fe\u2026 en la igualdad de derechos \u2026.de las naciones grandes y peque\u00f1as\u201d,\u00a0 igualdad que no se escenifica en la  relaci\u00f3n<br \/>&#13;<br \/>\n  <br \/>&#13;<br \/>\n\u2026..proclama  el respeto a las obligaciones emanadas de los tratados y de otras fuentes del  derecho internacional, (pensamos en las obligaciones incumplidas de la Cumbre de la Tierra y del Protocolo de  Kyoto)<br \/>&#13;<br \/>\n  <br \/>&#13;<br \/>\n  .. \u2026.postula  el progreso social y a elevar el nivel de vida\u2026\u201d (progreso y nivel degradado  por el cambio clim\u00e1tico y la exposici\u00f3n a tempestades y cat\u00e1strofes)<br \/>&#13;<br \/>\n  <br \/>&#13;<br \/>\n\u2026\u2026 llama\u2026  a emplear un mecanismo internacional para promover el progreso econ\u00f3mico y  social de todos los pueblos, <br \/>&#13;<br \/>\n    <br \/>&#13;<br \/>\n  Y entre sus Prop\u00f3sitos, la carta de la ONU proclama el: \u00a0<br \/>&#13;<br \/>\n  <br \/>&#13;<br \/>\n    1.  Mantener \u2026la seguridad internacional, No puede hablarse de seguridad frente a la  agresi\u00f3n que estamos siendo objeto por v\u00eda de las emisiones de gases.<br \/> &#13;<br \/>\n  <br \/>&#13;<br \/>\n  2.  Fomentar entre las naciones relaciones\u2026 basadas en el respeto al principio de  la igualdad de derecho: un respeto e igualdad\u00a0  contradichos por la realidad dibujada por las cifras del Informe.<br \/> &#13;<br \/>\n  <br \/>&#13;<br \/>\n  3. \u2026  cooperar \u2026 en la soluci\u00f3n de problemas internacionales y en el desarrollo y  est\u00edmulo del respeto a los derechos humanos (\u2026pienso en los problemas causados  por los fen\u00f3menos atmosf\u00e9ricos que agrava, en lugar de solucionar, los  problemas)<br \/>&#13;<br \/>\n  <br \/>&#13;<br \/>\n  4.  Servir de centro que armonice los esfuerzos de las naciones por alcanzar .\u2026 prop\u00f3sitos  comunes. <br \/>&#13;<br \/>\n    <br \/>&#13;<br \/>\n  Por eso no pudo ser mas oportuno y  pertinente la escogencia por parte del PNUD \u2013ONU de este tema.<br \/>&#13;<br \/>\n  <br \/>&#13;<br \/>\n  Y urgente e impostergable; teniendo en  cuenta que el crecimiento voraginoso, exponencial, de las emisiones de carbono  es una variable dependiente de una poblaci\u00f3n que no acabamos de controlar, de  un crecimiento econ\u00f3mico imposible de detener para que mas personas vivan  mejor, de una industria energ\u00e9tica y automotriz que sigue movi\u00e9ndose en funci\u00f3n  de intereses particulares y no colectivos, de un liderazgo incapaz y temeroso  de abordar desaf\u00edos, de sumisi\u00f3n del poder\u00edo f\u00e1ctico alejado de la conciencia y  de la holgazaner\u00eda\u00a0 cultural que ambos  imponen a nuestros pueblos y a nuestros dirigentes.<br \/>&#13;<br \/>\n  <br \/>&#13;<br \/>\n  El Informe nos dibuja un cuadro pat\u00e9tico  que impone actuar con urgencia. De seguir con el nivel actual de emisiones de  carbonos en el aire estimado al presente en 550 ppm, se estima que a fin de  siglo la temperatura promedio mundial habr\u00eda llegado al umbral de un incremento  de los 5 grados C; estimado conservador si tenemos en cuenta que en los \u00faltimos  50 a\u00f1os la temperatura ha aumentado 1.5 grados y aumentar\u00e1 el doble en los  pr\u00f3ximos 20.<br \/>&#13;<br \/>\n  <br \/>&#13;<br \/>\n\u00a1Cuantos glaciares se derretir\u00e1n,  provocando maremotos, inundaciones de ciudades y cambios de temperaturas en las  corrientes marinas, y de ah\u00ed, tempestades y cambios de temperaturas! \u00a1Cuantas  ciudades hoy protegidas de plagas e insectos quedar\u00e1n expuestas! \u00a1Cuantas furias  huracanadas azotaran hasta desnudar nuestra miseria e indigencia!<br \/>&#13;<br \/>\n<br \/>&#13;<br \/>\nY como afectar\u00e1 la vida. Por que si  seguimos como vamos en 30 o 40 a\u00f1os habr\u00e1 desaparecido el polo norte, hoy  descongel\u00e1ndose. \u00bf Donde pondremos a trabajar ese se\u00f1or barrig\u00f3n que se llama Santa?  \u00bfQu\u00e9 le diremos a nuestros ni\u00f1os?<br \/>&#13;<br \/>\n<br \/>&#13;<br \/>\nSi el deshielo y las inundaciones  descargados en el mar hacen reducir la salinidad de \u00e9ste y afecta, junto a la  explotaci\u00f3n irracional, la vida marina hasta el punto que algunos han pronosticado  que para el 2048 la vida marina se habr\u00e1 extinguido \u00bfQu\u00e9 comeremos los  permanente aspirantes al vegetarianismo mas tenue?<br \/>&#13;<br \/>\n<br \/>&#13;<br \/>\nCuan acertada es la perspectiva general del  Informe, citando a Martin Luther King, \u201cel futuro ya est\u00e1 aqu\u00ed\u201d. <br \/>&#13;<br \/>\n<br \/>&#13;<br \/>\nPuedo dar testimonio que el futuro ya est\u00e1  aqu\u00ed. En el a\u00f1o 1976 y en ocasi\u00f3n del decimoquinto aniversario de la fundaci\u00f3n  del Partido Revolucionario Social Cristiano, fui invitado a dictar\u00a0 una conferencia celebrada en el Hotel  Embajador conmemorativa de este acontecimiento. A manera de versos advert\u00eda a  los interlocutores de entonces que:\u00a0\u00a0 <br \/>&#13;<br \/>\n<br \/>&#13;<br \/>\n  Jarabacoa ya no tiene pinares<br \/>&#13;<br \/>\n  Nuestra muchachada ya no tiene donde marotear<br \/>&#13;<br \/>\n  Nuestros r\u00edos son arroyos y nuestros arroyos ca\u00f1adas<br \/>&#13;<br \/>\n  Nuestras playas arrasan petr\u00f3leo<br \/>&#13;<br \/>\n  <br \/>&#13;<br \/>\n  Hace ahora 30 a\u00f1os que musitaba esas  reflexiones. En aquella conferencia ten\u00eda 14 a\u00f1os que hab\u00eda regresado de cursar  mi maestr\u00eda en Planificaci\u00f3n donde recib\u00ed las primeras brisas ambientalistas.  <br \/>&#13;<br \/>\n  <br \/>&#13;<br \/>\n  Para aquellos tiempos, lamentablemente no se efectuaban mediciones sobre la  contaminaci\u00f3n por lo que no es posible demostrar con datos lla depredaci\u00f3n que  hemos sufrido hasta la fecha. <br \/>&#13;<br \/>\n  <br \/>&#13;<br \/>\n  Afortunadamente hoy ya se miden. Ya sabemos  que en tambi\u00e9n 14 a\u00f1os, de 1990 al 2004, los dominicanos hemos casi duplicado  el nivel de emisi\u00f3n de di\u00f3xido de carbono, a un ritmo de 7.5% anual, casi 4  veces el crecimiento de la poblaci\u00f3n y casi el doble del crecimiento econ\u00f3mico. <br \/>&#13;<br \/>\n  <br \/>&#13;<br \/>\n  El Informe estima que en nuestro pa\u00eds la  intensidad de la contaminaci\u00f3n por efecto de la energ\u00eda creci\u00f3 un 11%, es decir  casi un 50% por encima del crecimiento de las emisiones, lo que refleja un  nivel ineficiente, desde el punto de vista de la contaminaci\u00f3n en el sistema de  generaci\u00f3n el\u00e9ctrica. <br \/>&#13;<br \/>\n  <br \/>&#13;<br \/>\n  Nada extra\u00f1o habida cuenta el deficiente sistema y parque  energ\u00e9tico que disponemos, las tantas plantas de emergencia y el caro y  desordenado sistema de transporte. <br \/>&#13;<br \/>\n  <br \/>&#13;<br \/>\n  El Informe  atribuye, adem\u00e1s, la intensidad de las emisiones de carbono, a un ritmo de  crecimiento de 6.5% atribuido al desarrollo econ\u00f3mico &#8211; mas elevado que el  crecimiento del PBI promedio estimado en 4% pero mas bajo que la expansi\u00f3n  total de las emisiones &#8211; lo cual permite inferir que no ha sido por las  econom\u00eda que nuestras emisiones han aumentado.<\/p>\n<p>&#13;<\/p>\n<p align=\"justify\" class=\"text1noticias\">Y estima una  acumulaci\u00f3n de biomasa forestal de 82 millones de toneladas de carbono, reflejo  de un insuficiente nivel de forestaci\u00f3n asimilador de contaminantes.<\/p>\n<p>&#13;<\/p>\n<p align=\"justify\" class=\"text1noticias\">Concluyo  precisamente con \u00e9ste tema, recordando lo que de seguro me permitir\u00e1n dado mi identificaci\u00f3n  con los gobiernos reformistas, medidas ambientales tomadas, con la intenci\u00f3n  que sean retomadas sus prioridades en funci\u00f3n de las amenazas presentes del  cambio clim\u00e1tico. Mas \u00e1rboles con mayor capacidad de inhalar el carbono  expelido por los contaminadores para lo cual se necesita volver a cerrar  aserraderos y promover explotaciones forestales con obligaciones de reparar.  Proteger cuencas hidrogr\u00e1ficas, incluidas las presas y proteger los cauces de  la extracci\u00f3n de agregados. Defender los cinturones verdes instituidos,\u00a0 respetar los espacios verdes de las  urbanizaciones. Cumplir la ley de medio ambiente propuesta en nuestras administraciones,  precedidas de disposiciones adoptadas mediante decretos transitorios.<\/p>\n<p>&#13;<\/p>\n<h3 align=\"justify\" class=\"text1noticias\">El art. 25 de la declaraci\u00f3n universal de los Derechos Humanos cuya fecha  conmemorativa celebramos precisamente hoy con el lanzamiento del Informe  comentado, establece que \u201ctoda persona tiene derecho a un nivel de vida  adecuado que le asegure, as\u00ed como a su familia\u2026.. medios de subsistencia por  circunstancias independientes de su voluntad\u201d.<\/h3>\n<p>&#13;<\/p>\n<p align=\"justify\" class=\"text1noticias\">El calentamiento  global es, especialmente para las personas y familias de las naciones de menor  desarrollo, una causa independiente de su voluntad que impide la satisfacci\u00f3n  de los derechos que hoy recordamos; lo que exige la solidaridad que postula el  Informe, pero indefectiblemente precedida de una lucha por alcanzar la justicia  social internacional derivada de la   Carta de las Naciones Unidas.<\/p>\n<p>&#13;<\/p>\n<p align=\"justify\" class=\"text1noticias\">Gracias al PNUD  dominicano por brindarme el honor de comentar este informe. Gracias a la  oficina principal del PNUD por escoger este tema para seguir sembrando conciencia  sobre el mismo, para ayudarnos a vivir mejor. <\/p>\n<p>&#13;<\/p>\n<p align=\"justify\" class=\"text1noticias\">O simplemente a  vivir. <\/p>\n<p>&#13;<\/p>\n<p align=\"justify\" class=\"text1noticias\">A nosotros y a  nuestra descendencia, a los hijos de los hijos hasta las futuras generaciones.<\/p>\n<p>&#13;<\/p>\n<p align=\"justify\" class=\"text1noticias\">Muchas gracias <\/p>\n<p>&#13;<\/p>\n<h6> 2007-12-12 16:01:44 <\/h6>\n<p><!--\n<link rel=\"stylesheet\" href=\"css\/bootstrap.min.css\">\n\n\n<ul class=\"pagination\">\n\t    \n\t\n\n<li >\n\t<a href='?page_no=12481'>Previous<\/a>\n\t<\/li>\n\n\n       \n    \n\n<li><a href='?page_no=1'>1<\/a><\/li>\n\n\n\n<li><a href='?page_no=2'>2<\/a><\/li>\n\n\n\n<li><a>...<\/a><\/li>\n\n\n\n<li><a href='?page_no=12480'>12480<\/a><\/li>\n\n\n\n<li><a href='?page_no=12481'>12481<\/a><\/li>\n\n\n\n<li class='active'><a>12482<\/a><\/li>\n\n\n\n<li><a href='?page_no=12483'>12483<\/a><\/li>\n\n\n\n<li><a href='?page_no=12484'>12484<\/a><\/li>\n\n\n\n<li><a>...<\/a><\/li>\n\n\n\n<li><a href='?page_no=13611'>13611<\/a><\/li>\n\n\n\n<li><a href='?page_no=13612'>13612<\/a><\/li>\n\n    \n\t\n\n<li >\n\t<a href='?page_no=12483'>Next<\/a>\n\t<\/li>\n\n\n    \n\n<li><a href='?page_no=13612'>Last &rsaquo;&rsaquo;<\/a><\/li>\n\n<\/ul>\n\n\n--><br \/>\n<\/body><\/p>\n","protected":false},"excerpt":{"rendered":"<p>Palabras de presentaci\u00f3n del IDH &#13; Por Guillermo Caram &#13; Como dominicano, naci\u00f3n signataria de la Carta de las Naciones Unidas, aquel lejano Junio de 1945 en el lejano San Francisco, esa especie de constituci\u00f3n mundial que nos permiti\u00f3 insertarnos en la comunidad internacional constituida desde ese a\u00f1o; como aspirante a ser solidario y contributivo [&hellip;]<\/p>\n","protected":false},"author":3,"featured_media":0,"comment_status":"open","ping_status":"open","sticky":false,"template":"","format":"standard","meta":{"footnotes":""},"categories":[16],"tags":[],"class_list":["post-36639","post","type-post","status-publish","format-standard","hentry","category-opiniones"],"_links":{"self":[{"href":"https:\/\/diariodominicano.com\/index.php?rest_route=\/wp\/v2\/posts\/36639","targetHints":{"allow":["GET"]}}],"collection":[{"href":"https:\/\/diariodominicano.com\/index.php?rest_route=\/wp\/v2\/posts"}],"about":[{"href":"https:\/\/diariodominicano.com\/index.php?rest_route=\/wp\/v2\/types\/post"}],"author":[{"embeddable":true,"href":"https:\/\/diariodominicano.com\/index.php?rest_route=\/wp\/v2\/users\/3"}],"replies":[{"embeddable":true,"href":"https:\/\/diariodominicano.com\/index.php?rest_route=%2Fwp%2Fv2%2Fcomments&post=36639"}],"version-history":[{"count":0,"href":"https:\/\/diariodominicano.com\/index.php?rest_route=\/wp\/v2\/posts\/36639\/revisions"}],"wp:attachment":[{"href":"https:\/\/diariodominicano.com\/index.php?rest_route=%2Fwp%2Fv2%2Fmedia&parent=36639"}],"wp:term":[{"taxonomy":"category","embeddable":true,"href":"https:\/\/diariodominicano.com\/index.php?rest_route=%2Fwp%2Fv2%2Fcategories&post=36639"},{"taxonomy":"post_tag","embeddable":true,"href":"https:\/\/diariodominicano.com\/index.php?rest_route=%2Fwp%2Fv2%2Ftags&post=36639"}],"curies":[{"name":"wp","href":"https:\/\/api.w.org\/{rel}","templated":true}]}}