{"id":36635,"date":"2007-12-16T23:03:12","date_gmt":"2007-12-16T23:03:12","guid":{"rendered":"http:\/\/diariodominicano.ddns.net\/?p=36635"},"modified":"2007-12-16T23:03:12","modified_gmt":"2007-12-16T23:03:12","slug":"me-confieso-tambien-insolente-y-desquiciado","status":"publish","type":"post","link":"https:\/\/diariodominicano.com\/?p=36635","title":{"rendered":"Me confieso tambi\u00e9n insolente y desquiciado"},"content":{"rendered":"<p><body><\/p>\n<p align=\"center\" class=\"titulogrande1\"><strong>Me\u00a0confieso tambi\u00e9n \u00a0insolente y desquiciado<\/strong><\/p>\n<p>&#13;<\/p>\n<p align=\"center\"><strong>\u00a0Por <span class=\"textogrande\">Narciso Isa Conde<\/span><\/strong><\/p>\n<p>&#13;<\/p>\n<p align=\"justify\" class=\"text1noticias\">Meses atr\u00e1s me confes\u00e9 \u201csaqueador\u201d cuando la gran prensa estadounidense calificaba de \u201csaqueadores(as)\u201d  a los(as) integrantes de la poblaci\u00f3n negra y pobre de New Orle\u00e1ns, que en  medio de la tragedia social catapultada a la superficie por el hurac\u00e1n Katrina,  penetraban a los grandes supermercados para conseguir alimentos para  sobrevivir.<\/p>\n<p>&#13;<\/p>\n<p align=\"justify\" class=\"text1noticias\">Igual me confes\u00e9 \u201cterrorista\u201d,  identific\u00e1ndome con todas las rebeld\u00edas armadas y no armadas que los halcones  de Washington y los cuerpos represivos a su servicio califican de tal.<\/p>\n<p>&#13;<\/p>\n<p align=\"justify\" class=\"text1noticias\">Ahora me siento en el deber de declararme \u201cinsolente\u201d, \u201csoez\u201d, \u201cestridente\u201d, \u201cindecente\u201d, \u201cdesquiciado\u201d, \u201ctraumatizado\u201d  y muchas cosas m\u00e1s, por haber reaccionado como lo hice frente al penoso y  lamentable paso dado por ciertos camaradas de izquierda, que le permiti\u00f3 al ex  -jefe de la Polic\u00eda Nacional  (general retirado de \u201chorca y cuchilla\u201d, asesino, torturador y corrupto), presentarse  como un interlocutor v\u00e1lido \u201cde las izquierdas\u201d y posible componente de \u201cuna  alianza electoral progresista\u201d; y por haber exhibido igual conducta a todo lo  largo de mi vida frente a los representantes del crimen, la corrupci\u00f3n, el tr\u00e1fico  de influencia, la estafa pol\u00edtica, la simulaci\u00f3n, la hipocres\u00eda, los abusos, la  explotaci\u00f3n, la depredaci\u00f3n, el saqueo y la opresi\u00f3n de todo tipo (de clase,  racial, de g\u00e9nero, generacional\u2026)<\/p>\n<p>&#13;<\/p>\n<p align=\"justify\" class=\"text1noticias\">Me confieso todas esas cosas y tambi\u00e9n \u201cterrorista de la palabra\u201d, y asumo con  gusto muchos otros calificativos despectivos por alzar la voz, condenar,  denunciar, enfrentar, no conciliar y no contemporizar; luchar, protestar,  rebelarme, participar en todas las jornadas heroicas de nuestro pueblo y  respaldar todas las causas justas, aqu\u00ed, en nuestra Am\u00e9rica y el mundo.<\/p>\n<p>&#13;<\/p>\n<p align=\"justify\" class=\"text1noticias\">Orgullo irrenunciable<\/p>\n<p>&#13;<\/p>\n<p align=\"justify\" class=\"text1noticias\">Me llena de orgullo que antes, ahora, todav\u00eda y  siempre pueda contar con sentimientos, energ\u00edas y convicciones que generen en  mi interior repulsi\u00f3n y asco respecto a los m\u00e1s destacados personeros de la  partidocracia corrompida, del generalato criminal, de los consorcios  saqueadores, de los exponentes del racismo y del machismo, de los explotadores  impenitentes e inescrupulosos\u2026<\/p>\n<p>&#13;<\/p>\n<p align=\"justify\" class=\"text1noticias\">No puedo dejar de ser \u201cinsolente\u201d frente a los ladrones de cuello blanco, ni dejar de ser \u201csoez\u201d frente frente a George Bush o  Hans Hertell.<\/p>\n<p>&#13;<\/p>\n<p align=\"justify\" class=\"text1noticias\">Me resulta imposible no ser \u201cterrorista verbal\u201d frente a los terroristas de Estado. Y me siento  insatisfecho por no poder ser en esta circunstancia algo m\u00e1s que \u201cterrorista verbal\u201d.<\/p>\n<p>&#13;<\/p>\n<p align=\"justify\" class=\"text1noticias\">Es totalmente ajeno a mi naturaleza toda postura \u201ccort\u00e9s\u201d  y \u201ccivilizada\u201d respecto a los asesinos de las Hermanas. Mirabal, de Manolo Tav\u00e1rez,  de los H\u00e9roes de Junio de 1959; a los genocidas de Abril del 65 (por eso nunca  pude tragar la alianza con Wessin y Wessin), a los ejecutores de Orlando Mart\u00ednez,  Am\u00edn Abel, Sagrario D\u00edaz, Narciso Gonz\u00e1lez, Caama\u00f1o\u2026 a los jefes de las  \u201ccirug\u00edas policiales\u201d y de las \u201cejecuciones extrajudiciales\u201d recientes.<\/p>\n<p>&#13;<\/p>\n<p align=\"justify\" class=\"text1noticias\">Soy un soberbio \u201cindecente\u201d  frente a los beneficiarios de la corrupci\u00f3n de Estado de todas las  administraciones inmorales que hemos padecido.<\/p>\n<p>&#13;<\/p>\n<p align=\"justify\" class=\"text1noticias\">Nunca he podido tratar sin \u201cestridencia\u201d la expoliaci\u00f3n de la Alcoa, la Falcombridge, la Rosario Resource,  la Sun Land,  el City Bank, la Nebraska,  la Shell,  Codetel-Verizon-Claro y otros pulpos imperiales.<\/p>\n<p>&#13;<\/p>\n<p align=\"justify\" class=\"text1noticias\">Jam\u00e1s he podido darle la mano o sonre\u00edrle a militares  asesinos y\/o corruptos como Enrique P\u00e9rez y P\u00e9rez, Milo Jim\u00e9nez, Cruz Brea,  Chinino Lluberes Mont\u00e1s, Pou Castro, Ba\u00e9z Marinez, Moncho Henr\u00edquez (El  Coyote), Paulino Reyes de Le\u00f3n, Arzeno Regalado, Neit Tejeda \u00c1lvarez, Neit  Nivar, Candelier, Rojas Tabar\u2026Las contradicciones entre ellos, cuando se  produjeron (caso P\u00e9rez y P\u00e9rez y Nivar Seijas), la tratamos sin hacerle el  juego a ninguno. Frente a ellos he preferido aferrarme a la \u201cinsolencia\u201d,  tratando en cada caso su corrupci\u00f3n y\/o sus cr\u00edmenes por su nombre y sus  caracter\u00edsticas dominantes, ya sea desde la c\u00e1rcel, la clandestinidad o la  libertad.<\/p>\n<p>&#13;<\/p>\n<p align=\"justify\" class=\"text1noticias\">Soy definitivamente \u201cindecente\u201d frente a los beneficiarios de las estafas del PEME, del  Plan Renove y de las diversas corruptelas que ha acompa\u00f1ado las apropiaciones  del patrimonio p\u00fablico y las riquezas naturales del pa\u00eds.<\/p>\n<p>&#13;<\/p>\n<p align=\"justify\" class=\"text1noticias\">Me provocan repulsi\u00f3n los socios de Quirino en los  gobiernos del PRD y el PLD, los lumpen- pol\u00edticos tipo Aristy Castro, las  alcanc\u00edas de Leonel (Feliz Bautista, Diandino Pe\u00f1a\u2026) y la pandilla que acompa\u00f1\u00f3  a Hip\u00f3lito.<\/p>\n<p>&#13;<\/p>\n<p align=\"justify\" class=\"text1noticias\">Soy uno de los  principales redactores y editores de los libros \u201cConfesiones Amordazadas\u201d y \u201cM\u00e1s  Confesiones Amordazadas\u201d (sobre narco-pol\u00edtica y narco-poder en el pa\u00eds) y \u201cLas Entra\u00f1as de un Poder Gansterizado\u201d (sobre la quiebra fraudulenta de Baninter y otras estafas bancarias).\u00a1  Muestras de mis \u201cestridencias\u201d, \u201cinsolencias\u201d e \u201cindecencias\u201d!.<\/p>\n<p>&#13;<\/p>\n<p align=\"justify\" class=\"text1noticias\">No tengo el menor respeto por los gobernantes  neoliberales y corruptos, ni por los gobernadores de colonia.<\/p>\n<p>&#13;<\/p>\n<p align=\"justify\" class=\"text1noticias\">Tampoco por los renegados y traidores procedentes de  la izquierda arrepentida y no me averg\u00fcenza convertirme en \u201cinsolente\u201d frente a ellos(as) cuando es preciso y necesario  hacerlo.<\/p>\n<p>&#13;<\/p>\n<p align=\"justify\" class=\"text1noticias\">Trato de tirar bien al blanco<\/p>\n<p>&#13;<\/p>\n<p align=\"justify\" class=\"text1noticias\">A nadie que entienda equivocado, pero de izquierda, he  ofendido personalmente, aunque si lo he rebatido pol\u00edticamente. Ni siquiera a  los que todav\u00eda no han podido explicar coherente y convincente los motivos para  reunirse con Candelier y permitir que \u00e9ste los utilizara, evadiendo todav\u00eda decirle  ladr\u00f3n y asesino.<\/p>\n<p>&#13;<\/p>\n<p align=\"justify\" class=\"text1noticias\">Como en el caso Candelier, podr\u00eda sentir repulsi\u00f3n ante  hechos parecidos por los interlocutores escogidos y la actitud asumida frente a  ellos, pero no respecto a los camaradas que han errado. De ellos me diferencio  sin enlodarlos. Y si algo de lodo les ha salpicado, es el que viene de  Candelier y de los sectores de derecha a quienes le facilitan el juego.<\/p>\n<p>&#13;<\/p>\n<p align=\"justify\" class=\"text1noticias\">Con Balaguer hube de reunirme personalmente una sola  vez: en 1987 cuando lo emplac\u00e9 (con todos los datos a mano) una trama criminal  en mi contra y conclu\u00ed develando su protecci\u00f3n a los conjurados.<\/p>\n<p>&#13;<\/p>\n<p align=\"justify\" class=\"text1noticias\">A Orlando lo acusaron tanto como a m\u00ed de  \u201cbalaguerista\u201d por la posici\u00f3n de principio que asumimos frente a las leyes  agrarias (todav\u00eda inaplicadas) y termin\u00f3 siendo asesinado por lo peor del  balaguerismo con luz verde de Balaguer.<\/p>\n<p>&#13;<\/p>\n<p align=\"justify\" class=\"text1noticias\">No pocos familiares muy queridos del coronel Caama\u00f1o y  compa\u00f1eros de lucha de nuestro h\u00e9roe nacional saben de mi conducta  irreprochable en 1965, en las conversaciones con \u00e9l cuando se encontraba en  Cuba y respecto a la expedici\u00f3n de Playa Caracoles. Y de su parte solo he  recibido cari\u00f1o, respeto y reconocimiento por mis actitudes, mi sinceridad y mi  apego a la \u00e9tica revolucionaria.<\/p>\n<p>&#13;<\/p>\n<p align=\"justify\" class=\"text1noticias\">En cuanto a posiciones internacionales, principios de  solidaridad, enfoques sobre otros procesos y cambios revolucionarios en otros  pa\u00edses hermanos, aprend\u00ed desde el inicio de mi vida pol\u00edtica a pensar con  cabeza propia y a ejercer la solidaridad sin l\u00edmites ego\u00edstas, pero tambien sin  seguidismos e incondicionalidades. Y esto es v\u00e1lido para la heroica revoluci\u00f3n  cubana y tambien para la venezolana, como lo fue en otros casos.<\/p>\n<p>&#13;<\/p>\n<p align=\"justify\" class=\"text1noticias\">Frente a todo eso se estrella y hace a\u00f1icos el vano  intento de enlodarme y descalificarme, en lugar de enfilar los ca\u00f1ones contra  Candelier y las mafias policiales y pol\u00edticas. Lo que he dicho respecto a la  reuni\u00f3n con Candelier se queda muy corto frente a lo que dicen los dominicanos(as)  sensibles, honestos(as) y simpatizantes de las ideas avanzadas. <\/p>\n<p>&#13;<\/p>\n<p align=\"justify\" class=\"text1noticias\">La reacci\u00f3n en mi contra de uno de los auto-afectados  no es m\u00e1s que una forma de intentar evadir su propia culpa, sectarizar a los  suyos y esconder la cabeza frente a la opini\u00f3n del pueblo, mientras le promete  al Secretario General del PLD y presidente del Senado poner al servicio del  Estado y del gobierno la militancia y los esfuerzos solidarios con los  damnificados de Noel y Olga; algo que\u00a0  recientemente las izquierdas (y el mismo) consider\u00f3 inapropiado y  decidi\u00f3 hacer sin subordinaciones y por cuenta propia, dadas las  responsabilidad del gobierno pelede\u00edsta en esta tragedia social y en la  corrupci\u00f3n y el clientelismo que acompa\u00f1a sus ejecutorias al respecto<\/p>\n<p>&#13;<\/p>\n<p align=\"justify\" class=\"text1noticias\">El da\u00f1o no se lo hecho yo con mis declaraciones sobre  su encuentro con Candelier. El da\u00f1o se lo hizo a s\u00ed mismos quien ahora  ilusoriamente aspira a liberarse de su grave error atac\u00e1ndome en forma  asquerosa.<\/p>\n<p>&#13;<\/p>\n<p align=\"justify\" class=\"text1noticias\">Circunstancias as\u00ed las he vivido \u201cpoi pip\u00e1\u201d y tengo  suficiente coraza para echar esos ataques al basurero sin inmutarme y sin  guardar rencor.<\/p>\n<p>&#13;<\/p>\n<p align=\"justify\" class=\"text1noticias\">Quienes proceden de esa manera carecen de toda  autoridad para juzgar trayectorias y formular condenas, menos aun respecto a  viejas acusaciones desmentidas por la vida.<\/p>\n<p>&#13;<\/p>\n<p align=\"justify\" class=\"text1noticias\">No es tiempo todav\u00eda ni siquiera para concluir. Mucha  agua habr\u00e1 de correr todav\u00eda debajo del puente.<\/p>\n<p>&#13;<\/p>\n<p align=\"justify\" class=\"text1noticias\">Pero adem\u00e1s, mis \u201clocuras\u201d, \u201cindecencias\u201d e \u201cinsolencias\u201d\u2026  la debe juzgar el pueblo-pueblo y nadie m\u00e1s.<\/p>\n<p>&#13;<\/p>\n<p align=\"justify\" class=\"text1noticias\">Por el momento no solo siento la satisfacci\u00f3n del  deber cumplido, en un camino lleno de escollos, de sinsabores y alegr\u00edas, de  aciertos y errores; sino adem\u00e1s, las expresiones de afecto y respeto de mi  pueblo y de amplios sectores del movimiento revolucionario nacional e  internacional. \u00a1Ni hablar de mis familiares queridos!<\/p>\n<p>&#13;<\/p>\n<p align=\"justify\" class=\"text1noticias\">Paso a paso, dolor a dolor, alegr\u00eda tras alegr\u00eda, es eso  lo que hasta ahora en gran medida \u00a0me ha  llegado de las clases, sectores populares, personas, organizaciones y seres  queridos a los cuales le he dedicado mi vida; sin aspirar nunca a homenajes  fatuos, superficiales o hip\u00f3critas.<\/p>\n<p>&#13;<\/p>\n<p align=\"justify\" class=\"text1noticias\">De eso tengo infinitas demostraciones, expresiones y  pruebas.<\/p>\n<p>&#13;<\/p>\n<p align=\"justify\" class=\"text1noticias\">Ciertos individuos pueden ser hip\u00f3critas y hasta  simular por a\u00f1os aprecios que no sienten, pero tantos personas no, mucho menos  cuando se trata de diferentes colectividades. A ellos(as) no me ha pasado por  la mente fallarles, ni ahora ni nunca jam\u00e1s.<\/p>\n<p>&#13;<\/p>\n<p align=\"justify\" class=\"text1noticias\">Pena y conmiseraci\u00f3n me dan por el contrario ciertas  hipocres\u00edas del pasado ahora develadas por estas reacciones descompuestas,  desconocedoras de esa realidad. Solo eso: pena y conmiseraci\u00f3n.<\/p>\n<p>&#13;<\/p>\n<p align=\"justify\" class=\"text1noticias\">Porque mi impenitente \u201cinsolencia\u201d, mi irrenunciable \u201cindecencia\u201d,  mi eterno \u201cdesquiciamiento\u201d, mi \u201ctrauma\u201d de vida, siempre los he reservado para  combatir a la clase dominante-gobernante y a sus peores representantes.<\/p>\n<p>&#13;<\/p>\n<p align=\"justify\" class=\"text1noticias\">Y por eso aspiro siempre a que los influjos de los  esp\u00edritus rebeldes del Che, Orlando, Francis Caama\u00f1o, Fern\u00e1ndez Dom\u00ednguez,  Minerva, Manolo, Am\u00edn y tantos otros(as)\u2026, a quienes tanto admir\u00e9 y admiro, me  mantengan lo suficientemente \u201cdesquiciado\u201d, \u201ctraumatizado\u201d y \u201cloco\u201d de remate  para poder seguir siendo m\u00e1s \u201cinsolente\u201d, m\u00e1s \u201csoez\u201d, \u201cestridente\u201d, \u201cindecente\u201d  y \u201cterrorista\u201d\u2026 hasta que me llamen a hacerles compa\u00f1\u00eda en aquellos espacios  siderales convertidos en su nueva morada.<\/p>\n<p>&#13;<\/p>\n<p align=\"justify\" class=\"text1noticias\">Ciertamente que a todo lo largo de la trayectoria  revolucionaria emprendida desde mi adolescencia he debido cometer no pocos  errores y excesos, pero en ning\u00fan caso he violado las normas \u00e9ticas y morales  relacionadas con la militancia antiimperialista, socialista, comunista, que he  abrazado para siempre.<\/p>\n<p>&#13;<\/p>\n<p align=\"justify\" class=\"text1noticias\">Igual, jam\u00e1s he establecido relaciones de amistad y de  alianza con mis hermanos y hermanas de las izquierdas guardando por a\u00f1os en mi  coraz\u00f3n un mont\u00f3n de acusaciones, desprecios y juicios despectivos respectos a  ellos(as), exhibiendo a la vez hacia fuera grandes afectos, aprecios y  valoraciones que no siento. Nunca la hipocres\u00eda o la simulaci\u00f3n han impregnado  mis relaciones de amistad, camarader\u00eda y alianza revolucionaria.<\/p>\n<p>&#13;<\/p>\n<p align=\"justify\" class=\"text1noticias\">Soy incapaz de elogiar lo que no sirve y abrazar lo  que entiendo despreciable o falso, algo muy com\u00fan en los pol\u00edticos del sistema.<\/p>\n<p>&#13;<\/p>\n<p align=\"justify\" class=\"text1noticias\">Quiz\u00e1s por eso, quien as\u00ed ha actuado, al meter la pata  de mala manera, siente la necesidad de considerarme un \u201cinsolente desquiciado\u201d.  Necesita de esa cortina de humo para auto-justificarse \u201c!Cosas veredes, Sancho! Nos ladran, se\u00f1al que cabalgamos&#8230;\u201d<\/p>\n<p>&#13;<\/p>\n<h6> 2007-12-16 23:03:12 <\/h6>\n<p><!--\n<link rel=\"stylesheet\" href=\"css\/bootstrap.min.css\">\n\n\n<ul class=\"pagination\">\n\t    \n\t\n\n<li >\n\t<a href='?page_no=12478'>Previous<\/a>\n\t<\/li>\n\n\n       \n    \n\n<li><a href='?page_no=1'>1<\/a><\/li>\n\n\n\n<li><a href='?page_no=2'>2<\/a><\/li>\n\n\n\n<li><a>...<\/a><\/li>\n\n\n\n<li><a href='?page_no=12477'>12477<\/a><\/li>\n\n\n\n<li><a href='?page_no=12478'>12478<\/a><\/li>\n\n\n\n<li class='active'><a>12479<\/a><\/li>\n\n\n\n<li><a href='?page_no=12480'>12480<\/a><\/li>\n\n\n\n<li><a href='?page_no=12481'>12481<\/a><\/li>\n\n\n\n<li><a>...<\/a><\/li>\n\n\n\n<li><a href='?page_no=13611'>13611<\/a><\/li>\n\n\n\n<li><a href='?page_no=13612'>13612<\/a><\/li>\n\n    \n\t\n\n<li >\n\t<a href='?page_no=12480'>Next<\/a>\n\t<\/li>\n\n\n    \n\n<li><a href='?page_no=13612'>Last &rsaquo;&rsaquo;<\/a><\/li>\n\n<\/ul>\n\n\n--><br \/>\n<\/body><\/p>\n","protected":false},"excerpt":{"rendered":"<p>Me\u00a0confieso tambi\u00e9n \u00a0insolente y desquiciado &#13; \u00a0Por Narciso Isa Conde &#13; Meses atr\u00e1s me confes\u00e9 \u201csaqueador\u201d cuando la gran prensa estadounidense calificaba de \u201csaqueadores(as)\u201d a los(as) integrantes de la poblaci\u00f3n negra y pobre de New Orle\u00e1ns, que en medio de la tragedia social catapultada a la superficie por el hurac\u00e1n Katrina, penetraban a los grandes [&hellip;]<\/p>\n","protected":false},"author":3,"featured_media":0,"comment_status":"open","ping_status":"open","sticky":false,"template":"","format":"standard","meta":{"footnotes":""},"categories":[16],"tags":[],"class_list":["post-36635","post","type-post","status-publish","format-standard","hentry","category-opiniones"],"_links":{"self":[{"href":"https:\/\/diariodominicano.com\/index.php?rest_route=\/wp\/v2\/posts\/36635","targetHints":{"allow":["GET"]}}],"collection":[{"href":"https:\/\/diariodominicano.com\/index.php?rest_route=\/wp\/v2\/posts"}],"about":[{"href":"https:\/\/diariodominicano.com\/index.php?rest_route=\/wp\/v2\/types\/post"}],"author":[{"embeddable":true,"href":"https:\/\/diariodominicano.com\/index.php?rest_route=\/wp\/v2\/users\/3"}],"replies":[{"embeddable":true,"href":"https:\/\/diariodominicano.com\/index.php?rest_route=%2Fwp%2Fv2%2Fcomments&post=36635"}],"version-history":[{"count":0,"href":"https:\/\/diariodominicano.com\/index.php?rest_route=\/wp\/v2\/posts\/36635\/revisions"}],"wp:attachment":[{"href":"https:\/\/diariodominicano.com\/index.php?rest_route=%2Fwp%2Fv2%2Fmedia&parent=36635"}],"wp:term":[{"taxonomy":"category","embeddable":true,"href":"https:\/\/diariodominicano.com\/index.php?rest_route=%2Fwp%2Fv2%2Fcategories&post=36635"},{"taxonomy":"post_tag","embeddable":true,"href":"https:\/\/diariodominicano.com\/index.php?rest_route=%2Fwp%2Fv2%2Ftags&post=36635"}],"curies":[{"name":"wp","href":"https:\/\/api.w.org\/{rel}","templated":true}]}}