{"id":36634,"date":"2007-12-18T04:12:43","date_gmt":"2007-12-18T04:12:43","guid":{"rendered":"http:\/\/diariodominicano.ddns.net\/?p=36634"},"modified":"2007-12-18T04:12:43","modified_gmt":"2007-12-18T04:12:43","slug":"bolivia-evo-recibe-nueva-constitucion","status":"publish","type":"post","link":"https:\/\/diariodominicano.com\/?p=36634","title":{"rendered":"Bolivia: Evo recibe nueva Constituci\u00f3n"},"content":{"rendered":"<p><body><\/p>\n<p class=\"titulogrande1\"><strong>Bolivia: Evo recibe nueva  Constituci\u00f3n<\/strong><\/p>\n<p>&#13;<\/p>\n<p class=\"textogrande\">Eduardo Tamayo G.<\/p>\n<p>&#13;<\/p>\n<p align=\"justify\" class=\"text1noticias\"><strong>ALAI-AMLATINA, 15\/12\/2007.-<\/strong> Calificando como \u00abun  milagro\u00bb el trabajo de la Asamblea Constituyente,  el presidente boliviano Evo Morales recibi\u00f3 la Carta Magna de manos  de la presidenta de la Asamblea Constituyente, Silvia Lazarte, tras un  multitudinario desfile c\u00edvico-militar.<br \/>&#13;<br \/>\n  <br \/>&#13;<br \/>\n  Entretanto, los grupos olig\u00e1rquicos de cuatro de los nueve  departamentos del pa\u00eds amenazan con declarar las autonom\u00edas de hecho y con  incendiar el pa\u00eds.<\/p>\n<p>&#13;<\/p>\n<p align=\"justify\" class=\"text1noticias\">Ning\u00fan parto transcurre sin dolor. De la misma forma, la nueva Constituci\u00f3n, que recoge importantes avances sociales, pol\u00edticos, econ\u00f3micos y culturales, no nace sin conflictos.<br \/>&#13;<br \/>\n  <br \/> &#13;<br \/>\n  Aprobada el  pasado 9 de diciembre por 165 de los 255 asamble\u00edstas, en la ciudad de Oruro,  la<br \/>&#13;<br \/>\n  nueva Constituci\u00f3n es celebrada por amplios sectores de la  sociedad.<\/p>\n<p>&#13;<\/p>\n<p align=\"justify\" class=\"text1noticias\">A los bolivianos, razones para estar de fiesta no les faltan. Por primera vez, al cabo de hace m\u00e1s de 500 a\u00f1os, la Constituci\u00f3n ha sido escrita \u201cpor quienes han sido despojados de sus terrenos, de sus costumbres y de su cultura\u201d. Pero adem\u00e1s, festejan el hecho de que  el aymara Evo Morales, quien gan\u00f3 en el 2005 con el 53.7% de la  votaci\u00f3n, ha venido cumpliendo sus promesas de campa\u00f1a, como la  nacionalizaci\u00f3n de los recursos naturales, lo que le ha permitido al Estado  aumentar sus ingresos de 170 millones de d\u00f3lares a m\u00e1s de 1200.<\/p>\n<p>&#13;<\/p>\n<p align=\"justify\" class=\"text1noticias\">En lo social, para mencionar solo un caso, se han creado el bono Juancito Pinto que se entrega en efectivo directamente a m\u00e1s de un mill\u00f3n de ni\u00f1os de ciclo b\u00e1sico con el objetivo de evitar su  deserci\u00f3n escolar. En el \u00e1mbito internacional, Bolivia ha adoptado una  pol\u00edtica latinoamericanista de dignidad e independencia que no es bien  vista por Estados Unidos.<\/p>\n<p>&#13;<\/p>\n<p align=\"justify\" class=\"text1noticias\">En materia pol\u00edtica, Evo Morales ha recogido, como uno de los ejes centrales de su gesti\u00f3n, el planteamiento de los movimientos  sociales de convocar una Asamblea Constituyente para refundar Bolivia,  pac\u00edfica y democr\u00e1ticamente, y generar nuevas reglas en la sociedad boliviana  que permitan incluir y garantizar los derechos de los pueblos  ind\u00edgenas, de los mineros, de los trabajadores y del pueblo en general.<\/p>\n<p>&#13;<\/p>\n<p align=\"justify\" class=\"text1noticias\">Luego de que la Asamblea Constituyente fuera aprobada en un  refer\u00e9ndum, se convoc\u00f3 a elecciones generales para integrar la misma, en las  que el Movimiento al Socialismo (MAS) del Presidente Morales obtuvo una  nueva victoria, ganando 164 de los 255 de los representantes constituyentes.<\/p>\n<p>&#13;<\/p>\n<p align=\"justify\" class=\"text1noticias\">El mandato recibido por los asamble\u00edstas elegidos era claro:  elaborar una nueva Constituci\u00f3n, en un plazo determinado, luego de lo cual  deber\u00e1 ser ratificada en una nueva consulta popular.<\/p>\n<p>&#13;<\/p>\n<p align=\"justify\" class=\"text1noticias\">Sin embargo, el proyecto asamble\u00edsta ha sido torpedeado  permanentemente por los partidos de derecha que fueron derrotados en las  elecciones (como PODEMOS, dirigido por el ex presidente Jorge Fernando  Quiroga) y por los prefectos y los comit\u00e9s c\u00edvicos de los departamentos de  Santa Cruz, Beni, Pando, Tarija y Cochabamba. Desde una posici\u00f3n,  marcadamente racista y violenta, han utilizado m\u00e1s que argumentos de fondo,  asuntos de forma y sobre todo acciones desestabilizadoras para oponerse a la decisi\u00f3n  mayoritaria del pueblo boliviano.<\/p>\n<p>&#13;<\/p>\n<p align=\"justify\" class=\"text1noticias\">Durante varios meses, la Asamblea Constituyente  qued\u00f3 paralizada por la acci\u00f3n de la minor\u00eda de derecha que interpretaba a su manera un  articulo del Estatuto de la   Asamblea que dispone que las decisiones deben ser adoptadas por los dos tercios de los asamble\u00edstas, cifra que el  MAS no alcanzaba.<\/p>\n<p>&#13;<\/p>\n<p align=\"justify\" class=\"text1noticias\">Luego vino la disputa por la capitan\u00eda del pa\u00eds entre Sucre y La Paz, una divergencia de car\u00e1cter hist\u00f3rico que fue aprovechada por la  derecha para movilizar a sectores de Sucre, lugar de reuni\u00f3n de la Asamblea, para exigir que a esta ciudad se trasladen los tres poderes del  Estado, provocando enfrentamientos que dejaron tres muertos. Los  asamble\u00edstas fueron cercados, varios sufrieron actos de racismo, sus propias  vidas corr\u00edan peligro. Por motivos de seguridad, la Asamblea se traslad\u00f3 a  una escuela militar de Sucre, donde, el pasado 24 de noviembre, 138 de  los 255 constituyentes aprobaron un proyecto general de Constituci\u00f3n.<\/p>\n<p>&#13;<\/p>\n<p align=\"justify\" class=\"text1noticias\">Cinco d\u00edas antes del 14 de diciembre del 2007, plazo fijado para  que la Asamblea Constituyente culmine su trabajo, el organismo, esta vez reunido en la ciudad de Oruro, aprob\u00f3 la nueva Constituci\u00f3n que  tiene un car\u00e1cter incluyente, reconociendo los derechos de todos los  bolivianos y estableciendo las bases para conformar un Estado plurinacional y pluricultural.<\/p>\n<p>&#13;<\/p>\n<p align=\"justify\" class=\"text1noticias\">La nueva Constituci\u00f3n, para entrar en vigencia, deber\u00e1 ser  sometida a refer\u00e9ndum, junto con un art\u00edculo en el que no hubo acuerdo que se refiere a la extensi\u00f3n de tierra que una persona puede poseer.  Quien no est\u00e9 de acuerdo con la Constituci\u00f3n puede rechazarla en las urnas, como corresponde a un sistema democr\u00e1tico.<\/p>\n<p>&#13;<\/p>\n<p align=\"justify\" class=\"text1noticias\">Pero esto no es lo que piensan los prefectos y los comit\u00e9s de  Santa Cruz, Pando, Beni, Tarija y Cochabamba, quienes han anunciando la declaratoria de autonom\u00edas de facto con la presentaci\u00f3n de su  propio estatuto, lo que, en la pr\u00e1ctica, implica optar por el  separatismo.<\/p>\n<p>&#13;<\/p>\n<p align=\"justify\" class=\"text1noticias\">Tras estas propuestas secesionistas se esconden los intereses de  grupos econ\u00f3micos que pretenden mantener intocada la injusta estructura  de propiedad de la tierra, cuyo ejemplo m\u00e1s revelador es Santa Cruz,  donde 378 familias acaparan m\u00e1s de 20 de las 37 millones de hect\u00e1reas  que tiene el departamento. El tema de la tierra, seg\u00fan la derecha,  debe ser abordado en los respectivos departamentos.<\/p>\n<p>&#13;<\/p>\n<p align=\"justify\" class=\"text1noticias\">As\u00ed mismo, est\u00e1 el inter\u00e9s de controlar la explotaci\u00f3n y comercializaci\u00f3n del gas y el petr\u00f3leo que se extrae de los departamentos mencionados pero que constitucionalmente pertenecen  al Estado boliviano. El articulo 104 del estatuto auton\u00f3mico  elaborado por c\u00edvicos y empresarios de Santa Cruz establece que \u201cEl Gobierno departamental, a trav\u00e9s de su correspondiente Secretar\u00eda  Departamental controlar\u00e1 y fiscalizar\u00e1 la producci\u00f3n de hidrocarburos l\u00edquidos y gaseosos que se realice en el departamento y dar\u00e1 por una correcta aplicaci\u00f3n del pago de las regal\u00edas y de los impuestos\u201d.<\/p>\n<p>&#13;<\/p>\n<p align=\"justify\" class=\"text1noticias\">A la defensa de sus privilegios, las elites bolivianas le han  a\u00f1adido una buena dosis de arrogancia, violencia y racismo. El relator de la ONU sobre derechos ind\u00edgenas, Rodolfo Stavenhagen, en su reciente  visita a Bolivia cumplida del 25 de noviembre al 7 de diciembre de este  a\u00f1o, constat\u00f3 la \u201cgrave persistencia de los fen\u00f3menos de racismo y discriminaci\u00f3n en contra de las personas ind\u00edgenas, y sobre todo  en contra de las mujeres ind\u00edgenas\u201d.<\/p>\n<p>&#13;<\/p>\n<p align=\"justify\" class=\"text1noticias\">\u201cDichos fen\u00f3menos \u2013se\u00f1al\u00f3 Stavenhagen-, se expresan a\u00fan en la  actuaci\u00f3n de los funcionarios de los poderes p\u00fablicos en los niveles  nacional y subnacional, as\u00ed como en las actitudes de partidos pol\u00edticos y  grupos de presi\u00f3n, quienes en ocasiones incitan a la violencia en contra de personas por raz\u00f3n de su condici\u00f3n ind\u00edgena. Las expresiones de contenido racista anti-ind\u00edgena son frecuentes en algunos medios  de comunicaci\u00f3n masiva, que con frecuencia sacrifican los principios  de objetividad e imparcialidad en pos de intereses partidarios.  Resulta preocupante que el conflicto pol\u00edtico que atraviesa actualmente  Bolivia haya dado lugar a un rebrote de expresiones de racismo, m\u00e1s propio  de una sociedad colonial que de un Estado democr\u00e1tico moderno\u201d.<\/p>\n<p>&#13;<\/p>\n<p align=\"justify\" class=\"text1noticias\">Una de las \u00faltimas agresiones racistas la protagonizaron en Santa  Cruz los j\u00f3venes pertenecientes a la Uni\u00f3n Juvenil  Cruce\u00f1ista, \u201crama juvenil\u201d del Comit\u00e9 C\u00edvico dirigido por el multimillonario Branco  Marinkovic. Los miembros de la UJC,  que realizaban una supuesta huelga de hambre golpearon brutalmente al ex minero Ren\u00e9 Ch\u00e1vez, de 57 a\u00f1os, por  vestir y tener rasgos ind\u00edgenas. A Ch\u00e1vez, lo acusaron, sin pruebas, de ser  un infiltrado del MAS y de estar film\u00e1ndolos. \u201cIndio de mierda, colla  de mierda\u201d le gritaba los j\u00f3venes de la UJC revelando con ello el  sentido excluyente y discriminador que quieren darle a su \u201cautonom\u00eda\u201d departamental. Por este caso, el gobierno de Evo Morales present\u00f3  una querella criminal ante la Fiscal\u00eda General  de la Rep\u00fablica  contra Marinkovic y representantes de la UJC.<\/p>\n<p>&#13;<\/p>\n<p align=\"justify\" class=\"text1noticias\">Pero los separatistas de Santa Cruz han ido m\u00e1s lejos, elaborando  una lista de 47 ciudadanos bolivianos a quienes acusan de \u201ctraidores a  los intereses cruce\u00f1os\u201d. La lista, en la que constan constituyentes  del MAS, dirigentes campesinos e ind\u00edgenas, sacerdotes y diputados, ha sido colocada en diferentes lugares de la plaza principal, en una clara muestra de persecuci\u00f3n e intolerancia pol\u00edtica.<\/p>\n<p>&#13;<\/p>\n<p align=\"justify\" class=\"text1noticias\">El presidente Evo Morales ha llamado al di\u00e1logo y a dirimir los, conflictos de Bolivia pac\u00edficamente, no con las balas sino con las urnas, se\u00f1alando que las autonom\u00edas departamentales son  compromisos que ya est\u00e1n plasmados en la nueva Carta Magna junto con las  autonom\u00edas ind\u00edgenas.<\/p>\n<p>&#13;<\/p>\n<p align=\"justify\" class=\"text1noticias\">Para buscar una salida al conflicto actual, Morales propuso un refer\u00e9ndum revocatorio de su mandato y el de los 9 prefectos departamentales. Seg\u00fan este proyecto de ley, que esta siendo  debatido en el Congreso, si el Presidente pierde, convocar\u00e1 a elecciones  generales en un plazo de 90   a 120 d\u00edas. Si el pueblo revoca los mandatos de los prefectos, el Presidente nombrar\u00e1 a sus reemplazos interinos hasta  que se realice una nueva elecci\u00f3n. Los prefectos rechazan la propuesta  de Evo Morales porque, seg\u00fan algunas encuestas, carecen de apoyo  ciudadano y temen perder sus cargos.<\/p>\n<p>&#13;<\/p>\n<p align=\"justify\" class=\"text1noticias\">\u201cEste es un momento muy dif\u00edcil, es un momento complicado, pero  todos los momentos que hemos vivido en Bolivia son complicados, son  dif\u00edciles y hemos sabido salir de ellos, hay algo que es muy recurrente en  la historia de Bolivia, es que somos una sociedad que llega al borde  del abismo pero sabe negociar, al borde mismo del abismo, y avanzar y  as\u00ed a veces de una manera recurrente: conflictos acuerdos, acuerdos-conflictos\u201d, dijo a ALAI el abogado boliviano Miguel  Castro. Ojal\u00e1 que en esta coyuntura se cumplan sus predicciones.<\/p>\n<p>&#13;<\/p>\n<h6> 2007-12-18 04:12:43 <\/h6>\n<p><!--\n<link rel=\"stylesheet\" href=\"css\/bootstrap.min.css\">\n\n\n<ul class=\"pagination\">\n\t    \n\t\n\n<li >\n\t<a href='?page_no=12477'>Previous<\/a>\n\t<\/li>\n\n\n       \n    \n\n<li><a href='?page_no=1'>1<\/a><\/li>\n\n\n\n<li><a href='?page_no=2'>2<\/a><\/li>\n\n\n\n<li><a>...<\/a><\/li>\n\n\n\n<li><a href='?page_no=12476'>12476<\/a><\/li>\n\n\n\n<li><a href='?page_no=12477'>12477<\/a><\/li>\n\n\n\n<li class='active'><a>12478<\/a><\/li>\n\n\n\n<li><a href='?page_no=12479'>12479<\/a><\/li>\n\n\n\n<li><a href='?page_no=12480'>12480<\/a><\/li>\n\n\n\n<li><a>...<\/a><\/li>\n\n\n\n<li><a href='?page_no=13611'>13611<\/a><\/li>\n\n\n\n<li><a href='?page_no=13612'>13612<\/a><\/li>\n\n    \n\t\n\n<li >\n\t<a href='?page_no=12479'>Next<\/a>\n\t<\/li>\n\n\n    \n\n<li><a href='?page_no=13612'>Last &rsaquo;&rsaquo;<\/a><\/li>\n\n<\/ul>\n\n\n--><br \/>\n<\/body><\/p>\n","protected":false},"excerpt":{"rendered":"<p>Bolivia: Evo recibe nueva Constituci\u00f3n &#13; Eduardo Tamayo G. &#13; ALAI-AMLATINA, 15\/12\/2007.- Calificando como \u00abun milagro\u00bb el trabajo de la Asamblea Constituyente, el presidente boliviano Evo Morales recibi\u00f3 la Carta Magna de manos de la presidenta de la Asamblea Constituyente, Silvia Lazarte, tras un multitudinario desfile c\u00edvico-militar.&#13; &#13; Entretanto, los grupos olig\u00e1rquicos de cuatro de [&hellip;]<\/p>\n","protected":false},"author":3,"featured_media":0,"comment_status":"open","ping_status":"open","sticky":false,"template":"","format":"standard","meta":{"footnotes":""},"categories":[16],"tags":[],"class_list":["post-36634","post","type-post","status-publish","format-standard","hentry","category-opiniones"],"_links":{"self":[{"href":"https:\/\/diariodominicano.com\/index.php?rest_route=\/wp\/v2\/posts\/36634","targetHints":{"allow":["GET"]}}],"collection":[{"href":"https:\/\/diariodominicano.com\/index.php?rest_route=\/wp\/v2\/posts"}],"about":[{"href":"https:\/\/diariodominicano.com\/index.php?rest_route=\/wp\/v2\/types\/post"}],"author":[{"embeddable":true,"href":"https:\/\/diariodominicano.com\/index.php?rest_route=\/wp\/v2\/users\/3"}],"replies":[{"embeddable":true,"href":"https:\/\/diariodominicano.com\/index.php?rest_route=%2Fwp%2Fv2%2Fcomments&post=36634"}],"version-history":[{"count":0,"href":"https:\/\/diariodominicano.com\/index.php?rest_route=\/wp\/v2\/posts\/36634\/revisions"}],"wp:attachment":[{"href":"https:\/\/diariodominicano.com\/index.php?rest_route=%2Fwp%2Fv2%2Fmedia&parent=36634"}],"wp:term":[{"taxonomy":"category","embeddable":true,"href":"https:\/\/diariodominicano.com\/index.php?rest_route=%2Fwp%2Fv2%2Fcategories&post=36634"},{"taxonomy":"post_tag","embeddable":true,"href":"https:\/\/diariodominicano.com\/index.php?rest_route=%2Fwp%2Fv2%2Ftags&post=36634"}],"curies":[{"name":"wp","href":"https:\/\/api.w.org\/{rel}","templated":true}]}}