{"id":36630,"date":"2007-12-19T05:00:15","date_gmt":"2007-12-19T05:00:15","guid":{"rendered":"http:\/\/diariodominicano.ddns.net\/?p=36630"},"modified":"2007-12-19T05:00:15","modified_gmt":"2007-12-19T05:00:15","slug":"la-gran-estampida-politica","status":"publish","type":"post","link":"https:\/\/diariodominicano.com\/?p=36630","title":{"rendered":"La gran estampida pol\u00edtica"},"content":{"rendered":"<p><body><\/p>\n<style type=\"text\/css\"><![CDATA[\n<!--\n.style5 {font-family: Arial; line-height: normal; font-weight: normal; text-transform: none; font-size: 14px; color: #000000;}\n-->\n]]><\/style>\n<p>&#13;<\/p>\n<p class=\"titulogrande1\"><strong>La gran estampida pol\u00edtica<\/strong> <\/p>\n<p>&#13;<\/p>\n<p><strong>Por: <\/strong><span class=\"textogrande\">F\u00e9lix Rodr\u00edguez<\/span><\/p>\n<p>&#13;<\/p>\n<p align=\"justify\" class=\"style5\">\u201cDe nuestra parte, pensamos que ambos,  Miguel y Amable, deben empacar e irse cuanto antes al 2012, si es que pueden y  los dejan; porque con ese \u00faltimo accionar pol\u00edtico ya no tienen nada que  buscar\u201d <\/p>\n<p>&#13;<\/p>\n<p align=\"justify\" class=\"text1noticias\">Con las declaraciones y comportamientos\u00a0 pol\u00edticos\u00a0  registrados tras el paso de la tormenta Olga por dos de los\u00a0 principales aspirantes a la Presidencia: Por un  lado Amable Aristy Castro tras haber \u00a0realizado una f\u00edlmica a\u00e9rea inusual en un  operativo de rescate,\u00a0 y el otro, el.<br \/>&#13;<br \/>\n  <br \/>  &#13;<br \/>\nMiguel Vargas Maldonado del PRD,\u00a0 luego  de salir de un templo religioso, seg\u00fan se cuenta, y en donde acusaron muy  agresivamente al Presidente de la   Rep\u00fablica como responsable de las tragedias ocasionadas por  la tormenta, qued\u00f3 sellado el resultado de las pr\u00f3ximas elecciones de 2008.<\/p>\n<p>&#13;<\/p>\n<p align=\"justify\" class=\"text1noticias\">Ambos fueron muy lejos en desconocer el luto y verdadero  sentimiento de nuestro pueblo, pero adem\u00e1s mostraron muy bajo desempe\u00f1o para  poder competir con quien es hoy el presidente de la rep\u00fablica. Mostraron un  rostro muy distinto al que todos deseamos de nuestros l\u00edderes aun cuando no  sean de nuestras simpat\u00edas; y adem\u00e1s de pretender heredar la antorcha de  Joaqu\u00edn Balaguer y Jos\u00e9 Francisco Pe\u00f1a Gomes. \u00a1Que lastima!<br \/>&#13;<br \/>\n  <br \/>&#13;<br \/>\n  Hoy fue  oficialmente formada una comisi\u00f3n para investigar el manejo que se le dio a la  presa de Tavera. Ellos les allanaron el camino al \u00a0presidente Leonel Fern\u00e1ndez para infringirle  una derrota p\u00fablica innecesaria a ambos, en el caso pol\u00edtico que abrieron con  la tormenta Olga-\u00a0 integrada por ,  citamos: <br \/>&#13;<br \/>\n  <br \/>&#13;<br \/>\n  <strong>SANTIAGO.- <\/strong>El presidente Leonel Fern\u00e1ndez orden\u00f3 ayer  a una comisi\u00f3n investigar el manejo que los t\u00e9cnicos de las distintas  instituciones oficiales dieron al desag\u00fce de la presa de Tavera durante el paso  de la tormenta Olga. \u201cTenemos que mejorar nuestro sistema de prevenci\u00f3n y  mitigaci\u00f3n de desastres naturales, estas son lecciones aprendidas que no pueden  repetirse y por consiguiente el informe que rendir\u00e1 la comisi\u00f3n ser\u00e1 de mucha  utilidad\u201d, precis\u00f3.<br \/>&#13;<br \/>\n  <br \/>&#13;<br \/>\n  La comisi\u00f3n la  integran representantes de la   Secretar\u00eda de las Fuerzas Armadas, Obras P\u00fablicas, INAPA,  Meteorolog\u00eda, el Centro de Operaciones de Emergencias, la Comisi\u00f3n Presidencial  para el Desarrollo Provincial, el CODIA, la UASD representada por su director regional en  Santiago, la   Pontificia Universidad Cat\u00f3lica Madre y Maestra, la Universidad Tecnol\u00f3gica  de Santiago (UTESA), Coraasan, entre otras instituciones. (List\u00edn Diario, 18 de  diciembre del 20076)<\/p>\n<p>&#13;<\/p>\n<p align=\"justify\" class=\"text1noticias\">Y en otra parte del mismo peri\u00f3dico <strong>SANTO  DOMINGO.-<\/strong> Siete ex presidentes del Colegio Dominicano de Ingenieros  Arquitectos y Agrimensores (CODIA), evaluaron como correcto el manejo que dio  el Comit\u00e9 de Operaciones de Embalses a la presa de Tavera, previo al paso de la Tormenta Olga y  cuando el fen\u00f3meno estaba avanzando a la isla.<br \/>&#13;<br \/>\n  <br \/>&#13;<br \/>\n  As\u00ed lo dieron a  conocer en el marco de una rueda de prensa en la que participaron Tom\u00e1s Fr\u00edas y  Teodoro Tejada, quienes sirvieron de voceros, as\u00ed como H\u00e9ctor B\u00e1ez Tisel, Fauso  Monegro, Freddy Santana, Eliseo D\u00edaz Morffe y David Medrano, todos ex  presidentes del Codia.<\/p>\n<p>&#13;<\/p>\n<p align=\"justify\" class=\"text1noticias\"><strong><u>\u00bfY que dicen ustedes?<\/u><\/strong> <\/p>\n<p>&#13;<\/p>\n<p align=\"justify\" class=\"text1noticias\">En el caso del Ing. Vargas Maldonado ya lo hab\u00eda advertido el que  estaba siendo muy mal manejado; lo de Amable, no entendemos el giro sorpresivo  que experimento en su discurso de campa\u00f1a, que si bien no se presentaba como  una opci\u00f3n ganadora, por lo menos debi\u00f3 mantener la compostura de un ente a ser  tomado en cuenta y de\u00a0 equilibrio a  negociar con propuestas futuras.<\/p>\n<p>&#13;<\/p>\n<p align=\"justify\" class=\"text1noticias\">De nuestra parte, pensamos que ambos, Miguel y Amable, deben  empacar e irse cuanto antes al 2012, si es que pueden y los dejan; porque con  ese \u00faltimo accionar pol\u00edtico ya no tienen nada que buscar.<\/p>\n<p>&#13;<\/p>\n<h6> 2007-12-19 05:00:15 <\/h6>\n<p><!--\n<link rel=\"stylesheet\" href=\"css\/bootstrap.min.css\">\n\n\n<ul class=\"pagination\">\n\t    \n\t\n\n<li >\n\t<a href='?page_no=12473'>Previous<\/a>\n\t<\/li>\n\n\n       \n    \n\n<li><a href='?page_no=1'>1<\/a><\/li>\n\n\n\n<li><a href='?page_no=2'>2<\/a><\/li>\n\n\n\n<li><a>...<\/a><\/li>\n\n\n\n<li><a href='?page_no=12472'>12472<\/a><\/li>\n\n\n\n<li><a href='?page_no=12473'>12473<\/a><\/li>\n\n\n\n<li class='active'><a>12474<\/a><\/li>\n\n\n\n<li><a href='?page_no=12475'>12475<\/a><\/li>\n\n\n\n<li><a href='?page_no=12476'>12476<\/a><\/li>\n\n\n\n<li><a>...<\/a><\/li>\n\n\n\n<li><a href='?page_no=13611'>13611<\/a><\/li>\n\n\n\n<li><a href='?page_no=13612'>13612<\/a><\/li>\n\n    \n\t\n\n<li >\n\t<a href='?page_no=12475'>Next<\/a>\n\t<\/li>\n\n\n    \n\n<li><a href='?page_no=13612'>Last &rsaquo;&rsaquo;<\/a><\/li>\n\n<\/ul>\n\n\n--><br \/>\n<\/body><\/p>\n","protected":false},"excerpt":{"rendered":"<p>&#13; La gran estampida pol\u00edtica &#13; Por: F\u00e9lix Rodr\u00edguez &#13; \u201cDe nuestra parte, pensamos que ambos, Miguel y Amable, deben empacar e irse cuanto antes al 2012, si es que pueden y los dejan; porque con ese \u00faltimo accionar pol\u00edtico ya no tienen nada que buscar\u201d &#13; Con las declaraciones y comportamientos\u00a0 pol\u00edticos\u00a0 registrados tras [&hellip;]<\/p>\n","protected":false},"author":3,"featured_media":0,"comment_status":"open","ping_status":"open","sticky":false,"template":"","format":"standard","meta":{"footnotes":""},"categories":[16],"tags":[],"class_list":["post-36630","post","type-post","status-publish","format-standard","hentry","category-opiniones"],"_links":{"self":[{"href":"https:\/\/diariodominicano.com\/index.php?rest_route=\/wp\/v2\/posts\/36630","targetHints":{"allow":["GET"]}}],"collection":[{"href":"https:\/\/diariodominicano.com\/index.php?rest_route=\/wp\/v2\/posts"}],"about":[{"href":"https:\/\/diariodominicano.com\/index.php?rest_route=\/wp\/v2\/types\/post"}],"author":[{"embeddable":true,"href":"https:\/\/diariodominicano.com\/index.php?rest_route=\/wp\/v2\/users\/3"}],"replies":[{"embeddable":true,"href":"https:\/\/diariodominicano.com\/index.php?rest_route=%2Fwp%2Fv2%2Fcomments&post=36630"}],"version-history":[{"count":0,"href":"https:\/\/diariodominicano.com\/index.php?rest_route=\/wp\/v2\/posts\/36630\/revisions"}],"wp:attachment":[{"href":"https:\/\/diariodominicano.com\/index.php?rest_route=%2Fwp%2Fv2%2Fmedia&parent=36630"}],"wp:term":[{"taxonomy":"category","embeddable":true,"href":"https:\/\/diariodominicano.com\/index.php?rest_route=%2Fwp%2Fv2%2Fcategories&post=36630"},{"taxonomy":"post_tag","embeddable":true,"href":"https:\/\/diariodominicano.com\/index.php?rest_route=%2Fwp%2Fv2%2Ftags&post=36630"}],"curies":[{"name":"wp","href":"https:\/\/api.w.org\/{rel}","templated":true}]}}