{"id":366287,"date":"2022-07-05T10:28:39","date_gmt":"2022-07-05T14:28:39","guid":{"rendered":"http:\/\/diariodominicano.com\/?p=366287"},"modified":"2022-07-05T10:30:39","modified_gmt":"2022-07-05T14:30:39","slug":"estados-unidos-felicita-a-venezuela-por-la-celebracion-de-su-independencia-secretario-de-estado-antony-j-blinken","status":"publish","type":"post","link":"https:\/\/diariodominicano.com\/?p=366287","title":{"rendered":"Estados Unidos felicita a Venezuela por la celebraci\u00f3n de su independencia: secretario de Estado Antony J. Blinken"},"content":{"rendered":"\n<figure class=\"wp-block-image size-large\"><img loading=\"lazy\" decoding=\"async\" width=\"1024\" height=\"631\" src=\"https:\/\/diariodominicano.com\/wp-content\/uploads\/2022\/02\/anthony-blinken22-1024x631.jpg\" alt=\"\" class=\"wp-image-330786\" srcset=\"https:\/\/diariodominicano.com\/wp-content\/uploads\/2022\/02\/anthony-blinken22-1024x631.jpg 1024w, https:\/\/diariodominicano.com\/wp-content\/uploads\/2022\/02\/anthony-blinken22-300x185.jpg 300w, https:\/\/diariodominicano.com\/wp-content\/uploads\/2022\/02\/anthony-blinken22-768x474.jpg 768w, https:\/\/diariodominicano.com\/wp-content\/uploads\/2022\/02\/anthony-blinken22-816x503.jpg 816w, https:\/\/diariodominicano.com\/wp-content\/uploads\/2022\/02\/anthony-blinken22.jpg 1200w\" sizes=\"auto, (max-width: 1024px) 100vw, 1024px\" \/><figcaption>El secretario de Estado, Antony J. Blinken <\/figcaption><\/figure>\n\n\n\n<p>En nombre del Gobierno de los Estados Unidos de Am\u00e9rica, deseo felicitar al pueblo de Venezuela por la celebraci\u00f3n de la independencia del pa\u00eds este 5 de julio, expres\u00f3 este martes el secretario de Estado, Antony J. Blinken, con ocasi\u00f3n de conmemorarse  el 211 aniversario de la Independencia de Venezuela.<\/p>\n\n\n\n<p>\u00abA pesar de los importantes desaf\u00edos, el pueblo y la coalici\u00f3n de actores democr\u00e1ticos en Venezuela han continuado sus incansables esfuerzos para lograr su sue\u00f1o de un futuro independiente y democr\u00e1tico\u00bb.<\/p>\n\n\n\n<p> Al conmemorar el 211 aniversario de la independencia de Venezuela, el pueblo y el gobierno de los Estados Unidos siguen siendo un socio comprometido en la lucha por construir un futuro pac\u00edfico, libre, pr\u00f3spero y democr\u00e1tico para su naci\u00f3n, expres\u00f3 en su mensaje el secretario de Estado  Antony J. Blinken.<\/p>\n\n\n\n<p> <a rel=\"noreferrer noopener\" href=\"https:\/\/lnks.gd\/l\/eyJhbGciOiJIUzI1NiJ9.eyJidWxsZXRpbl9saW5rX2lkIjoxMDAsInVyaSI6ImJwMjpjbGljayIsImJ1bGxldGluX2lkIjoiMjAyMjA3MDUuNjAyOTk0MzEiLCJ1cmwiOiJodHRwczovL3d3dy5zdGF0ZS5nb3YvdmVuZXp1ZWxhLW5hdGlvbmFsLWRheS0yLyJ9.i-bgiolQQQOQmksJnhReqdimkDLOARW33yJr3NUIzWc\/s\/1375542893\/br\/135305460398-l\" target=\"_blank\">D\u00eda Nacional de Venezuela<\/a>05\/07\/2022 08:00 a. m. EDT <\/p>\n","protected":false},"excerpt":{"rendered":"<p>En nombre del Gobierno de los Estados Unidos de Am\u00e9rica, deseo felicitar al pueblo de Venezuela por la celebraci\u00f3n de la independencia del pa\u00eds este 5 de julio, expres\u00f3 este martes el secretario de Estado, Antony J. Blinken, con ocasi\u00f3n de conmemorarse el 211 aniversario de la Independencia de Venezuela. \u00abA pesar de los importantes [&hellip;]<\/p>\n","protected":false},"author":28,"featured_media":286495,"comment_status":"closed","ping_status":"","sticky":true,"template":"","format":"standard","meta":{"footnotes":""},"categories":[26,27],"tags":[],"class_list":["post-366287","post","type-post","status-publish","format-standard","has-post-thumbnail","hentry","category-efemerides","category-portada"],"_links":{"self":[{"href":"https:\/\/diariodominicano.com\/index.php?rest_route=\/wp\/v2\/posts\/366287","targetHints":{"allow":["GET"]}}],"collection":[{"href":"https:\/\/diariodominicano.com\/index.php?rest_route=\/wp\/v2\/posts"}],"about":[{"href":"https:\/\/diariodominicano.com\/index.php?rest_route=\/wp\/v2\/types\/post"}],"author":[{"embeddable":true,"href":"https:\/\/diariodominicano.com\/index.php?rest_route=\/wp\/v2\/users\/28"}],"replies":[{"embeddable":true,"href":"https:\/\/diariodominicano.com\/index.php?rest_route=%2Fwp%2Fv2%2Fcomments&post=366287"}],"version-history":[{"count":3,"href":"https:\/\/diariodominicano.com\/index.php?rest_route=\/wp\/v2\/posts\/366287\/revisions"}],"predecessor-version":[{"id":366290,"href":"https:\/\/diariodominicano.com\/index.php?rest_route=\/wp\/v2\/posts\/366287\/revisions\/366290"}],"wp:featuredmedia":[{"embeddable":true,"href":"https:\/\/diariodominicano.com\/index.php?rest_route=\/wp\/v2\/media\/286495"}],"wp:attachment":[{"href":"https:\/\/diariodominicano.com\/index.php?rest_route=%2Fwp%2Fv2%2Fmedia&parent=366287"}],"wp:term":[{"taxonomy":"category","embeddable":true,"href":"https:\/\/diariodominicano.com\/index.php?rest_route=%2Fwp%2Fv2%2Fcategories&post=366287"},{"taxonomy":"post_tag","embeddable":true,"href":"https:\/\/diariodominicano.com\/index.php?rest_route=%2Fwp%2Fv2%2Ftags&post=366287"}],"curies":[{"name":"wp","href":"https:\/\/api.w.org\/{rel}","templated":true}]}}