{"id":366280,"date":"2022-07-05T10:09:03","date_gmt":"2022-07-05T14:09:03","guid":{"rendered":"http:\/\/diariodominicano.com\/?p=366280"},"modified":"2022-07-05T10:09:26","modified_gmt":"2022-07-05T14:09:26","slug":"presidente-de-cuba-rinde-homenaje-a-fecha-patria-de-venezuela","status":"publish","type":"post","link":"https:\/\/diariodominicano.com\/?p=366280","title":{"rendered":"Presidente de Cuba rinde homenaje a fecha patria de Venezuela"},"content":{"rendered":"\n<p>La Habana, 5 jul (Prensa Latina) El presidente de Cuba, Miguel D\u00edaz-Canel, trasmiti\u00f3 hoy una felicitaci\u00f3n al pueblo y gobierno de la Rep\u00fablica Bolivariana de Venezuela con motivo del 211 aniversario de la firma del Acta de Independencia de esa naci\u00f3n.<\/p>\n\n\n\n<ul class=\"wp-block-list\"><li>julio 5, 2022<\/li><li>CDT09:12 (GMT) -0400<\/li><\/ul>\n\n\n\n<p>El mandatario expres\u00f3 en su cuenta oficial de Twitter: \u201cSaludamos con profundo respeto y emoci\u00f3n compartida, el aniversario 211 de la inspiradora declaraci\u00f3n de Independencia de Venezuela.<\/p>\n\n\n\n<p>Asimismo escribi\u00f3: \u201cAl hermano Nicol\u00e1s Maduro y al querido pueblo venezolano, nuestro abrazo y \u00a1felicidades!\u201d.<\/p>\n\n\n\n<p>Otros dirigentes tambi\u00e9n manifestaron este martes sus congratulaciones a la naci\u00f3n sudamericana, como el Canciller Bruno Rodr\u00edguez Parrilla, quien tambi\u00e9n en Twitter puntualiz\u00f3 que la fecha \u201cmarc\u00f3 un hito hist\u00f3rico en la conquista de la libertad y la soberan\u00eda de Nuestra Am\u00e9rica y constituye hoy un compromiso permanente de lucha\u201d.<\/p>\n\n\n\n<p>Asimismo el Ministerio de Relaciones Exteriores se\u00f1al\u00f3 en un tuit que \u201csignado por los sentimientos de hermandad y solidaridad que unen a ambos pueblos y gobiernos, ratificamos nuestra voluntad de fortalecer los lazos de cooperaci\u00f3n\u201d.<\/p>\n\n\n\n<p>En ese documento hist\u00f3rico representantes de siete de las diez provincias pertenecientes a la entonces Capitan\u00eda General de Venezuela, reunidos en la capilla Santa Rosa de Lima, de la ciudad de Caracas, declararon el 5 de julio de 1811 su independencia de Espa\u00f1a.<\/p>\n\n\n\n<p>Con ello establec\u00edan una nueva naci\u00f3n basada en principios republicanos y federales, aboliendo la monarqu\u00eda bajo los valores de la igualdad de los individuos, la libertad de expresi\u00f3n y la prohibici\u00f3n de la censura.<\/p>\n\n\n\n<p>La declaraci\u00f3n representa el primer caso de una colonia espa\u00f1ola en Am\u00e9rica en declarar su independencia total.<\/p>\n\n\n\n<p>mem\/rc<\/p>\n","protected":false},"excerpt":{"rendered":"<p>La Habana, 5 jul (Prensa Latina) El presidente de Cuba, Miguel D\u00edaz-Canel, trasmiti\u00f3 hoy una felicitaci\u00f3n al pueblo y gobierno de la Rep\u00fablica Bolivariana de Venezuela con motivo del 211 aniversario de la firma del Acta de Independencia de esa naci\u00f3n. julio 5, 2022 CDT09:12 (GMT) -0400 El mandatario expres\u00f3 en su cuenta oficial de [&hellip;]<\/p>\n","protected":false},"author":28,"featured_media":366282,"comment_status":"closed","ping_status":"","sticky":true,"template":"","format":"standard","meta":{"footnotes":""},"categories":[26,27],"tags":[],"class_list":["post-366280","post","type-post","status-publish","format-standard","has-post-thumbnail","hentry","category-efemerides","category-portada"],"_links":{"self":[{"href":"https:\/\/diariodominicano.com\/index.php?rest_route=\/wp\/v2\/posts\/366280","targetHints":{"allow":["GET"]}}],"collection":[{"href":"https:\/\/diariodominicano.com\/index.php?rest_route=\/wp\/v2\/posts"}],"about":[{"href":"https:\/\/diariodominicano.com\/index.php?rest_route=\/wp\/v2\/types\/post"}],"author":[{"embeddable":true,"href":"https:\/\/diariodominicano.com\/index.php?rest_route=\/wp\/v2\/users\/28"}],"replies":[{"embeddable":true,"href":"https:\/\/diariodominicano.com\/index.php?rest_route=%2Fwp%2Fv2%2Fcomments&post=366280"}],"version-history":[{"count":1,"href":"https:\/\/diariodominicano.com\/index.php?rest_route=\/wp\/v2\/posts\/366280\/revisions"}],"predecessor-version":[{"id":366281,"href":"https:\/\/diariodominicano.com\/index.php?rest_route=\/wp\/v2\/posts\/366280\/revisions\/366281"}],"wp:featuredmedia":[{"embeddable":true,"href":"https:\/\/diariodominicano.com\/index.php?rest_route=\/wp\/v2\/media\/366282"}],"wp:attachment":[{"href":"https:\/\/diariodominicano.com\/index.php?rest_route=%2Fwp%2Fv2%2Fmedia&parent=366280"}],"wp:term":[{"taxonomy":"category","embeddable":true,"href":"https:\/\/diariodominicano.com\/index.php?rest_route=%2Fwp%2Fv2%2Fcategories&post=366280"},{"taxonomy":"post_tag","embeddable":true,"href":"https:\/\/diariodominicano.com\/index.php?rest_route=%2Fwp%2Fv2%2Ftags&post=366280"}],"curies":[{"name":"wp","href":"https:\/\/api.w.org\/{rel}","templated":true}]}}