{"id":36628,"date":"2007-12-19T05:10:10","date_gmt":"2007-12-19T05:10:10","guid":{"rendered":"http:\/\/diariodominicano.ddns.net\/?p=36628"},"modified":"2007-12-19T05:10:10","modified_gmt":"2007-12-19T05:10:10","slug":"el-colonialismo-de-estos-dias-reniega-de-sus-pueblos-aborigenes","status":"publish","type":"post","link":"https:\/\/diariodominicano.com\/?p=36628","title":{"rendered":"El colonialismo de estos d\u00edas Reniega de sus pueblos abor\u00edgenes"},"content":{"rendered":"<p><body><\/p>\n<p class=\"titulogrande1\"><strong>El colonialismo de estos  d\u00edas<\/strong> <strong>Reniega de sus pueblos  abor\u00edgenes<\/strong><\/p>\n<p>&#13;<\/p>\n<p class=\"textogrande\">Hern\u00e1n Uribe<\/p>\n<p>&#13;<\/p>\n<p align=\"justify\" class=\"text1noticias\"><strong>ALAI AMLATINA, 18\/12\/2007, Santiago.- <\/strong>El 13 de septiembre pasado  cuando Naciones Unidas aprob\u00f3 por vez primera una declaraci\u00f3n sobre Los Derechos de los Pueblos Originarios del orbe en Chile no se hab\u00eda reconocido en la   Constituci\u00f3n siquiera la existencia de nueve etnias ind\u00edgenas y en el \u00faltimo mes de 2007 se recrudec\u00eda el conflicto permanente con los mapuches que caprichosamente los espa\u00f1oles  bautizaron como araucanos. (1)<\/p>\n<p>&#13;<\/p>\n<p align=\"justify\" class=\"text1noticias\">La mencionada resoluci\u00f3n que en la ONU apoyaron 143 pa\u00edses proclama los derechos a  la autodeterminaci\u00f3n, a tierras y territorios, al respeto y desarrollo de las culturas propias. Todas esas buenas intenciones aparecen en Chile como utop\u00edas irrealizables pues una huelga de  hambre de cinco luchadores mapuches que ha cumplido el 10 de diciembre  dos meses es s\u00f3lo el \u00faltimo episodio de unas discriminaci\u00f3n y  represi\u00f3n permanentes en contra de esa raza mayoritaria entre los habitantes primarios. Los huelguistas est\u00e1n encarcelados bajo una condena a  10 a\u00f1os, sentencia basada en una llamada Ley Antiterrorista heredada  de la dictadura de Augusto Pinochet.<\/p>\n<p>&#13;<\/p>\n<p align=\"justify\" class=\"text1noticias\">Basta ubicarse en la historia para concluir lo dif\u00edcil que es una soluci\u00f3n al denominado problema mapuche. Los espa\u00f1oles, que se establecieron en Chile en 1540 nunca pudieron dominar por completo  a los mapuches que ocupaban la mitad de lo que Madrid llam\u00f3 el Reino de  Chile.<br \/>&#13;<br \/>\n  <br \/>&#13;<br \/>\n  En ninguna parte de los vast\u00edsimos territorios americanos  encontraron los invasores tal resistencia. La guerra fue total y en ella  murieron dos gobernadores lo que oblig\u00f3 a la corona hispana a formalizar un  pacto por el cual reconocieron la exclusividad de un amplio territorio  que consignaron como el \u201cReino de Arauco\u201d.<\/p>\n<p>&#13;<\/p>\n<p align=\"justify\" class=\"text1noticias\">La relatada era la situaci\u00f3n a comienzos del siglo XIX cuando se  produce la independencia de tal manera que la aut\u00e9ntica conquista de la Araucan\u00eda es obra de los chilenos. En la guerra de la  independencia los mapuches pelearon junto a los espa\u00f1oles y singularmente lo  hicieron adem\u00e1s en las guerrillas que siguieron a la autonom\u00eda,  cronol\u00f3gicamente entre 1818 y 1825.<br \/>&#13;<br \/>\n  <br \/> &#13;<br \/>\nEllos intuyeron que el trato con Espa\u00f1a desaparecer\u00eda. Es real que en 1825, el naciente gobierno nacional  pact\u00f3 una tregua y reconoci\u00f3 como posesi\u00f3n araucana un territorio determinado desde el r\u00edo B\u00edo B\u00edo al sur. (Este r\u00edo corre a unos 500 kil\u00f3metros al sur de Santiago, la capital del pa\u00eds).<\/p>\n<p>&#13;<\/p>\n<p align=\"justify\" class=\"text1noticias\">Sin embargo, aquel convenio fue flor de un d\u00eda pues la ocupaci\u00f3n  de la regi\u00f3n mapuche comenz\u00f3, al mejor estilo estadounidense, apenas lograda la derrota de Espa\u00f1a. Seg\u00fan relata el historiador Felipe Portales  hubo al respecto dos fases: a) ciudadanos chilenos se establecieron en terrenos mapuches y pidieron simult\u00e1neamente la \u201clegalidad\u201d de la ocupaci\u00f3n y una protecci\u00f3n militar; b) mediante la fuerza. La justificaci\u00f3n propagand\u00edstica de la acci\u00f3n militar, anota  Portales, estaba impregnada de un fuerte racismo que describ\u00eda a los  mapuches como \u201csalvajes, b\u00e1rbaros e inmorales\u201d. (2)<\/p>\n<p>&#13;<\/p>\n<p align=\"justify\" class=\"text1noticias\">Con todo, la guerra total, sindicada eufem\u00edsticamente como \u201cPacificaci\u00f3n de la Araucan\u00eda\u201d  se desarroll\u00f3 entre 1860 y 1881 y se caracteriz\u00f3 por una barbarie heredada de los godos. Anota Jos\u00e9 Bengoa que en tal conflicto b\u00e9lico, la poblaci\u00f3n mapuche disminuy\u00f3 en un 20 % y el  Estado chileno se apoder\u00f3 del 90% de lo que era el territorio araucano al  sur del B\u00edo B\u00edo (3). Portales sentencia: que el mapuche \u201cqued\u00f3 como un pueblo pol\u00edticamente derrotado, econ\u00f3micamente miserable y  explotado, socialmente discriminado y marginado y culturalmente vilipendiado  con los peores estereotipos imaginables\u201d. (4)<\/p>\n<p>&#13;<\/p>\n<p align=\"justify\" class=\"text1noticias\">La t\u00e1ctica que se aplic\u00f3 para la estrategia de la colonizaci\u00f3n fue  la de instalar fuertes militares a cuyo alrededor nacieron pueblos y  ciudades.<br \/>&#13;<br \/>\n  <br \/>&#13;<br \/>\n  Simult\u00e1neamente, se propici\u00f3 la creaci\u00f3n de colonias (as\u00ed las denominaban las leyes del caso) para \u201cextranjeros y naturales\u201d.  Estos \u00faltimos eran los chilenos, pero no los ind\u00edgenas. M\u00e1s claro, los mapuches no eran nada\u2026 En 1866, empero, se promulg\u00f3 una ley \u201cSobre radicaci\u00f3n y concesi\u00f3n de t\u00edtulos de merced a los ind\u00edgenas\u201d que explicitaba requisitos a considerar para ser \u201cradicados\u201d. Por  ejemplo, \u201csi sabe leer y escribir; el grado de civilizaci\u00f3n (sic) de la  familia; haber constituido la familia conforme a la ley del Registro  Civil\u201d( 5).<\/p>\n<p>&#13;<\/p>\n<p align=\"justify\" class=\"text1noticias\">Aquella ley, junto con el desprecio hacia la cultura aut\u00f3ctona,  fue una trampa legal al instituir, para los mapuches, fracciones de  tierras llamadas (legalmente) reducciones, nombre apropiado ya que fueron reducidos a peque\u00f1as porciones. Para remate, en el \u00e1rea legal,  este a\u00f1o de 2007, el Senado de Chile ha rechazado la propuesta de la  presidenta Michelle Bachelet para reconocer en la Constituci\u00f3n la  personalidad de los pueblos primarios.<\/p>\n<p>&#13;<\/p>\n<p align=\"justify\" class=\"text1noticias\">Cuando los hispanos arriban a Chile y Pedro de Valdivia funda  Santiago del Nuevo Extremo (1541) en esa regi\u00f3n- que hoy es la parte  central del pa\u00eds- se encuentran con una poblaci\u00f3n que no es araucana y que  llamaron picunches. Esas variadas etnias simplemente se extinguieron o  emigraron, en tanto que la mapuche, m\u00e1s al sur, prosigue la guerra en contra  del invasor con la bravura que l\u00edricamente relata Alonso de Ercilla en  \u201cLa Araucana\u201d.<\/p>\n<p>&#13;<\/p>\n<p align=\"justify\" class=\"text1noticias\">Regresemos al presente. En el siglo XX, los nuevos colonizadores,  l\u00e9ase los chilenos, perfeccionan el dominio de lo que fue territorio  mapuche y lo hacen tanto desde el punto de vista material como del legal. Se produce, sin embargo, la reacci\u00f3n de los perdedores que se  organizan en entidades de defensa y recurren en veces a ciertos actos de  violencia como la destrucci\u00f3n incendiaria de edificios y bosques de empresas forestales que se instalan en tierras que fueron de mapuches. La respuesta oficial es la represi\u00f3n f\u00edsica y judicial y en ese marco  hay que situar la condena a prisi\u00f3n de los huelguistas que ayunan con peligro de sus vidas.<\/p>\n<p>&#13;<\/p>\n<p align=\"justify\" class=\"text1noticias\">En el siglo XXI tampoco se visualiza una soluci\u00f3n negociada y  pactada del grav\u00edsimo problema ind\u00edgena. Sucesivos gobiernos y parlamentos  han elegido el campo de la fuerza. H\u00e9ctor Llaitul, uno de los  huelguistas en ayuno declaraba a inicios de diciembre 07: \u201cEl problema de no  negociar, obedece a una pol\u00edtica de Estado de no querer resolver el  conflicto, pero si defender los intereses de los empresarios que hoy ocupan  el territorio mapuche. No hay (de parte oficial) voluntad pol\u00edtica  real y un ejemplo de eso es la militarizaci\u00f3n del territorio walmapu  \u201c(mapuche) (6)<\/p>\n<p>&#13;<\/p>\n<p align=\"justify\" class=\"text1noticias\">Despu\u00e9s de Pinochet, Chile es en muchos aspectos un remedo de  democracia liberal y eso vale para el de \u00e1rea de los derechos humanos y espec\u00edficamente en lo referente a los pueblos originarios. Chile  est\u00e1 en deuda sobre la ratificaci\u00f3n y cumplimiento de tratados  internacionales, afirma el profesor Leonardo Aravena, de la Universidad Central (Santiago) Ocurre ello con la \u201cConvenci\u00f3n Interamericana sobre Desaparici\u00f3n Forzada de Personas\u201d que no ha sido ratificada. No se  ha adoptado, adem\u00e1s, el convenio de la Corte Penal  Internacional (Estatuto de Roma) y como lo apuntamos antes, no hay reconocimiento  constitucional de los pueblos ind\u00edgenas.<\/p>\n<p>&#13;<\/p>\n<p align=\"justify\" class=\"text1noticias\">&#8211; Hern\u00e1n Uribe es periodista\/escritor chileno.<\/p>\n<p>&#13;<\/p>\n<h6> 2007-12-19 05:10:10 <\/h6>\n<p><!--\n<link rel=\"stylesheet\" href=\"css\/bootstrap.min.css\">\n\n\n<ul class=\"pagination\">\n\t    \n\t\n\n<li >\n\t<a href='?page_no=12471'>Previous<\/a>\n\t<\/li>\n\n\n       \n    \n\n<li><a href='?page_no=1'>1<\/a><\/li>\n\n\n\n<li><a href='?page_no=2'>2<\/a><\/li>\n\n\n\n<li><a>...<\/a><\/li>\n\n\n\n<li><a href='?page_no=12470'>12470<\/a><\/li>\n\n\n\n<li><a href='?page_no=12471'>12471<\/a><\/li>\n\n\n\n<li class='active'><a>12472<\/a><\/li>\n\n\n\n<li><a href='?page_no=12473'>12473<\/a><\/li>\n\n\n\n<li><a href='?page_no=12474'>12474<\/a><\/li>\n\n\n\n<li><a>...<\/a><\/li>\n\n\n\n<li><a href='?page_no=13611'>13611<\/a><\/li>\n\n\n\n<li><a href='?page_no=13612'>13612<\/a><\/li>\n\n    \n\t\n\n<li >\n\t<a href='?page_no=12473'>Next<\/a>\n\t<\/li>\n\n\n    \n\n<li><a href='?page_no=13612'>Last &rsaquo;&rsaquo;<\/a><\/li>\n\n<\/ul>\n\n\n--><br \/>\n<\/body><\/p>\n","protected":false},"excerpt":{"rendered":"<p>El colonialismo de estos d\u00edas Reniega de sus pueblos abor\u00edgenes &#13; Hern\u00e1n Uribe &#13; ALAI AMLATINA, 18\/12\/2007, Santiago.- El 13 de septiembre pasado cuando Naciones Unidas aprob\u00f3 por vez primera una declaraci\u00f3n sobre Los Derechos de los Pueblos Originarios del orbe en Chile no se hab\u00eda reconocido en la Constituci\u00f3n siquiera la existencia de nueve [&hellip;]<\/p>\n","protected":false},"author":3,"featured_media":0,"comment_status":"open","ping_status":"open","sticky":false,"template":"","format":"standard","meta":{"footnotes":""},"categories":[16],"tags":[],"class_list":["post-36628","post","type-post","status-publish","format-standard","hentry","category-opiniones"],"_links":{"self":[{"href":"https:\/\/diariodominicano.com\/index.php?rest_route=\/wp\/v2\/posts\/36628","targetHints":{"allow":["GET"]}}],"collection":[{"href":"https:\/\/diariodominicano.com\/index.php?rest_route=\/wp\/v2\/posts"}],"about":[{"href":"https:\/\/diariodominicano.com\/index.php?rest_route=\/wp\/v2\/types\/post"}],"author":[{"embeddable":true,"href":"https:\/\/diariodominicano.com\/index.php?rest_route=\/wp\/v2\/users\/3"}],"replies":[{"embeddable":true,"href":"https:\/\/diariodominicano.com\/index.php?rest_route=%2Fwp%2Fv2%2Fcomments&post=36628"}],"version-history":[{"count":0,"href":"https:\/\/diariodominicano.com\/index.php?rest_route=\/wp\/v2\/posts\/36628\/revisions"}],"wp:attachment":[{"href":"https:\/\/diariodominicano.com\/index.php?rest_route=%2Fwp%2Fv2%2Fmedia&parent=36628"}],"wp:term":[{"taxonomy":"category","embeddable":true,"href":"https:\/\/diariodominicano.com\/index.php?rest_route=%2Fwp%2Fv2%2Fcategories&post=36628"},{"taxonomy":"post_tag","embeddable":true,"href":"https:\/\/diariodominicano.com\/index.php?rest_route=%2Fwp%2Fv2%2Ftags&post=36628"}],"curies":[{"name":"wp","href":"https:\/\/api.w.org\/{rel}","templated":true}]}}