{"id":366278,"date":"2022-07-05T10:05:23","date_gmt":"2022-07-05T14:05:23","guid":{"rendered":"http:\/\/diariodominicano.com\/?p=366278"},"modified":"2022-07-05T10:06:49","modified_gmt":"2022-07-05T14:06:49","slug":"maduro-celebra-aniversario-de-independencia-de-venezuela","status":"publish","type":"post","link":"https:\/\/diariodominicano.com\/?p=366278","title":{"rendered":"Maduro celebra aniversario de independencia de Venezuela"},"content":{"rendered":"\n<p>Caracas, 5 jul (Prensa Latina) El presidente Nicol\u00e1s Maduro envi\u00f3 hoy un saludo al pueblo de Venezuela y un reconocimiento a la Fuerza Armada Nacional Bolivariana (FANB), al celebrar el aniversario 211 de la Declaraci\u00f3n de Independencia.<\/p>\n\n\n\n<ul class=\"wp-block-list\"><li>julio 5, 2022<\/li><li>CDT09:49 (GMT) -0400<\/li><\/ul>\n\n\n\n<p>\u201cD\u00eda de Patria Libre, Soberana e Independiente. Celebramos de pie, victoriosos y orgullosos de nuestras ra\u00edces, con la determinaci\u00f3n y valent\u00eda de nuestros Libertadores en la defensa diaria de la Independencia\u201d, subray\u00f3 el mandatario en su cuenta de la red social Twitter.<\/p>\n\n\n\n<p>El jefe de Estado asever\u00f3 adem\u00e1s que Venezuela cuenta con unas fuerzas armadas garantes de la paz, la seguridad y la vida de la naci\u00f3n sudamericana; \u201cun Ej\u00e9rcito que piensa y act\u00faa bajo los principios de nuestros Libertadores\u201d, afirm\u00f3.<\/p>\n\n\n\n<p>\u201cMi abrazo al pueblo de Venezuela y el reconocimiento a la FANB, desplegada en el territorio por la defensa del suelo sagrado de Bol\u00edvar. Hoy celebraremos, con los m\u00e1s altos honores, la gesta hist\u00f3rica de libertad y dignidad\u201d, agreg\u00f3 el dignatario en la plataforma comunicacional.<\/p>\n\n\n\n<p>Con el acto de izamiento de la bandera nacional desde el Complejo Monumental Foro Libertador, en Caracas, comenzaron este martes los actos conmemorativos por el aniversario 211 de la firma del Acta de la Declaraci\u00f3n de la Independencia de Venezuela, el 5 de julio de 1811.<\/p>\n\n\n\n<p>Cadetes de la Universidad Militar Bolivariana de Venezuela desplazaron el estandarte nacional al asta principal a ubicada a las afueras del Pante\u00f3n Nacional, en acto presidido por los ministros de Defensa, Vladimir Padrino; y del Interior, Remigio Ceballos.<\/p>\n\n\n\n<p>Los actos centrales por el aniversario de la Declaraci\u00f3n de Independencia tendr\u00e1n lugar m\u00e1s tarde en el capitalino Paseo Monumental de los Pr\u00f3ceres, con el desarrollo del tradicional desfile y para militar.<\/p>\n\n\n\n<p>Tras el primer grito independentista realizado el 19 de abril de 1810 por el Cabildo de Caracas, el 2 de marzo de 1811 se instal\u00f3 el primer Congreso de Venezuela con la representaci\u00f3n de siete provincias de la entonces colonia espa\u00f1ola.<\/p>\n\n\n\n<p>El 5 de julio de 1811, los territorios de Caracas, Cuman\u00e1, Barinas, Margarita, M\u00e9rida, Barcelona y Trujillo declararon su independencia de la Corona de Espa\u00f1a, establecieron una nueva naci\u00f3n basada en principios republicanos y federales, y abolieron la monarqu\u00eda bajo los valores de la igualdad de los individuos.<\/p>\n\n\n\n<p>Asimismo, el Acta de Declaraci\u00f3n de Independencia consagr\u00f3 el principio constitucional y se opuso radicalmente a las pr\u00e1cticas pol\u00edticas, culturales y sociales impuestas durante los 300 a\u00f1os de r\u00e9gimen colonial en Am\u00e9rica.<\/p>\n\n\n\n<p>mem\/wup<\/p>\n","protected":false},"excerpt":{"rendered":"<p>Caracas, 5 jul (Prensa Latina) El presidente Nicol\u00e1s Maduro envi\u00f3 hoy un saludo al pueblo de Venezuela y un reconocimiento a la Fuerza Armada Nacional Bolivariana (FANB), al celebrar el aniversario 211 de la Declaraci\u00f3n de Independencia. julio 5, 2022 CDT09:49 (GMT) -0400 \u201cD\u00eda de Patria Libre, Soberana e Independiente. Celebramos de pie, victoriosos y [&hellip;]<\/p>\n","protected":false},"author":28,"featured_media":331257,"comment_status":"closed","ping_status":"","sticky":true,"template":"","format":"standard","meta":{"footnotes":""},"categories":[26,27],"tags":[],"class_list":["post-366278","post","type-post","status-publish","format-standard","has-post-thumbnail","hentry","category-efemerides","category-portada"],"_links":{"self":[{"href":"https:\/\/diariodominicano.com\/index.php?rest_route=\/wp\/v2\/posts\/366278","targetHints":{"allow":["GET"]}}],"collection":[{"href":"https:\/\/diariodominicano.com\/index.php?rest_route=\/wp\/v2\/posts"}],"about":[{"href":"https:\/\/diariodominicano.com\/index.php?rest_route=\/wp\/v2\/types\/post"}],"author":[{"embeddable":true,"href":"https:\/\/diariodominicano.com\/index.php?rest_route=\/wp\/v2\/users\/28"}],"replies":[{"embeddable":true,"href":"https:\/\/diariodominicano.com\/index.php?rest_route=%2Fwp%2Fv2%2Fcomments&post=366278"}],"version-history":[{"count":1,"href":"https:\/\/diariodominicano.com\/index.php?rest_route=\/wp\/v2\/posts\/366278\/revisions"}],"predecessor-version":[{"id":366279,"href":"https:\/\/diariodominicano.com\/index.php?rest_route=\/wp\/v2\/posts\/366278\/revisions\/366279"}],"wp:featuredmedia":[{"embeddable":true,"href":"https:\/\/diariodominicano.com\/index.php?rest_route=\/wp\/v2\/media\/331257"}],"wp:attachment":[{"href":"https:\/\/diariodominicano.com\/index.php?rest_route=%2Fwp%2Fv2%2Fmedia&parent=366278"}],"wp:term":[{"taxonomy":"category","embeddable":true,"href":"https:\/\/diariodominicano.com\/index.php?rest_route=%2Fwp%2Fv2%2Fcategories&post=366278"},{"taxonomy":"post_tag","embeddable":true,"href":"https:\/\/diariodominicano.com\/index.php?rest_route=%2Fwp%2Fv2%2Ftags&post=366278"}],"curies":[{"name":"wp","href":"https:\/\/api.w.org\/{rel}","templated":true}]}}