{"id":36624,"date":"2007-12-19T05:17:57","date_gmt":"2007-12-19T05:17:57","guid":{"rendered":"http:\/\/diariodominicano.ddns.net\/?p=36624"},"modified":"2007-12-19T05:17:57","modified_gmt":"2007-12-19T05:17:57","slug":"mercosur-y-la-comunidad-andina-de-naciones-can","status":"publish","type":"post","link":"https:\/\/diariodominicano.com\/?p=36624","title":{"rendered":"MERCOSUR Y LA COMUNIDAD ANDINA DE NACIONES \u2013CAN-"},"content":{"rendered":"<p><body><\/p>\n<p align=\"center\"><strong class=\"titulogrande1\">MERCOSUR Y LA COMUNIDAD ANDINA  DE NACIONES \u2013CAN-<\/strong><br \/>&#13;<br \/>\n  <br \/>&#13;<br \/>\n    <strong>Por<\/strong> <strong>Milton Olivo<\/strong><\/p>\n<p>&#13;<\/p>\n<p align=\"justify\" class=\"text1noticias\">Un primer paso \u2013planteado- es la profundizaci\u00f3n  del MERCOSUR como proyecto pol\u00edtico que acreciente su gravitaci\u00f3n y capacidad  de negociaci\u00f3n internacional. Tanto por su historia como por su  proyecci\u00f3n,\u00a0 es m\u00e1s que un proyecto  comercial o a\u00fan econ\u00f3mico, s\u00f3lo encaminado a resolver problemas  circunstanciales o intereses sectoriales. Sus or\u00edgenes estuvieron relacionados  con el fortalecimiento de los reg\u00edmenes democr\u00e1ticos de Argentina y de Brasil y  con las negociaciones econ\u00f3micas bilaterales sobre la energ\u00eda nuclear. Fue un  proyecto de los Estados, no de grupos corporativos privados, aunque en algunas  etapas de su devenir pareci\u00f3 cooptado por el discurso neoconservador.<\/p>\n<p>&#13;<\/p>\n<p align=\"justify\" class=\"text1noticias\">El MERCOSUR posibilitar\u00e1 a las poblaciones de sus  Estados Miembros sobrevivir y a\u00fan prosperar, en un mundo oligopolizado a nivel  pol\u00edtico, militar, econ\u00f3mico y tecnol\u00f3gico, en la medida que manifieste una  voluntad pol\u00edtica en ese sentido y los Estados (a trav\u00e9s de sus gobiernos)  establezcan reglas y l\u00edmites a los actores transnacionales y tambi\u00e9n a grupos  privados locales, acostumbrados a hacer exclusivamente la propia. La econom\u00eda  Argentina, seg\u00fan estimaciones del Banco Mundial, s\u00f3lo representaba (2002) el  1,5% de la econom\u00eda de EUA y el 0,5%\u00a0 de  la mundial. El ALCSA, por su lado, cuenta con un PBI de casi U$ S 1.000  millardos, equivalente al\u00a0 3,3% de la  econom\u00eda mundial y al 10% del PBI de EUA.<\/p>\n<p>&#13;<\/p>\n<p align=\"justify\" class=\"text1noticias\">El MERCOSUR tendr\u00eda que orientarse hacia lo que  Galtung llama Integraci\u00f3n Asociativa, es decir Homog\u00e9nea (pa\u00edses en desarrollo  que persiguen el desarrollo); Horizontal (Estados Parte de un mismo nivel); e  Igualitaria porque su principal meta es repartir justicia entre sus miembros.<\/p>\n<p>&#13;<\/p>\n<p align=\"justify\" class=\"text1noticias\">La Integraci\u00f3n Asociativa tendr\u00eda que procurarse a trav\u00e9s de alg\u00fan tipo de coordinaci\u00f3n macro  pol\u00edtica: pol\u00edtica externa conjunta, pol\u00edtica de defensa conjunta y tambi\u00e9n una  coordinaci\u00f3n macroecon\u00f3mica que sirva de cimiento del edificio asociativo y de  la selecci\u00f3n de cadenas de valor que se distribuyan en toda la geograf\u00eda del  MERCOSUR, sin divisi\u00f3n ricardiana del trabajo. Los empresarios y tambi\u00e9n los  trabajadores negociar\u00edan las condiciones de la complementaci\u00f3n econ\u00f3mica,  dentro de marcos convenidos a nivel de los Estados Miembros. <br \/>&#13;<br \/>\n  <br \/>&#13;<br \/>\nPor otra parte, tendr\u00eda  que completarse la   Uni\u00f3n Aduanera, evitando cuestiones como las perforaciones al  arancel externo com\u00fan, su doble cobro y el reconocimiento mutuo de  certificaciones sanitarias.<\/p>\n<p>&#13;<\/p>\n<p align=\"justify\" class=\"text1noticias\">Ser\u00eda necesario crear condiciones  infraestructurales para que las personas, los bienes y servicios puedan  encontrarse, comunicarse e intercambiarse. Para ello se debe disponer de una  densa red vial, de ferrocarriles, de transporte fluvial, de oleoductos y  gasoductos a nivel intra-MERCOSUR y dentro del marco del Plan de Acci\u00f3n para la IIRSA. Tambi\u00e9n  habr\u00eda que promover la integraci\u00f3n de regiones fronterizas y de las que se  encuentren m\u00e1s all\u00e1 de los l\u00edmites nacionales.<\/p>\n<p>&#13;<\/p>\n<p align=\"justify\" class=\"text1noticias\">El desarrollo institucional deseable, se relaciona  con el fortalecimiento de los mecanismos intergubernamentales que superen el  d\u00e9ficit de implementaci\u00f3n de la normativa MERCOSUR y la resoluci\u00f3n de  conflictos puntuales, entre otros temas. La eventual configuraci\u00f3n de un  Parlamento electo por el voto directo, supondr\u00eda trabajar a favor de alianzas  sociales y pol\u00edticas transfronterizas a nivel del Bloque. Por otra parte, la  constituci\u00f3n de un Fondo Estructural de U$S 100 millones contribuir\u00eda a  morigerar las asimetr\u00edas intra-MERCOSUR.<\/p>\n<p>&#13;<\/p>\n<p align=\"justify\" class=\"text1noticias\">En el \u00e1mbito militar los Estados Miembros  resolvieron conjuntamente con Chile, Bolivia y Per\u00fa integrar una misi\u00f3n militar  en Hait\u00ed. Seg\u00fan este enfoque, el \u201corden democr\u00e1tico\u201d, en este caso de Am\u00e9rica  Latina,\u00a0 es un asunto que tambi\u00e9n les  incumbe. A pesar de que se trata de un asunto no sudamericano, decidieron  involucrarse. As\u00ed como un Estado ejerce el monopolio de la fuerza a nivel de su  jurisdicci\u00f3n dom\u00e9stica, los Estados mancomunados tendr\u00edan que participar en el  mantenimiento del orden dentro del territorio compartido. El resguardo de la Patagonia y de la Amazonia, as\u00ed como de  recursos vitales como el agua requerir\u00eda la conformaci\u00f3n de una fuerza militar  conjunta.<\/p>\n<p>&#13;<\/p>\n<p align=\"justify\" class=\"text1noticias\">Un punto no menor es una mayor sinergia entre las  entidades gubernamentales, sociales, econ\u00f3micas y culturales afines al  fortalecimiento del Bloque, para conformar un n\u00facleo duro catalizador de la  integraci\u00f3n.<\/p>\n<p>&#13;<\/p>\n<p align=\"justify\" class=\"text1noticias\">El segundo paso, est\u00e1 relacionado con la  convergencia CAN-MERCOSUR dentro del espacio sudamericano. Dicha convergencia  presenta varias aristas. Para Argentina a trav\u00e9s de Chile (Estado Asociado al  MERCOSUR) y para el MERCOSUR a trav\u00e9s de los pa\u00edses miembros de la CAN implica conformar un  \u00e1mbito geogr\u00e1fico bioce\u00e1nico que excede el hist\u00f3rico atlantismo y estrecha la  relaci\u00f3n con los din\u00e1micos Estados y mercados asi\u00e1ticos. La condici\u00f3n de Estado  Asociado de Venezuela significar\u00eda acceso al principal mercado de la CAN, petr\u00f3leo, gas y lazos con  la OPEP.<\/p>\n<p>&#13;<\/p>\n<p align=\"justify\" class=\"text1noticias\">MERCOSUR representa casi el 42% de la poblaci\u00f3n de  Am\u00e9rica Latina, mientras que la   CAN representa el 22%. El primer Bloque provee el 40% del PB  de Am\u00e9rica Latina y el segundo el 16%. Chile que no pertenece a ninguno de los  dos Bloques tiene el 4% de la poblaci\u00f3n e igual porcentaje de PBI. Ambos  Bloques re\u00fanen a 4 pa\u00edses que por el tama\u00f1o de sus econom\u00edas son los m\u00e1s  importantes de Am\u00e9rica del Sur: Brasil, Argentina, Venezuela y Colombia. <\/p>\n<p>&#13;<\/p>\n<p align=\"justify\" class=\"text1noticias\">MERCOSUR representa alrededor del 33% de las  exportaciones de Am\u00e9rica Latina y la   CAN aproximadamente el 17%, juntos dan cuenta de casi la  mitad de las exportaciones. La conformaci\u00f3n del ALCSA o eventualmente de una  COMUNIDAD SUDAMERICANA DE NACIONES tendr\u00eda capacidad de negociaci\u00f3n y maniobra  en la Regi\u00f3n y  tambi\u00e9n en el mundo. <br \/>&#13;<br \/>\n  <br \/>&#13;<br \/>\nEl comercio intra-MERCOSUR es de aproximadamente 20% del  total de las exportaciones de sus Miembros y el intra- CAN de aproximadamente  11%. Las exportaciones del MERCOSUR est\u00e1n diversificadas entre UE, EUA y Asia,  las de la CAN  tienen como destino principal a EUA.<\/p>\n<p>&#13;<\/p>\n<p align=\"justify\" class=\"text1noticias\">As\u00ed como Argentina-Brasil representan el n\u00facleo  duro del MERCOSUR, Colombia-Venezuela representan alrededor del 70% del PB de la CAN\u00a0 y el eje comercial que gobierna la conducta  econ\u00f3mica y comercial de dicha Comunidad. <\/p>\n<p>&#13;<\/p>\n<p align=\"justify\" class=\"text1noticias\">Recopilado de\u00a0  la Integraci\u00f3n  de la Am\u00e9rica  del Sur. Alberto J. Sosa.<br \/>&#13;<br \/>\n  Milton.olivo@gmail.com<\/p>\n<p>&#13;<\/p>\n<div>&#13;<\/p>\n<div id=\"ftn1\"> <\/div>\n<p>&#13;\n<\/p><\/div>\n<p>&#13;<\/p>\n<h6> 2007-12-19 05:17:57 <\/h6>\n<p><!--\n<link rel=\"stylesheet\" href=\"css\/bootstrap.min.css\">\n\n\n<ul class=\"pagination\">\n\t    \n\t\n\n<li >\n\t<a href='?page_no=12468'>Previous<\/a>\n\t<\/li>\n\n\n       \n    \n\n<li><a href='?page_no=1'>1<\/a><\/li>\n\n\n\n<li><a href='?page_no=2'>2<\/a><\/li>\n\n\n\n<li><a>...<\/a><\/li>\n\n\n\n<li><a href='?page_no=12467'>12467<\/a><\/li>\n\n\n\n<li><a href='?page_no=12468'>12468<\/a><\/li>\n\n\n\n<li class='active'><a>12469<\/a><\/li>\n\n\n\n<li><a href='?page_no=12470'>12470<\/a><\/li>\n\n\n\n<li><a href='?page_no=12471'>12471<\/a><\/li>\n\n\n\n<li><a>...<\/a><\/li>\n\n\n\n<li><a href='?page_no=13611'>13611<\/a><\/li>\n\n\n\n<li><a href='?page_no=13612'>13612<\/a><\/li>\n\n    \n\t\n\n<li >\n\t<a href='?page_no=12470'>Next<\/a>\n\t<\/li>\n\n\n    \n\n<li><a href='?page_no=13612'>Last &rsaquo;&rsaquo;<\/a><\/li>\n\n<\/ul>\n\n\n--><br \/>\n<\/body><\/p>\n","protected":false},"excerpt":{"rendered":"<p>MERCOSUR Y LA COMUNIDAD ANDINA DE NACIONES \u2013CAN-&#13; &#13; Por Milton Olivo &#13; Un primer paso \u2013planteado- es la profundizaci\u00f3n del MERCOSUR como proyecto pol\u00edtico que acreciente su gravitaci\u00f3n y capacidad de negociaci\u00f3n internacional. Tanto por su historia como por su proyecci\u00f3n,\u00a0 es m\u00e1s que un proyecto comercial o a\u00fan econ\u00f3mico, s\u00f3lo encaminado a resolver [&hellip;]<\/p>\n","protected":false},"author":3,"featured_media":0,"comment_status":"open","ping_status":"open","sticky":false,"template":"","format":"standard","meta":{"footnotes":""},"categories":[16],"tags":[],"class_list":["post-36624","post","type-post","status-publish","format-standard","hentry","category-opiniones"],"_links":{"self":[{"href":"https:\/\/diariodominicano.com\/index.php?rest_route=\/wp\/v2\/posts\/36624","targetHints":{"allow":["GET"]}}],"collection":[{"href":"https:\/\/diariodominicano.com\/index.php?rest_route=\/wp\/v2\/posts"}],"about":[{"href":"https:\/\/diariodominicano.com\/index.php?rest_route=\/wp\/v2\/types\/post"}],"author":[{"embeddable":true,"href":"https:\/\/diariodominicano.com\/index.php?rest_route=\/wp\/v2\/users\/3"}],"replies":[{"embeddable":true,"href":"https:\/\/diariodominicano.com\/index.php?rest_route=%2Fwp%2Fv2%2Fcomments&post=36624"}],"version-history":[{"count":0,"href":"https:\/\/diariodominicano.com\/index.php?rest_route=\/wp\/v2\/posts\/36624\/revisions"}],"wp:attachment":[{"href":"https:\/\/diariodominicano.com\/index.php?rest_route=%2Fwp%2Fv2%2Fmedia&parent=36624"}],"wp:term":[{"taxonomy":"category","embeddable":true,"href":"https:\/\/diariodominicano.com\/index.php?rest_route=%2Fwp%2Fv2%2Fcategories&post=36624"},{"taxonomy":"post_tag","embeddable":true,"href":"https:\/\/diariodominicano.com\/index.php?rest_route=%2Fwp%2Fv2%2Ftags&post=36624"}],"curies":[{"name":"wp","href":"https:\/\/api.w.org\/{rel}","templated":true}]}}