{"id":366237,"date":"2022-07-04T23:55:36","date_gmt":"2022-07-05T03:55:36","guid":{"rendered":"http:\/\/diariodominicano.com\/?p=366237"},"modified":"2022-07-04T23:58:26","modified_gmt":"2022-07-05T03:58:26","slug":"llega-a-republica-dominicana-la-primera-mision-del-prd-fundado-en-cuba","status":"publish","type":"post","link":"https:\/\/diariodominicano.com\/?p=366237","title":{"rendered":"Llega a Rep\u00fablica Dominicana la primera misi\u00f3n del PRD fundado en Cuba"},"content":{"rendered":"\n<p> Cuando lleg\u00f3 la comisi\u00f3n del PRD, formada por Nicol\u00e1s Silva, Ram\u00f3n Castillo y \u00c1ngel Miol\u00e1n, en Rep\u00fablica Dominicana  se sufr\u00eda  una situaci\u00f3n de terror. <\/p>\n\n\n\n<p><strong>\u00a0 SANTO DOMINGO,<\/strong>\u00a0 el 5 de julio de 1961, lleg\u00f3 a Rep\u00fablica Dominicana\u00a0 la primera comisi\u00f3n del Partido Revolucionario Dominicano (PRD), que hab\u00eda sido fundado en la Habana en el a\u00f1o 1939.<\/p>\n\n\n\n<p>La Comisi\u00f3n&nbsp;&nbsp; vino con el prop\u00f3sito de iniciar las actividades en el pa\u00eds, en un momento que a\u00fan permanec\u00edan en el poder&nbsp; los miembros de la familia y la estructura represiva&nbsp; de la dictadura trujillista.<\/p>\n\n\n\n<p>\u00a0\u00a0 El dictador Rafael Le\u00f3nidas Trujillo Molina\u00a0 hab\u00eda sido\u00a0 asesinado el 30 de mayo de 1961,\u00a0 pero el 5 de julio de 1961, cuando lleg\u00f3 la comisi\u00f3n del PRD, formada por Nicol\u00e1s Silva, Ram\u00f3n Castillo y \u00c1ngel Miol\u00e1n, en el pa\u00eds se viv\u00eda una situaci\u00f3n de terror.<\/p>\n\n\n\n<p>&nbsp;&nbsp; Varios de los participantes en la muerte de Trujillo hab\u00edan&nbsp; sido torturados y asesinados, as\u00ed como familiares y amigos.<\/p>\n\n\n\n<p>&nbsp;&nbsp; Luego la comisi\u00f3n del PRD se entrevist\u00f3 con las autoridades de turno, incluido el hijo del dictador Rafael Le\u00f3nidas Trujillo Mart\u00ednez (RAMFIS), que era jefe del Estado Mayor Conjunto, el m\u00e1ximo aparato militar del pa\u00eds.<\/p>\n\n\n\n<p>&nbsp;&nbsp;&nbsp; Al PRD luego le tocar\u00eda luchar por la destrujillizaci\u00f3n del pa\u00eds.<\/p>\n\n\n\n<p>&nbsp;&nbsp; En las elecciones del 20 de diciembre de 1962, las primeras tras la ca\u00edda de la dictadura, result\u00f3 triunfante el PRD, con sus candidatos&nbsp; el profesor Juan Bosch y&nbsp; el doctor Segundo Armando&nbsp; Gonz\u00e1lez Tamayo.<\/p>\n\n\n\n<p>&nbsp;&nbsp; El primer Gobierno perrede\u00edsta fue derrocado el 25 de septiembre de 1963, pero el PRD sigui\u00f3 su lucha hasta lograr el retorno a la constitucionalidad.<\/p>\n\n\n\n<p>&nbsp;El PRD hab\u00eda sido fundado por exiliados pol\u00edticos dominicanos&nbsp; en la Habana, Cuba, el&nbsp; 21 de enero de 1939. Su primera reuni\u00f3n se produjo en&nbsp; \u201cEl Cano\u201d, en las&nbsp; afueras de La Habana, en la residencia de Virgilio Mainardi&nbsp; Reyna, y&nbsp; se estructur\u00f3 en 194 en el Primer Congreso Constitutivo, con la participaci\u00f3n de las delegaciones de La Habana, Santiago de Cuba, Guant\u00e1namo, Bay\u00e1mo, Nueva York, Puerto Rico y Venezuela.&nbsp;<\/p>\n\n\n\n<p>La actividad fue encabezada por&nbsp; Juan Bosch Gavi\u00f1o,&nbsp; Juan Isidro Jimenes Grull\u00f3n, y Enrique Cotubanam\u00e1 Henr\u00edquez.<\/p>\n\n\n\n<p>Entre los asistentes al acto&nbsp; se encontraron&nbsp; R\u00f3mulo Betancourt, de Acci\u00f3n Democr\u00e1tica de Venezuela, y Lu\u00eds Alberto S\u00e1nchez del APRA, del Per\u00fa.<\/p>\n","protected":false},"excerpt":{"rendered":"<p>Cuando lleg\u00f3 la comisi\u00f3n del PRD, formada por Nicol\u00e1s Silva, Ram\u00f3n Castillo y \u00c1ngel Miol\u00e1n, en Rep\u00fablica Dominicana se sufr\u00eda una situaci\u00f3n de terror. \u00a0 SANTO DOMINGO,\u00a0 el 5 de julio de 1961, lleg\u00f3 a Rep\u00fablica Dominicana\u00a0 la primera comisi\u00f3n del Partido Revolucionario Dominicano (PRD), que hab\u00eda sido fundado en la Habana en el a\u00f1o [&hellip;]<\/p>\n","protected":false},"author":28,"featured_media":285047,"comment_status":"closed","ping_status":"","sticky":true,"template":"","format":"standard","meta":{"footnotes":""},"categories":[26,27],"tags":[],"class_list":["post-366237","post","type-post","status-publish","format-standard","has-post-thumbnail","hentry","category-efemerides","category-portada"],"_links":{"self":[{"href":"https:\/\/diariodominicano.com\/index.php?rest_route=\/wp\/v2\/posts\/366237","targetHints":{"allow":["GET"]}}],"collection":[{"href":"https:\/\/diariodominicano.com\/index.php?rest_route=\/wp\/v2\/posts"}],"about":[{"href":"https:\/\/diariodominicano.com\/index.php?rest_route=\/wp\/v2\/types\/post"}],"author":[{"embeddable":true,"href":"https:\/\/diariodominicano.com\/index.php?rest_route=\/wp\/v2\/users\/28"}],"replies":[{"embeddable":true,"href":"https:\/\/diariodominicano.com\/index.php?rest_route=%2Fwp%2Fv2%2Fcomments&post=366237"}],"version-history":[{"count":4,"href":"https:\/\/diariodominicano.com\/index.php?rest_route=\/wp\/v2\/posts\/366237\/revisions"}],"predecessor-version":[{"id":366241,"href":"https:\/\/diariodominicano.com\/index.php?rest_route=\/wp\/v2\/posts\/366237\/revisions\/366241"}],"wp:featuredmedia":[{"embeddable":true,"href":"https:\/\/diariodominicano.com\/index.php?rest_route=\/wp\/v2\/media\/285047"}],"wp:attachment":[{"href":"https:\/\/diariodominicano.com\/index.php?rest_route=%2Fwp%2Fv2%2Fmedia&parent=366237"}],"wp:term":[{"taxonomy":"category","embeddable":true,"href":"https:\/\/diariodominicano.com\/index.php?rest_route=%2Fwp%2Fv2%2Fcategories&post=366237"},{"taxonomy":"post_tag","embeddable":true,"href":"https:\/\/diariodominicano.com\/index.php?rest_route=%2Fwp%2Fv2%2Ftags&post=366237"}],"curies":[{"name":"wp","href":"https:\/\/api.w.org\/{rel}","templated":true}]}}