{"id":366235,"date":"2022-07-04T23:50:29","date_gmt":"2022-07-05T03:50:29","guid":{"rendered":"http:\/\/diariodominicano.com\/?p=366235"},"modified":"2022-07-04T23:50:29","modified_gmt":"2022-07-05T03:50:29","slug":"jacobo-majluta-juramentado-presidente-de-la-republica-dominicana","status":"publish","type":"post","link":"https:\/\/diariodominicano.com\/?p=366235","title":{"rendered":"Jacobo Majluta juramentado Presidente de la Rep\u00fablica Dominicana"},"content":{"rendered":"\n<p>SANTO DOMINGO, el 5 de julio de 1982, inici\u00f3 sus actividades como Presidente de la Rep\u00fablica, el licenciado Jacobo Majluta, quien fue juramentado como jefe de Estado por el Presidente de la Suprema Corte de Justicia, al producirse la muerte por suicidio del Presidente Antonio Guzm\u00e1n, la madrugada del d\u00eda 4 de julio.<\/p>\n\n\n\n<p>&nbsp;&nbsp;&nbsp; Jacobo Majluta fue el compa\u00f1ero de boleta de don Antonio Guzm\u00e1n, en las elecciones del 16 de mayo de 1978, cuando el Partido Revolucionario Dominicano le gan\u00f3 las elecciones al Partido Reformista, que llev\u00f3 como candidato al Presidente Joaqu\u00edn Balaguer que buscaba su tercera reelecci\u00f3n.<\/p>\n\n\n\n<p>&nbsp;&nbsp; El mismo d\u00eda 4 de julio, a&nbsp; las 9 de la ma\u00f1ana, el licenciado Jacobo Majluta se dirigi\u00f3 al pa\u00eds, para dar la noticia de manera oficial. En la ocasi\u00f3n dijo:<\/p>\n\n\n\n<p>&nbsp;&nbsp;&nbsp; \u201cEn mi condici\u00f3n de Presidente Constitucional de la Rep\u00fablica, cumplo con el lamentable deber de hacer saber a toda la naci\u00f3n dominicana que el Excelent\u00edsimo Se\u00f1or Presidente Antonio Guzm\u00e1n Fern\u00e1ndez ha fallecido en tr\u00e1gicas circunstancias en su despacho del Palacio Nacional, durante las \u00faltimas horas de la noche.<\/p>\n\n\n\n<p>&nbsp;&nbsp; \u201cEl acto de juramentaci\u00f3n del nuevo presidente se ha celebrado hace unos instantes ante el presidente de la Suprema Corte de Justicia.<\/p>\n\n\n\n<p>&nbsp;&nbsp;&nbsp; En su mensaje a la naci\u00f3n el reci\u00e9n juramentado presidente de la Rep\u00fablica, licenciado Jacobo Majluta, resalt\u00f3 la obediencia del poder militar al poder civil:<\/p>\n\n\n\n<p>&nbsp;&nbsp;&nbsp; \u201cTodos los cuerpos armados de la naci\u00f3n apoyan sin reservas la continuidad del orden constitucional, y mantienen&nbsp; la seguridad del Estado.<\/p>\n\n\n\n<p>&nbsp;&nbsp; \u201cComo comandante en jefe de las Fuerzas Armadas y la Polic\u00eda, garantizo la transmisi\u00f3n del mando a las nuevas autoridades electas en los comicios de mayo pasado.<\/p>\n\n\n\n<p>&nbsp;&nbsp; \u201cExhorto a la ciudadan\u00eda, en esta hora luctuosa para el pa\u00eds, a concurrir en orden a las ceremonias de enterramiento del Presidente Guzm\u00e1n.<\/p>\n\n\n\n<p>&nbsp;&nbsp; El ex Presidente Jacobo Majluta dirigi\u00f3 la administraci\u00f3n del Gobierno hasta el 16 de agosto cuando termin\u00f3 su per\u00edodo constitucional y traspas\u00f3 el mando al presidente electo en los comicios del 16 de mayo de&nbsp; 1982, el doctor Salvador Jorge Blanco.<\/p>\n","protected":false},"excerpt":{"rendered":"<p>SANTO DOMINGO, el 5 de julio de 1982, inici\u00f3 sus actividades como Presidente de la Rep\u00fablica, el licenciado Jacobo Majluta, quien fue juramentado como jefe de Estado por el Presidente de la Suprema Corte de Justicia, al producirse la muerte por suicidio del Presidente Antonio Guzm\u00e1n, la madrugada del d\u00eda 4 de julio. &nbsp;&nbsp;&nbsp; Jacobo [&hellip;]<\/p>\n","protected":false},"author":28,"featured_media":265965,"comment_status":"closed","ping_status":"","sticky":true,"template":"","format":"standard","meta":{"footnotes":""},"categories":[26,27],"tags":[],"class_list":["post-366235","post","type-post","status-publish","format-standard","has-post-thumbnail","hentry","category-efemerides","category-portada"],"_links":{"self":[{"href":"https:\/\/diariodominicano.com\/index.php?rest_route=\/wp\/v2\/posts\/366235","targetHints":{"allow":["GET"]}}],"collection":[{"href":"https:\/\/diariodominicano.com\/index.php?rest_route=\/wp\/v2\/posts"}],"about":[{"href":"https:\/\/diariodominicano.com\/index.php?rest_route=\/wp\/v2\/types\/post"}],"author":[{"embeddable":true,"href":"https:\/\/diariodominicano.com\/index.php?rest_route=\/wp\/v2\/users\/28"}],"replies":[{"embeddable":true,"href":"https:\/\/diariodominicano.com\/index.php?rest_route=%2Fwp%2Fv2%2Fcomments&post=366235"}],"version-history":[{"count":1,"href":"https:\/\/diariodominicano.com\/index.php?rest_route=\/wp\/v2\/posts\/366235\/revisions"}],"predecessor-version":[{"id":366236,"href":"https:\/\/diariodominicano.com\/index.php?rest_route=\/wp\/v2\/posts\/366235\/revisions\/366236"}],"wp:featuredmedia":[{"embeddable":true,"href":"https:\/\/diariodominicano.com\/index.php?rest_route=\/wp\/v2\/media\/265965"}],"wp:attachment":[{"href":"https:\/\/diariodominicano.com\/index.php?rest_route=%2Fwp%2Fv2%2Fmedia&parent=366235"}],"wp:term":[{"taxonomy":"category","embeddable":true,"href":"https:\/\/diariodominicano.com\/index.php?rest_route=%2Fwp%2Fv2%2Fcategories&post=366235"},{"taxonomy":"post_tag","embeddable":true,"href":"https:\/\/diariodominicano.com\/index.php?rest_route=%2Fwp%2Fv2%2Ftags&post=366235"}],"curies":[{"name":"wp","href":"https:\/\/api.w.org\/{rel}","templated":true}]}}