{"id":366231,"date":"2022-07-04T23:46:46","date_gmt":"2022-07-05T03:46:46","guid":{"rendered":"http:\/\/diariodominicano.com\/?p=366231"},"modified":"2022-07-04T23:47:14","modified_gmt":"2022-07-05T03:47:14","slug":"santiago-espaillat-rechaza-la-presidencia-de-la-republica-2","status":"publish","type":"post","link":"https:\/\/diariodominicano.com\/?p=366231","title":{"rendered":"Santiago Espaillat rechaza la Presidencia de la Rep\u00fablica"},"content":{"rendered":"\n<p><strong>Santiago Espaillat<\/strong><\/p>\n\n\n\n<p>SANTO DOMINGO, el\u00a0 5 de julio de 1849, en elecciones convocadas por el general Pedro Santana, encargado del Poder Ejecutivo, fue electo presidente de la Rep\u00fablica el ciudadano Santiago Espaillat, quien de inmediato declin\u00f3 el cargo.<\/p>\n\n\n\n<p>&nbsp;&nbsp;&nbsp; Santiago Espaillat, dijo que tomaba la decisi\u00f3n por razones de edad y de salud que no le permit\u00edan&nbsp; asumir la jefatura del Estado. Espaillat hab\u00eda sido escogido para el cargo por el Presidente Pedro Santana.<\/p>\n\n\n\n<p>El historiador Frank Moya Pons, en su obra&nbsp; Manual de Historia Dominicana, expresa el criterio de&nbsp; que declin\u00f3 la Presidencia a conciencia de que si no lo hac\u00eda se convertir\u00eda en un t\u00edtere del Jefe del Ej\u00e9rcito.<\/p>\n\n\n\n<p>&nbsp;&nbsp;&nbsp; Ante esa situaci\u00f3n, el Congreso convoc\u00f3 a nuevas elecciones para el 5 de agosto de 1849.<\/p>\n\n\n\n<p>&nbsp;&nbsp;&nbsp; Pedro Santana manten\u00eda el control del Poder Ejecutivo desde el d\u00eda 30 de mayo de 1849, tras provocar la renuncia del Presidente Manuel Jimenes, el d\u00eda 29 de mayo.<\/p>\n\n\n\n<p>&nbsp;&nbsp; Cuando Pedro Santana se hizo cargo del Poder Ejecutivo el 30 de mayo de 1849, proclam\u00f3 que lo hizo \u201cpor mandato de los pueblos y el Ej\u00e9rcito\u201d.<\/p>\n\n\n\n<p>&nbsp;&nbsp; Durante ese per\u00edodo desat\u00f3 una campa\u00f1a de represi\u00f3n contra sus adversarios. Algunos pudieron salir al exilio.<\/p>\n\n\n\n<p>&nbsp;&nbsp; Al tratar sobre el motivo de Santiago Espaillat, para no aceptar la elecci\u00f3n presidencial, el historiador Rufino Mart\u00ednez sostiene en su obra&nbsp; \u201cDiccionario Biogr\u00e1fico-Hist\u00f3rico Dominicano 1821-1930,&nbsp; que como era de avanzada edad y hombre de honrado criterio pol\u00edtico en cuanto al valer personal entre quienes se mov\u00eda, puso de pretexto para no aceptar el cargo, su ancianidad, falta de salud, de riqueza y de los instintos adecuados a la vida p\u00fablica.<\/p>\n","protected":false},"excerpt":{"rendered":"<p>Santiago Espaillat SANTO DOMINGO, el\u00a0 5 de julio de 1849, en elecciones convocadas por el general Pedro Santana, encargado del Poder Ejecutivo, fue electo presidente de la Rep\u00fablica el ciudadano Santiago Espaillat, quien de inmediato declin\u00f3 el cargo. &nbsp;&nbsp;&nbsp; Santiago Espaillat, dijo que tomaba la decisi\u00f3n por razones de edad y de salud que no [&hellip;]<\/p>\n","protected":false},"author":28,"featured_media":366232,"comment_status":"closed","ping_status":"","sticky":true,"template":"","format":"standard","meta":{"footnotes":""},"categories":[26,27],"tags":[],"class_list":["post-366231","post","type-post","status-publish","format-standard","has-post-thumbnail","hentry","category-efemerides","category-portada"],"_links":{"self":[{"href":"https:\/\/diariodominicano.com\/index.php?rest_route=\/wp\/v2\/posts\/366231","targetHints":{"allow":["GET"]}}],"collection":[{"href":"https:\/\/diariodominicano.com\/index.php?rest_route=\/wp\/v2\/posts"}],"about":[{"href":"https:\/\/diariodominicano.com\/index.php?rest_route=\/wp\/v2\/types\/post"}],"author":[{"embeddable":true,"href":"https:\/\/diariodominicano.com\/index.php?rest_route=\/wp\/v2\/users\/28"}],"replies":[{"embeddable":true,"href":"https:\/\/diariodominicano.com\/index.php?rest_route=%2Fwp%2Fv2%2Fcomments&post=366231"}],"version-history":[{"count":2,"href":"https:\/\/diariodominicano.com\/index.php?rest_route=\/wp\/v2\/posts\/366231\/revisions"}],"predecessor-version":[{"id":366234,"href":"https:\/\/diariodominicano.com\/index.php?rest_route=\/wp\/v2\/posts\/366231\/revisions\/366234"}],"wp:featuredmedia":[{"embeddable":true,"href":"https:\/\/diariodominicano.com\/index.php?rest_route=\/wp\/v2\/media\/366232"}],"wp:attachment":[{"href":"https:\/\/diariodominicano.com\/index.php?rest_route=%2Fwp%2Fv2%2Fmedia&parent=366231"}],"wp:term":[{"taxonomy":"category","embeddable":true,"href":"https:\/\/diariodominicano.com\/index.php?rest_route=%2Fwp%2Fv2%2Fcategories&post=366231"},{"taxonomy":"post_tag","embeddable":true,"href":"https:\/\/diariodominicano.com\/index.php?rest_route=%2Fwp%2Fv2%2Ftags&post=366231"}],"curies":[{"name":"wp","href":"https:\/\/api.w.org\/{rel}","templated":true}]}}