{"id":366229,"date":"2022-07-04T23:43:48","date_gmt":"2022-07-05T03:43:48","guid":{"rendered":"http:\/\/diariodominicano.com\/?p=366229"},"modified":"2022-07-04T23:43:48","modified_gmt":"2022-07-05T03:43:48","slug":"ejercito-de-haiti-pierde-en-el-enfrentamiento-de-los-pinos","status":"publish","type":"post","link":"https:\/\/diariodominicano.com\/?p=366229","title":{"rendered":"Ej\u00e9rcito de Hait\u00ed pierde en el enfrentamiento de Los Pinos"},"content":{"rendered":"\n<p>LOS PINOS, el 5 de julio de 1845, Militares dominicanos derrotaron a los invasores de Hait\u00ed al enfrentarlos en Los Pinos.<\/p>\n\n\n\n<p>&nbsp;&nbsp;&nbsp; En el tomo I, del Manual de Historia Militar Dominicana, se indica que Jos\u00e9 Tom\u00e1s Ram\u00edrez y sus tropas infligieron una derrota a los haitianos en el enfrentamiento de Los Pinos.<\/p>\n\n\n\n<p>&nbsp;&nbsp;&nbsp; Se\u00f1ala que \u201cMariano del Castillo y Dionisio Reyes, capitanes, sable en manos fueron los primeros que por entre el fuego abrieron brecha en el fuerte enemigo\u201d.<\/p>\n\n\n\n<p>&nbsp;&nbsp;&nbsp; El enfrentamiento fue parte de las acciones militares de la Rep\u00fablica Dominicana para impedir que tuvieran \u00e9xitos las invasiones haitianas contra el territorio nacional.<\/p>\n","protected":false},"excerpt":{"rendered":"<p>LOS PINOS, el 5 de julio de 1845, Militares dominicanos derrotaron a los invasores de Hait\u00ed al enfrentarlos en Los Pinos. &nbsp;&nbsp;&nbsp; En el tomo I, del Manual de Historia Militar Dominicana, se indica que Jos\u00e9 Tom\u00e1s Ram\u00edrez y sus tropas infligieron una derrota a los haitianos en el enfrentamiento de Los Pinos. &nbsp;&nbsp;&nbsp; Se\u00f1ala [&hellip;]<\/p>\n","protected":false},"author":28,"featured_media":363712,"comment_status":"closed","ping_status":"","sticky":true,"template":"","format":"standard","meta":{"footnotes":""},"categories":[26,27],"tags":[],"class_list":["post-366229","post","type-post","status-publish","format-standard","has-post-thumbnail","hentry","category-efemerides","category-portada"],"_links":{"self":[{"href":"https:\/\/diariodominicano.com\/index.php?rest_route=\/wp\/v2\/posts\/366229","targetHints":{"allow":["GET"]}}],"collection":[{"href":"https:\/\/diariodominicano.com\/index.php?rest_route=\/wp\/v2\/posts"}],"about":[{"href":"https:\/\/diariodominicano.com\/index.php?rest_route=\/wp\/v2\/types\/post"}],"author":[{"embeddable":true,"href":"https:\/\/diariodominicano.com\/index.php?rest_route=\/wp\/v2\/users\/28"}],"replies":[{"embeddable":true,"href":"https:\/\/diariodominicano.com\/index.php?rest_route=%2Fwp%2Fv2%2Fcomments&post=366229"}],"version-history":[{"count":1,"href":"https:\/\/diariodominicano.com\/index.php?rest_route=\/wp\/v2\/posts\/366229\/revisions"}],"predecessor-version":[{"id":366230,"href":"https:\/\/diariodominicano.com\/index.php?rest_route=\/wp\/v2\/posts\/366229\/revisions\/366230"}],"wp:featuredmedia":[{"embeddable":true,"href":"https:\/\/diariodominicano.com\/index.php?rest_route=\/wp\/v2\/media\/363712"}],"wp:attachment":[{"href":"https:\/\/diariodominicano.com\/index.php?rest_route=%2Fwp%2Fv2%2Fmedia&parent=366229"}],"wp:term":[{"taxonomy":"category","embeddable":true,"href":"https:\/\/diariodominicano.com\/index.php?rest_route=%2Fwp%2Fv2%2Fcategories&post=366229"},{"taxonomy":"post_tag","embeddable":true,"href":"https:\/\/diariodominicano.com\/index.php?rest_route=%2Fwp%2Fv2%2Ftags&post=366229"}],"curies":[{"name":"wp","href":"https:\/\/api.w.org\/{rel}","templated":true}]}}