{"id":36622,"date":"2007-12-19T05:24:10","date_gmt":"2007-12-19T05:24:10","guid":{"rendered":"http:\/\/diariodominicano.ddns.net\/?p=36622"},"modified":"2007-12-19T05:24:10","modified_gmt":"2007-12-19T05:24:10","slug":"perversidad-e-irresponsabilidad-politica","status":"publish","type":"post","link":"https:\/\/diariodominicano.com\/?p=36622","title":{"rendered":"Perversidad e irresponsabilidad pol\u00edtica"},"content":{"rendered":"<p><body><\/p>\n<p align=\"center\" class=\"titulogrande1\">Perversidad e irresponsabilidad pol\u00edtica<\/p>\n<p>&#13;<\/p>\n<p align=\"justify\"><strong>Por:<\/strong> <span class=\"textogrande\">Luis Fern\u00e1ndez<\/span><br \/>&#13;<br \/>\n<br \/>&#13;<br \/>\n<span class=\"text1noticias\">El ambiente pol\u00edtico del pa\u00eds cada d\u00eda se  ensombrece m\u00e1s y\u00a0 es que hay una parte de  nuestros dirigentes pol\u00edticos, que no entienden y no hacen el menor esfuerzo  por aprender que la pol\u00edtica es un servicio a la poblaci\u00f3n y que la misma debe  ser ejercida con transparencia y de cara a la\u00a0<\/span><span class=\"text1noticias\">naci\u00f3n.<\/span><\/p>\n<p>&#13;<\/p>\n<p align=\"justify\" class=\"text1noticias\">Nadie esta obligado a hacer de la ciencia  pol\u00edtica algo cre\u00edble, serio y responsable, pero nuestros dirigentes pol\u00edticos  si est\u00e1n obligados a actuar con seriedad , responsabilidad y credibilidad de  modo que el pueblo que ellos dicen defender pueda corresponder a sus mensajes y  a sus llamados.<\/p>\n<p>&#13;<\/p>\n<p align=\"justify\" class=\"text1noticias\">Es por todo esto que resulta altamente  vergonzoso, el panorama que nos presentan algunos pol\u00edticos de oposici\u00f3n  carentes de discursos y luces propias y con una ausencia total de propuestas y  planes, que ante la desesperaci\u00f3n que les produce, la poca aceptaci\u00f3n que  tienen en la poblaci\u00f3n, han acudido a las acusaciones tremendistas y descaradas  en una posici\u00f3n oportunista y electoralista, que busca confundir a la  poblaci\u00f3n.<\/p>\n<p>&#13;<\/p>\n<p align=\"justify\" class=\"text1noticias\">Para esto se han escudado de manera  insensible en las situaciones creadas\u00a0 en  el pa\u00eds por las tormentas tropicales Noel y Olga, haciendo una serie de se\u00f1alamientos  que reflejan la irresponsabilidad pol\u00edtica de unos dirigentes partidarios, que  ante el rechazo de la poblaci\u00f3n a sus discursos atrasados y a sus continuos  fracasos, no tienen otra forma de hacer pol\u00edtica que no sea la calumnia , el  chantaje y la confrontaci\u00f3n sin sentido.<\/p>\n<p>&#13;<\/p>\n<p align=\"justify\" class=\"text1noticias\">Estar en la oposici\u00f3n es triste, pero es  muy c\u00f3modo\u00a0 porque no se gobierna\u00a0 y no hay que tomar decisiones y mas para  quienes est\u00e1n acostumbrados a las criticas sin sentido y a las campa\u00f1as de confusi\u00f3n  y descr\u00e9dito y no al debate de las ideas pol\u00edticas y a las propuestas y planes  para solucionar los problemas nacionales.<\/p>\n<p>&#13;<\/p>\n<p align=\"justify\" class=\"text1noticias\">Quienes\u00a0  no pueden dar lecciones de buenos gobiernos\u00a0 cuando les ha tocado gobernar, no pueden  presentarse ahora como salvadores, ni mucho menos como ejemplos ya que las  oportunidades que les dio el pueblo la utilizaron para llevar al pa\u00eds a una  profunda crisis social, pol\u00edtica y econ\u00f3mica que estuvo a punto de hacer  colapsar a la Rep\u00fablica Dominicana.<\/p>\n<p>&#13;<\/p>\n<p align=\"justify\" class=\"text1noticias\">La desesperaci\u00f3n de estos pol\u00edticos del  fracaso, los esta llevando a penosas posiciones, su incapacidad y su falta de  coherencia los lleva de error tras error, sus c\u00e1lculos no cuadran y su inter\u00e9s  por politizarlo todo\u00a0 para sacar lo que  ellos llaman el filo pol\u00edtico y la ganancia partidaria, no les da resultados.<br \/>&#13;<br \/>\n  <br \/>&#13;<br \/>\n  Positivos, sus m\u00e9todos atrasados de hacer  pol\u00edtica\u00a0 y su contribuci\u00f3n al retroceso  del pa\u00eds, pesan mucho en el pueblo Dominicano.<\/p>\n<p>&#13;<\/p>\n<p align=\"justify\" class=\"text1noticias\">Su indolencia ante la tragedia que ha  sacudido\u00a0 a la naci\u00f3n tras el paso de las  tormentas Noel y Olga, los ha llevado a continuar su campa\u00f1a pol\u00edtica como si  nada hubiera pasado, demostrando con esto que lo \u00fanico que les importa es su inter\u00e9s  de volver al gobierno, no solidarizarse con los miles de afectados que  necesitan la mano solidaria\u00a0 de sus  hermanos.<\/p>\n<p>&#13;<\/p>\n<p align=\"justify\" class=\"text1noticias\">Quieren utilizar la tragedia para sus fines  politiqueros y electoralistas creyendo, que pueden enga\u00f1ar al pueblo, burl\u00e1ndose  de nuevo de su inteligencia, pero no se dan cuenta\u00a0 de que este pa\u00eds conoce al ciego durmiendo y  al cojo sentado, ya lo dice el pueblo,\u201d te conozco bacalao aunque vengas  disfrazao\u201d.<\/p>\n<p>&#13;<\/p>\n<p align=\"justify\" class=\"text1noticias\">La campa\u00f1a confucionista de esta oposici\u00f3n  desfasada de la realidad, que pretende enga\u00f1ar al pueblo y acorralar al  gobierno esta condenada al fracaso m\u00e1s rotundo y contundente ya que el pa\u00eds  cada d\u00eda toma mas conciencia de donde est\u00e1n ubicados sus verdaderos amigos y  quienes realmente representan los peores intereses . <\/p>\n<p>&#13;<\/p>\n<p align=\"justify\" class=\"text1noticias\">Las  diferencias pol\u00edticas o de ideas son saludables y necesarias en todo proceso democr\u00e1tico,  de ah\u00ed que\u00a0 los debates son importantes  en la medida en que el inter\u00e9s pol\u00edtico no es solo la critica, sino que lo que  realmente interesa es la soluci\u00f3n de los problemas y que\u00a0 del debate de las distintas posiciones salga  la mas conveniente a los intereses nacionales, es este el verdadero aporte de  los pol\u00edticos con conciencia de su papel\u00a0  frente a la sociedad.<\/p>\n<p>&#13;<\/p>\n<p align=\"justify\" class=\"text1noticias\">El pa\u00eds va reclamando d\u00eda a d\u00eda un nuevo  tipo de pol\u00edtico que este menos interesado en el chisme, en la retractaci\u00f3n y  en la descalificaci\u00f3n del adversario, un pol\u00edtico menos perverso y con m\u00e1s  responsabilidad pol\u00edtica, acostumbrado al debate de las ideas y dispuesto\u00a0 a\u00a0  sacrificios por la defensa de los intereses del pa\u00eds.<\/p>\n<p>&#13;<\/p>\n<p align=\"justify\" class=\"text1noticias\">El tremendismo y el tratar de colarse en r\u00edo  revuelto ser\u00e1 un nuevo fracaso para una oposici\u00f3n que no presenta soluciones ,  planes ni programas\u00a0 cre\u00edbles y que por el  contrario lo que presenta es un pasado de amarguras y sufrimientos para  una\u00a0 poblaci\u00f3n, que esta decidida al rechazar  de nuevo esos tiempos pesarosos y a  construir un camino presente y futuro lleno de esperanzas para un pa\u00eds digno de  mejor suerte.<\/p>\n<p>&#13;<\/p>\n<h6> 2007-12-19 05:24:10 <\/h6>\n<p><!--\n<link rel=\"stylesheet\" href=\"css\/bootstrap.min.css\">\n\n\n<ul class=\"pagination\">\n\t    \n\t\n\n<li >\n\t<a href='?page_no=12466'>Previous<\/a>\n\t<\/li>\n\n\n       \n    \n\n<li><a href='?page_no=1'>1<\/a><\/li>\n\n\n\n<li><a href='?page_no=2'>2<\/a><\/li>\n\n\n\n<li><a>...<\/a><\/li>\n\n\n\n<li><a href='?page_no=12465'>12465<\/a><\/li>\n\n\n\n<li><a href='?page_no=12466'>12466<\/a><\/li>\n\n\n\n<li class='active'><a>12467<\/a><\/li>\n\n\n\n<li><a href='?page_no=12468'>12468<\/a><\/li>\n\n\n\n<li><a href='?page_no=12469'>12469<\/a><\/li>\n\n\n\n<li><a>...<\/a><\/li>\n\n\n\n<li><a href='?page_no=13611'>13611<\/a><\/li>\n\n\n\n<li><a href='?page_no=13612'>13612<\/a><\/li>\n\n    \n\t\n\n<li >\n\t<a href='?page_no=12468'>Next<\/a>\n\t<\/li>\n\n\n    \n\n<li><a href='?page_no=13612'>Last &rsaquo;&rsaquo;<\/a><\/li>\n\n<\/ul>\n\n\n--><br \/>\n<\/body><\/p>\n","protected":false},"excerpt":{"rendered":"<p>Perversidad e irresponsabilidad pol\u00edtica &#13; Por: Luis Fern\u00e1ndez&#13; &#13; El ambiente pol\u00edtico del pa\u00eds cada d\u00eda se ensombrece m\u00e1s y\u00a0 es que hay una parte de nuestros dirigentes pol\u00edticos, que no entienden y no hacen el menor esfuerzo por aprender que la pol\u00edtica es un servicio a la poblaci\u00f3n y que la misma debe ser [&hellip;]<\/p>\n","protected":false},"author":3,"featured_media":0,"comment_status":"open","ping_status":"open","sticky":false,"template":"","format":"standard","meta":{"footnotes":""},"categories":[16],"tags":[],"class_list":["post-36622","post","type-post","status-publish","format-standard","hentry","category-opiniones"],"_links":{"self":[{"href":"https:\/\/diariodominicano.com\/index.php?rest_route=\/wp\/v2\/posts\/36622","targetHints":{"allow":["GET"]}}],"collection":[{"href":"https:\/\/diariodominicano.com\/index.php?rest_route=\/wp\/v2\/posts"}],"about":[{"href":"https:\/\/diariodominicano.com\/index.php?rest_route=\/wp\/v2\/types\/post"}],"author":[{"embeddable":true,"href":"https:\/\/diariodominicano.com\/index.php?rest_route=\/wp\/v2\/users\/3"}],"replies":[{"embeddable":true,"href":"https:\/\/diariodominicano.com\/index.php?rest_route=%2Fwp%2Fv2%2Fcomments&post=36622"}],"version-history":[{"count":0,"href":"https:\/\/diariodominicano.com\/index.php?rest_route=\/wp\/v2\/posts\/36622\/revisions"}],"wp:attachment":[{"href":"https:\/\/diariodominicano.com\/index.php?rest_route=%2Fwp%2Fv2%2Fmedia&parent=36622"}],"wp:term":[{"taxonomy":"category","embeddable":true,"href":"https:\/\/diariodominicano.com\/index.php?rest_route=%2Fwp%2Fv2%2Fcategories&post=36622"},{"taxonomy":"post_tag","embeddable":true,"href":"https:\/\/diariodominicano.com\/index.php?rest_route=%2Fwp%2Fv2%2Ftags&post=36622"}],"curies":[{"name":"wp","href":"https:\/\/api.w.org\/{rel}","templated":true}]}}