{"id":36621,"date":"2007-12-19T14:26:48","date_gmt":"2007-12-19T14:26:48","guid":{"rendered":"http:\/\/diariodominicano.ddns.net\/?p=36621"},"modified":"2007-12-19T14:26:48","modified_gmt":"2007-12-19T14:26:48","slug":"el-tiro-rapido-313","status":"publish","type":"post","link":"https:\/\/diariodominicano.com\/?p=36621","title":{"rendered":"EL TIRO RAPIDO"},"content":{"rendered":"<p><body><\/p>\n<p><span class=\"titulogrande1\">EL TIRO RAPIDO<\/span><br \/>&#13;<br \/>\n  <br \/>&#13;<br \/>\n    <strong>de<\/strong><\/p>\n<p>&#13;<\/p>\n<h1 align=\"justify\" class=\"textogrande\">Mario Rivadulla<br \/>&#13;<br \/>\n  <br \/>&#13;<br \/>\n  <span class=\"text1noticias\">La   Direcci\u00f2n Nacional de Control de Drogas ha informado que en  el curso de un allanamiento llevado a cabo en la regi\u00f2n Este del pa\u00ecs, donde  son frecuentes los embarques de estupefacientes que llegan por aire y por mar,  en varias partes se encontr\u00f2 escrito el nombre de su Presidente, el mayor  general Rafael Radham\u00e8s Ram\u00ecrez Ferreiras.<\/span><\/h1>\n<p>&#13;<\/p>\n<p align=\"justify\" class=\"text1noticias\">La noticia no tiene por qu\u00e8  mover a extra\u00f1eza.<\/p>\n<p>&#13;<\/p>\n<p align=\"justify\" class=\"text1noticias\">En las \u00f9ltimas semanas, varios  agentes del cuerpo antidrogas han ca\u00ecdo bajo las balas en enfrentamientos con  los traficantes y de asesinos a sueldo contratados para ese fin.\u00a0 Estas muertes vienen a culminar un proceso  previo de cerca de 250 enfrentamientos violentos entre miembros de la DNCD y elementos  presuntamente ligados a la fabricaci\u00f2n y distribuci\u00f2n de sustancias ilegales,  registrados en el curso del presente a\u00f1o durante operativos montados para  desmantelar puntos de venta de las mismas.<\/p>\n<p>&#13;<\/p>\n<p align=\"justify\" class=\"text1noticias\">Cabe esperar por consiguiente,  que el general Ram\u00ecrez Ferreiras, quien ha sido un l\u00e0tigo sobre las espaldas de  los carteles y sus tent\u00e0culos locales desde que fue nombrado en la posici\u00f2n que  ocupa, sea clasificado como su enemigo n\u00f9mero uno y potencial v\u00ecctima de un  atentado criminal.<\/p>\n<p>&#13;<\/p>\n<p align=\"justify\" class=\"text1noticias\">En el se\u00f1alamiento no hay nada  de exageraci\u00f2n.\u00a0 No es f\u00e0bula ni invento.\u00a0 Basta tomar como referente el tr\u00e0gico ejemplo  de Colombia, que en determinado momento estuvo a punto de convertirse en una  narco-rep\u00f9blica, donde la arrogancia y el poder econ\u00f2mico y criminal de los  carteles, principalmente el de Cali, lleg\u00f2 a desafiar las autoridades  establecidas y las bases de la institucionalidad del pa\u00ecs sudamericano.<\/p>\n<p>&#13;<\/p>\n<p align=\"justify\" class=\"text1noticias\">Fueron a\u00f1os especialmente duros  para los colombianos.\u00a0 Los poderosos  barones de la droga llegaron al punto de asesinar candidatos presidenciales,  congresistas, jueces, periodistas, empresarios, sindicalistas, jefes y  efectivos militares y policiales y establecer un verdadero reinado de terror  con largos tent\u00e0culos que llegaban al exterior, incluyendo los propios Estados  Unidos.<\/p>\n<p>&#13;<\/p>\n<p align=\"justify\" class=\"text1noticias\">El hecho de que el gobierno  colombiano, especialmente bajo la actual administraci\u00f2n de Alvaro Uribe, haya  podido torcerle el brazo a los carteles, desmantelar los principales carteles y  reducir su radio de acci\u00f2n, no le resta peligrosidad al narcotr\u00e0fico en otros  escenarios.\u00a0 Uno de ellos es nuestro  pa\u00ecs.<\/p>\n<p>&#13;<\/p>\n<p align=\"justify\" class=\"text1noticias\">En los \u00f9ltimos a\u00f1os, es un  hecho admitido que el narcotr\u00e0fico ha incrementado su presencia en nuestro  territorio.\u00a0 No en balde el ex embajador  norteamericano Hans Hertell, lleg\u00f2 a decir que sobre el pa\u00ecs \u201cllueve drogas\u201d.\u00a0 Su afirmaci\u00f2n, recogida por la prensa en su  momento, resultaba confirmada por la admisi\u00f2n del entonces Secretario de Estado  de las Fuerzas Armadas, Sigfrido Pared P\u00e8rez de que el espacio a\u00e8reo nacional  era continuamente violado por las avionetas de los traficantes debido a nuestra  incapacidad de respuesta por falta de medios adecuados.\u00a0 En adici\u00f2n, un ex jefe policial al dejar el  cargo afirmaba que exist\u00ecan en ese momento en el pa\u00ecs unos veinte mil puntos de  venta de sustancias controladas.<\/p>\n<p>&#13;<\/p>\n<p align=\"justify\" class=\"text1noticias\">La llegada del general Ram\u00ecrez  Ferreiras a la   Direcci\u00f2n Nacional del Control de Drogas imprimi\u00f2 nuevos  aires al organismo. A partir de entonces se increment\u00f2 la lucha contra los  narco y microtraficantes que ven\u00ecan movi\u00e8ndose impunemente en los barrios de la  capital, Santiago y otras ciudades del interior. <\/p>\n<p>&#13;<\/p>\n<p align=\"justify\" class=\"text1noticias\">Los golpes que les ha asestado  han sido continuos y contundentes.\u00a0  Numerosos trasiegos han sido impedidos.\u00a0  Miles de kilos de drogas incautadas.\u00a0  Los puntos de desmontados suman m\u00e0s de catorce mil, y varios miles los  presuntos implicados que han sido detenidos y enviados a la Justicia,\u00a0 y por \u00e8sta a la c\u00e0rcel bajo medidas de  coerci\u00f2n.<\/p>\n<p>&#13;<\/p>\n<p align=\"justify\" class=\"text1noticias\">A un hombre as\u00ec hay que sacarlo  del medio. Corre riesgo cierto de ser  victimado por los carteles que para ello cuentan con recursos y con manos  asesinas entrenadas para estos menesteres.<br \/>&#13;<br \/>\n  \u00a0 <br \/>&#13;<br \/>\n  Por ello, desde nuestros espacios donde siempre hemos sido  caja de resonancia de todo esfuerzo serio orientado a prevenir y combatir el  narco tr\u00e0fico, le sugerimos al general Ram\u00ecrez Ferreiras que se cuide y no se  descuide. Que no le facilite la tarea a ning\u00f9n empe\u00f1o criminal en su  contra.\u00a0 Cuando se asume una cruzada como  la que \u00e8l ha emprendido con tanto empe\u00f1o y responsabilidad, uno va dejando de  pertenecerse a s\u00ec mismo para serlo a favor de la misi\u00f2n que se lleva a cabo.\u00a0 <\/p>\n<p>&#13;<\/p>\n<p align=\"justify\" class=\"text1noticias\">Es el caso del Presidente de la Direcci\u00f2n Nacional  de Control de Drogas que lo obliga, insistimos, a no desoir ni dar la espalda a  tan evidentes se\u00f1ales en su contra.\u00a0 Que  recuerde que el valor, y \u00e8l ha demostrado tenerlo en demas\u00eca, no tiene por qu\u00e8  estar re\u00f1ido con la prudencia.<\/p>\n<p>&#13;<\/p>\n<h6> 2007-12-19 14:26:48 <\/h6>\n<p><!--\n<link rel=\"stylesheet\" href=\"css\/bootstrap.min.css\">\n\n\n<ul class=\"pagination\">\n\t    \n\t\n\n<li >\n\t<a href='?page_no=12465'>Previous<\/a>\n\t<\/li>\n\n\n       \n    \n\n<li><a href='?page_no=1'>1<\/a><\/li>\n\n\n\n<li><a href='?page_no=2'>2<\/a><\/li>\n\n\n\n<li><a>...<\/a><\/li>\n\n\n\n<li><a href='?page_no=12464'>12464<\/a><\/li>\n\n\n\n<li><a href='?page_no=12465'>12465<\/a><\/li>\n\n\n\n<li class='active'><a>12466<\/a><\/li>\n\n\n\n<li><a href='?page_no=12467'>12467<\/a><\/li>\n\n\n\n<li><a href='?page_no=12468'>12468<\/a><\/li>\n\n\n\n<li><a>...<\/a><\/li>\n\n\n\n<li><a href='?page_no=13611'>13611<\/a><\/li>\n\n\n\n<li><a href='?page_no=13612'>13612<\/a><\/li>\n\n    \n\t\n\n<li >\n\t<a href='?page_no=12467'>Next<\/a>\n\t<\/li>\n\n\n    \n\n<li><a href='?page_no=13612'>Last &rsaquo;&rsaquo;<\/a><\/li>\n\n<\/ul>\n\n\n--><br \/>\n<\/body><\/p>\n","protected":false},"excerpt":{"rendered":"<p>EL TIRO RAPIDO&#13; &#13; de &#13; Mario Rivadulla&#13; &#13; La Direcci\u00f2n Nacional de Control de Drogas ha informado que en el curso de un allanamiento llevado a cabo en la regi\u00f2n Este del pa\u00ecs, donde son frecuentes los embarques de estupefacientes que llegan por aire y por mar, en varias partes se encontr\u00f2 escrito el [&hellip;]<\/p>\n","protected":false},"author":3,"featured_media":0,"comment_status":"open","ping_status":"open","sticky":false,"template":"","format":"standard","meta":{"footnotes":""},"categories":[16],"tags":[],"class_list":["post-36621","post","type-post","status-publish","format-standard","hentry","category-opiniones"],"_links":{"self":[{"href":"https:\/\/diariodominicano.com\/index.php?rest_route=\/wp\/v2\/posts\/36621","targetHints":{"allow":["GET"]}}],"collection":[{"href":"https:\/\/diariodominicano.com\/index.php?rest_route=\/wp\/v2\/posts"}],"about":[{"href":"https:\/\/diariodominicano.com\/index.php?rest_route=\/wp\/v2\/types\/post"}],"author":[{"embeddable":true,"href":"https:\/\/diariodominicano.com\/index.php?rest_route=\/wp\/v2\/users\/3"}],"replies":[{"embeddable":true,"href":"https:\/\/diariodominicano.com\/index.php?rest_route=%2Fwp%2Fv2%2Fcomments&post=36621"}],"version-history":[{"count":0,"href":"https:\/\/diariodominicano.com\/index.php?rest_route=\/wp\/v2\/posts\/36621\/revisions"}],"wp:attachment":[{"href":"https:\/\/diariodominicano.com\/index.php?rest_route=%2Fwp%2Fv2%2Fmedia&parent=36621"}],"wp:term":[{"taxonomy":"category","embeddable":true,"href":"https:\/\/diariodominicano.com\/index.php?rest_route=%2Fwp%2Fv2%2Fcategories&post=36621"},{"taxonomy":"post_tag","embeddable":true,"href":"https:\/\/diariodominicano.com\/index.php?rest_route=%2Fwp%2Fv2%2Ftags&post=36621"}],"curies":[{"name":"wp","href":"https:\/\/api.w.org\/{rel}","templated":true}]}}