{"id":36615,"date":"2007-12-21T17:56:33","date_gmt":"2007-12-21T17:56:33","guid":{"rendered":"http:\/\/diariodominicano.ddns.net\/?p=36615"},"modified":"2007-12-21T17:56:33","modified_gmt":"2007-12-21T17:56:33","slug":"las-principales-de-teledebate","status":"publish","type":"post","link":"https:\/\/diariodominicano.com\/?p=36615","title":{"rendered":"LAS PRINCIPALES DE TELEDEBATE"},"content":{"rendered":"<p><body><\/p>\n<p><span class=\"titulogrande1\">LAS PRINCIPALES DE TELEDEBATE<\/span><br \/>&#13;<br \/>\n  <br \/>&#13;<br \/>\n    <strong>Jueves  20,12,07<\/strong><\/p>\n<p>&#13;<\/p>\n<p align=\"justify\" class=\"text1noticias\"><strong>FALLO DEFINITIVO. <\/strong>La Corte Suprema de Justicia dict\u00f2 fall\u00f2 en el recurso de  casaci\u00f2n interpuesto por familiares del asesinado periodista Orlando Mart\u00ecnez,  elevando a 30 a\u00f1os la condena original de 20 dictada contra el general retirado  Joaqu\u00ecn Antonio Pou Castro.\u00a0 El alto  tribunal desestim\u00f2 la calificaci\u00f2n de c\u00f2mplice en el crimen del fallo apelado,  elevando la misma a la condici\u00f2n de coautor del hecho criminal.<\/p>\n<p>&#13;<\/p>\n<p align=\"justify\" class=\"text1noticias\"><strong>FALLO EN INGLES.<\/strong>\u00a0  Otro fallo condenatorio pero en una Corte del condato de Miami Dade, en  la Florida, y en juicio civil se produjo contra el ex banquero Pedro Castillo.  La jueza que fall\u00f2 el caso estableci\u00f2 suficientes evidencias para disponer que  indemnice al Banco Progreso, Crediprogreso y otros demandantes por casi 31  millones de d\u00f2lares por \u201crobo civil\u201d.\u00a0 La  condena por este motivo pudiera servir de base para una querella criminal.<\/p>\n<p>&#13;<\/p>\n<p align=\"justify\" class=\"text1noticias\"><strong>RESPONSABILIDAD CORPORATIVA:\u00a0<\/strong> El ex banquero Castillo tiene pendientes  otros expedientes ante la Justicia Dominicana por un alegado desfalco de varios  miles de millones de pesos en perjuicio de los accionistas y depositantes del  Banco del Progreso. Este tuvo que ser recapitalizado por sus due\u00f1os,  principalmente el Grupo Vicini, con m\u00e0s de 400 millones de d\u00f2lares de recursos  propios en un singular ejemplo de responsabilidad corporativa.<\/p>\n<p>&#13;<\/p>\n<p align=\"justify\" class=\"text1noticias\"><strong>LA PROXIMA VEZ CON LA GUARDIA.<\/strong>\u00a0 Pese a que la Presidencia de la Rep\u00f9blica  dispuso la suspensi\u00f2n de los tradicionales festejos navide\u00f1os en la sede del  Ejecutivo debido a la gran tragedia provocada por Noel primero y Olga poco  despu\u00e8s, en muchos organismos estatales el fiesteo ha estado por la libre.\u00a0 Aparentemente a ellos no lleg\u00f2 la se\u00f1al  enviada por el Ejecutivo. <br \/>&#13;<br \/>\n  <br \/>&#13;<br \/>\nLa pr\u00f2xima vez tendr\u00e0 por lo visto que mandar la  guardia junto con la orden para que se cumpla.<\/p>\n<p>&#13;<\/p>\n<p align=\"justify\" class=\"text1noticias\"><strong>EL PAIS DE LOS SUBSIDIOS.<\/strong>\u00a0  A finales de mes el subsector ganadero de leche recibir\u00e0 cien millones  de pesos de subsidio, a raz\u00f2n de 3 pesos por litro producido.\u00a0 Es otro subsidio m\u00e0s que agregar a los muchos  que hemos ido acumulando y que junto a la deuda externa se engullen nada menos  que el 53 porciento del presupuesto de la naci\u00f2n para el pr\u00f2ximo a\u00f1o.\u00a0 O sea, que solo queda liberado el 47  porciento para atender salud, educaci\u00f2n y otras \u00e0reas.<\/p>\n<p>&#13;<\/p>\n<p align=\"justify\" class=\"text1noticias\"><strong>POR EL PADRE ALEMAN.<\/strong>\u00a0  El respetado economista sacerdote Jos\u00e8 Luis Alem\u00e0n fue sacado de  cuidados intensivos en la Cl\u00ecnica Corominas, aunque su estado general sigue  siendo delicado. Adem\u00e0s de su ya avanzada edad, el padre Alem\u00e0n sufre de  diabetes y problemas con el p\u00e0ncreas.\u00a0  Desde aqu\u00ec rogamos por el pronto restablecimiento del talentoso profesor  de la PUCAMAIMA,  autor de  numerosos libros de gran valor.<\/p>\n<p>&#13;<\/p>\n<p align=\"justify\" class=\"text1noticias\"><strong>DE NUEVO LOS INVERNADEROS:\u00a0<\/strong>  Un editorial del matutino El D\u00eca correspondiente a la fecha, llama la  atenci\u00f2n sobre la diversidad de contratos suscritos por el Estado que luego no  se ejecutan o se cumplen. Como ejemplo de lo \u00f9ltimo, se\u00f1ala el caso de los 200  invernaderos que fueron contratados bajo la pasada administracion de Hip\u00f2lito  Mej\u00eca y pagados en su totalidad por adelantado. El caso es que solo se han  entregado 115.<\/p>\n<p>&#13;<\/p>\n<p align=\"justify\" class=\"text1noticias\"><strong>\u00bfPOR QU\u00c9 SE ADELANTO EL PAGO TOTAL? <\/strong>Ahora el gobierno  dominicano se ha dirigido al espa\u00f1ol a fin de que interceda para lograr la  devoluci\u00f2n de casi medio mill\u00f2n de d\u00f2lares, suma que corresponde a los 85  invernaderos que no han sido entregados.\u00a0\u00a0  Preguntas obligadas: \u00bfpor qu\u00e8 se pagaron esos invernaderos en su  totalidad por adelantado?\u00a0 \u00bfEsa operaci\u00f2n  no fue protegida documentalmente?\u00a0 \u00bfPor  qu\u00e8 entonces el gobierno espa\u00f1ol tiene que interceder para que nos devuelvan el  monto de los invernaderos no entregados?<\/p>\n<p>&#13;<\/p>\n<p align=\"justify\" class=\"text1noticias\"><strong>SI ES ASI, NOS SALVAMOS:\u00a0<\/strong>  Seg\u00f9n el presidente de la Comisi\u00f2n Nacional de Energ\u00eca, Ar\u00ecstides  Fern\u00e0ndez Zucco el pa\u00ecs estar\u00eca en capacidad de producir hasta diez mil megas  de electricidad entre e\u00f2lica y solar. Hasta donde recordamos, nunca antes se  hab\u00eca manejado dicha cifra por especialistas en el ramo, algunos de los cuales  inclusive fijan un techo de potencia e\u00f2lico para el pa\u00ecs de entre 500 y 600  megas. <\/p>\n<p>&#13;<\/p>\n<p align=\"justify\" class=\"text1noticias\"><strong>SOPORTE TECNICO.\u00a0<\/strong>  Ser\u00eca conveniente por lo tanto que Fern\u00e0ndez Zucco sustentara con  rigurosos informes t\u00e8cnicos su afirmaci\u00f2n.\u00a0  Actualmente el pa\u00ecs no consume m\u00e0s de dos mil a dos mil quinientos  megas, por lo que de tener raz\u00f2n tendr\u00ecamos entonces un potencial a desarrollar\u00a0 4 veces superior a la demanda.\u00a0 Ahora bien&#8230;\u00bfqu\u00e8 volumen de capital har\u00eca  falta para hacer realidad el mismo?\u00a0 \u00bfY  qu\u00e8 intereses creados estar\u00ecan obstaculizando esa posibilidad?<\/p>\n<p>&#13;<\/p>\n<p align=\"justify\" class=\"text1noticias\"><strong>QUE LES PAGUEN DE UNA VEZ.\u00a0<\/strong>  Ex empleados del ayuntamiento de Santo Domingo Norte invadieron la sede  de la Liga Municipal Dominicana,reclamando el pago de sus prestaciones. <br \/>&#13;<br \/>\n  <br \/>&#13;<br \/>\nLa  situaci\u00f2n se torn\u00f2 violenta hasta que recibieron seguridades de que a partir  del s\u00e0bado comenzar\u00e0n a recibir sus cheques.\u00a0  Esperemos que esta vez se cumpla con los quejosos.<\/p>\n<p>&#13;<\/p>\n<p align=\"justify\" class=\"text1noticias\">M: Un comunicado desplegado a p\u00e0gina completa en el List\u00ecn  Diario por Avelino Stanley, Caonex Peguero y Bernarda Jorge intenta salir al  paso a lo que califican de trama pol\u00ectica que tratar\u00eca de montar con fines de  desacreditar la actuaci\u00f2n de la Secretar\u00eca de Estado de Cultura respecto a la Orquesta  Sinf\u00f2ncia Nacional.<\/p>\n<p>&#13;<\/p>\n<p align=\"justify\" class=\"text1noticias\"><strong>QUE LA SANGRE NO LLEGUE AL RIO.<\/strong>\u00a0 El documento publicado relacionada las  distintas medidas dispuestas por la Secretar\u00eca que preside el conocido  intelectual Jos\u00e8 Rafael Lantigua para mejorar los sueldos que perciben los  integrantes de la Orquesta as\u00ec como las facilidades introducidas a fin de  mejorar las condiciones f\u00ecsicas necesarias para el mejor desempe\u00f1o de su  trabajo art\u00ecstico.\u00a0 Esperemos que la  sangre no llegue al r\u00eco. <\/p>\n<p>&#13;<\/p>\n<h6> 2007-12-21 17:56:33 <\/h6>\n<p><!--\n<link rel=\"stylesheet\" href=\"css\/bootstrap.min.css\">\n\n\n<ul class=\"pagination\">\n\t    \n\t\n\n<li >\n\t<a href='?page_no=12459'>Previous<\/a>\n\t<\/li>\n\n\n       \n    \n\n<li><a href='?page_no=1'>1<\/a><\/li>\n\n\n\n<li><a href='?page_no=2'>2<\/a><\/li>\n\n\n\n<li><a>...<\/a><\/li>\n\n\n\n<li><a href='?page_no=12458'>12458<\/a><\/li>\n\n\n\n<li><a href='?page_no=12459'>12459<\/a><\/li>\n\n\n\n<li class='active'><a>12460<\/a><\/li>\n\n\n\n<li><a href='?page_no=12461'>12461<\/a><\/li>\n\n\n\n<li><a href='?page_no=12462'>12462<\/a><\/li>\n\n\n\n<li><a>...<\/a><\/li>\n\n\n\n<li><a href='?page_no=13611'>13611<\/a><\/li>\n\n\n\n<li><a href='?page_no=13612'>13612<\/a><\/li>\n\n    \n\t\n\n<li >\n\t<a href='?page_no=12461'>Next<\/a>\n\t<\/li>\n\n\n    \n\n<li><a href='?page_no=13612'>Last &rsaquo;&rsaquo;<\/a><\/li>\n\n<\/ul>\n\n\n--><br \/>\n<\/body><\/p>\n","protected":false},"excerpt":{"rendered":"<p>LAS PRINCIPALES DE TELEDEBATE&#13; &#13; Jueves 20,12,07 &#13; FALLO DEFINITIVO. La Corte Suprema de Justicia dict\u00f2 fall\u00f2 en el recurso de casaci\u00f2n interpuesto por familiares del asesinado periodista Orlando Mart\u00ecnez, elevando a 30 a\u00f1os la condena original de 20 dictada contra el general retirado Joaqu\u00ecn Antonio Pou Castro.\u00a0 El alto tribunal desestim\u00f2 la calificaci\u00f2n de [&hellip;]<\/p>\n","protected":false},"author":3,"featured_media":0,"comment_status":"open","ping_status":"open","sticky":false,"template":"","format":"standard","meta":{"footnotes":""},"categories":[16],"tags":[],"class_list":["post-36615","post","type-post","status-publish","format-standard","hentry","category-opiniones"],"_links":{"self":[{"href":"https:\/\/diariodominicano.com\/index.php?rest_route=\/wp\/v2\/posts\/36615","targetHints":{"allow":["GET"]}}],"collection":[{"href":"https:\/\/diariodominicano.com\/index.php?rest_route=\/wp\/v2\/posts"}],"about":[{"href":"https:\/\/diariodominicano.com\/index.php?rest_route=\/wp\/v2\/types\/post"}],"author":[{"embeddable":true,"href":"https:\/\/diariodominicano.com\/index.php?rest_route=\/wp\/v2\/users\/3"}],"replies":[{"embeddable":true,"href":"https:\/\/diariodominicano.com\/index.php?rest_route=%2Fwp%2Fv2%2Fcomments&post=36615"}],"version-history":[{"count":0,"href":"https:\/\/diariodominicano.com\/index.php?rest_route=\/wp\/v2\/posts\/36615\/revisions"}],"wp:attachment":[{"href":"https:\/\/diariodominicano.com\/index.php?rest_route=%2Fwp%2Fv2%2Fmedia&parent=36615"}],"wp:term":[{"taxonomy":"category","embeddable":true,"href":"https:\/\/diariodominicano.com\/index.php?rest_route=%2Fwp%2Fv2%2Fcategories&post=36615"},{"taxonomy":"post_tag","embeddable":true,"href":"https:\/\/diariodominicano.com\/index.php?rest_route=%2Fwp%2Fv2%2Ftags&post=36615"}],"curies":[{"name":"wp","href":"https:\/\/api.w.org\/{rel}","templated":true}]}}