{"id":366143,"date":"2022-07-04T15:39:11","date_gmt":"2022-07-04T19:39:11","guid":{"rendered":"http:\/\/diariodominicano.com\/?p=366143"},"modified":"2022-07-04T15:53:09","modified_gmt":"2022-07-04T19:53:09","slug":"ofician-misa-para-conmemorar-161-aniversarios-muerte-del-patricio-francisco-del-rosario-sanchez","status":"publish","type":"post","link":"https:\/\/diariodominicano.com\/?p=366143","title":{"rendered":"Ofician misa para conmemorar 161 aniversarios muerte del patricio Francisco del Rosario S\u00e1nchez"},"content":{"rendered":"\n<p> En la homil\u00eda, oficiada en la parroquia Nuestra Se\u00f1ora de la Altagracia del MIDE, el Capell\u00e1n Castrense Coronel Geraldo Ram\u00edrez Paniagua, ERD., resalt\u00f3 la importancia de motivar a los j\u00f3venes a conocer la historia militar dominicana.<\/p>\n\n\n\n<p>SANTO DOMINGO, RD.- Con la participaci\u00f3n de algunos de los descendientes del General de Divisi\u00f3n Francisco del Rosario S\u00e1nchez Padre de la Patria, el Ministerio de Defensa (MIDE) ofici\u00f3 una misa  para conmemorar el 161 aniversario su fallecimiento.<\/p>\n\n\n\n<p>En la homil\u00eda, oficiada en la parroquia Nuestra Se\u00f1ora de la Altagracia del MIDE, el Capell\u00e1n Castrense Coronel Geraldo Ram\u00edrez Paniagua, ERD., resalt\u00f3 la importancia de motivar a los j\u00f3venes a conocer la historia militar dominicana \u201cpara poder amar y defender a la Patria con el ejemplo de sus pr\u00f3ceres\u201d.<\/p>\n\n\n\n<figure class=\"wp-block-image size-large\"><img loading=\"lazy\" decoding=\"async\" width=\"1024\" height=\"681\" src=\"https:\/\/diariodominicano.com\/wp-content\/uploads\/2022\/07\/Sanchez-familia-WhatsApp-Image-2022-07-04-at-12.47.57-PM-1024x681.jpeg\" alt=\"\" class=\"wp-image-366147\" srcset=\"https:\/\/diariodominicano.com\/wp-content\/uploads\/2022\/07\/Sanchez-familia-WhatsApp-Image-2022-07-04-at-12.47.57-PM-1024x681.jpeg 1024w, https:\/\/diariodominicano.com\/wp-content\/uploads\/2022\/07\/Sanchez-familia-WhatsApp-Image-2022-07-04-at-12.47.57-PM-300x199.jpeg 300w, https:\/\/diariodominicano.com\/wp-content\/uploads\/2022\/07\/Sanchez-familia-WhatsApp-Image-2022-07-04-at-12.47.57-PM-768x511.jpeg 768w, https:\/\/diariodominicano.com\/wp-content\/uploads\/2022\/07\/Sanchez-familia-WhatsApp-Image-2022-07-04-at-12.47.57-PM-816x543.jpeg 816w, https:\/\/diariodominicano.com\/wp-content\/uploads\/2022\/07\/Sanchez-familia-WhatsApp-Image-2022-07-04-at-12.47.57-PM.jpeg 1280w\" sizes=\"auto, (max-width: 1024px) 100vw, 1024px\" \/><figcaption>Familia S\u00e1nchez<\/figcaption><\/figure>\n\n\n\n<p>En la actividad religiosa el Director de Historia Militar del MIDE, Coronel S\u00f3crates Suazo Ruiz, ERD., destac\u00f3 el arrojo del pr\u00f3cer libertador, l\u00edder de la gloriosa expedici\u00f3n que abri\u00f3 camino a la restauraci\u00f3n de la Rep\u00fablica al cruzar Hondo Valle, Vallejuelo y El Cercado, al sur del pa\u00eds, para sacrificar su propia vida por el ideario independentista.<\/p>\n\n\n\n<figure class=\"wp-block-image size-large\"><img loading=\"lazy\" decoding=\"async\" width=\"1024\" height=\"681\" src=\"https:\/\/diariodominicano.com\/wp-content\/uploads\/2022\/07\/Sanchez-familia2WhatsApp-Image-2022-07-04-at-12.47.56-PM-1-1024x681.jpeg\" alt=\"\" class=\"wp-image-366153\" srcset=\"https:\/\/diariodominicano.com\/wp-content\/uploads\/2022\/07\/Sanchez-familia2WhatsApp-Image-2022-07-04-at-12.47.56-PM-1-1024x681.jpeg 1024w, https:\/\/diariodominicano.com\/wp-content\/uploads\/2022\/07\/Sanchez-familia2WhatsApp-Image-2022-07-04-at-12.47.56-PM-1-300x199.jpeg 300w, https:\/\/diariodominicano.com\/wp-content\/uploads\/2022\/07\/Sanchez-familia2WhatsApp-Image-2022-07-04-at-12.47.56-PM-1-768x511.jpeg 768w, https:\/\/diariodominicano.com\/wp-content\/uploads\/2022\/07\/Sanchez-familia2WhatsApp-Image-2022-07-04-at-12.47.56-PM-1-816x543.jpeg 816w, https:\/\/diariodominicano.com\/wp-content\/uploads\/2022\/07\/Sanchez-familia2WhatsApp-Image-2022-07-04-at-12.47.56-PM-1.jpeg 1280w\" sizes=\"auto, (max-width: 1024px) 100vw, 1024px\" \/><figcaption>Carlos S\u00e1nchez<\/figcaption><\/figure>\n\n\n\n<p>Pronunciando emotivas palabras ante Mar\u00eda Trinidad S\u00e1nchez (bisnieta), Martha Cristina S\u00e1nchez, Jos\u00e9 Manuel Lamarche, Carlos S\u00e1nchez y Jos\u00e9 Antonio S\u00e1nchez Mart\u00ednez, todos descendientes del h\u00e9roe nacional, el Coronel Suazo Ruiz recre\u00f3 \u201cel clima huracanado de un d\u00eda como hoy, pero de 1861, cuando fue fusilado en San Juan de la Maguana Francisco del Rosario S\u00e1nchez, cuya sangre derramada sirvi\u00f3 de preciosa ofrenda, al suelo patrio y a la naciente Rep\u00fablica.<\/p>\n\n\n\n<figure class=\"wp-block-image size-large\"><img loading=\"lazy\" decoding=\"async\" width=\"1024\" height=\"681\" src=\"https:\/\/diariodominicano.com\/wp-content\/uploads\/2022\/07\/sanchez-misaWhatsApp-Image-2022-07-04-at-12.47.56-PM-2-1024x681.jpeg\" alt=\"\" class=\"wp-image-366150\" srcset=\"https:\/\/diariodominicano.com\/wp-content\/uploads\/2022\/07\/sanchez-misaWhatsApp-Image-2022-07-04-at-12.47.56-PM-2-1024x681.jpeg 1024w, https:\/\/diariodominicano.com\/wp-content\/uploads\/2022\/07\/sanchez-misaWhatsApp-Image-2022-07-04-at-12.47.56-PM-2-300x199.jpeg 300w, https:\/\/diariodominicano.com\/wp-content\/uploads\/2022\/07\/sanchez-misaWhatsApp-Image-2022-07-04-at-12.47.56-PM-2-768x511.jpeg 768w, https:\/\/diariodominicano.com\/wp-content\/uploads\/2022\/07\/sanchez-misaWhatsApp-Image-2022-07-04-at-12.47.56-PM-2-816x543.jpeg 816w, https:\/\/diariodominicano.com\/wp-content\/uploads\/2022\/07\/sanchez-misaWhatsApp-Image-2022-07-04-at-12.47.56-PM-2.jpeg 1280w\" sizes=\"auto, (max-width: 1024px) 100vw, 1024px\" \/><\/figure>\n\n\n\n<p>\u201cSobre todo los m\u00e1s j\u00f3venes, civiles y militares, deben estudiar la historia y entender que la defensa, no s\u00f3lo es un compromiso de los soldados, sino de todos. No se ama lo que no se conoce. Por eso, es oportuno recordar la integridad, el valor y el compromiso del h\u00e9roe con la Rep\u00fablica Dominicana y con la soberan\u00eda nacional\u201d, asegur\u00f3 Suazo.<\/p>\n\n\n\n<p>\u201cAl referirse a Duarte, S\u00e1nchez y Mella, dijo: \u201cimaginemos a esos ni\u00f1os, que por separado tuvieron la oportunidad de educarse en tiempos donde esto era un privilegio, y que luego en la juventud pudieran coincidir para conformar la secreta y separatista Sociedad Trinitaria, cuyos ideales marcaron en 1844 el alzamiento contra la opresi\u00f3n de Hait\u00ed y luego, la Restauraci\u00f3n.&nbsp;<\/p>\n\n\n\n<figure class=\"wp-block-image size-large\"><img loading=\"lazy\" decoding=\"async\" width=\"1024\" height=\"681\" src=\"https:\/\/diariodominicano.com\/wp-content\/uploads\/2022\/07\/Socrates-Suazo-en-misa-a-Sanchez00WhatsApp-Image-2022-07-04-at-12.47.56-PM-1024x681.jpeg\" alt=\"\" class=\"wp-image-366151\" srcset=\"https:\/\/diariodominicano.com\/wp-content\/uploads\/2022\/07\/Socrates-Suazo-en-misa-a-Sanchez00WhatsApp-Image-2022-07-04-at-12.47.56-PM-1024x681.jpeg 1024w, https:\/\/diariodominicano.com\/wp-content\/uploads\/2022\/07\/Socrates-Suazo-en-misa-a-Sanchez00WhatsApp-Image-2022-07-04-at-12.47.56-PM-300x199.jpeg 300w, https:\/\/diariodominicano.com\/wp-content\/uploads\/2022\/07\/Socrates-Suazo-en-misa-a-Sanchez00WhatsApp-Image-2022-07-04-at-12.47.56-PM-768x511.jpeg 768w, https:\/\/diariodominicano.com\/wp-content\/uploads\/2022\/07\/Socrates-Suazo-en-misa-a-Sanchez00WhatsApp-Image-2022-07-04-at-12.47.56-PM-816x543.jpeg 816w, https:\/\/diariodominicano.com\/wp-content\/uploads\/2022\/07\/Socrates-Suazo-en-misa-a-Sanchez00WhatsApp-Image-2022-07-04-at-12.47.56-PM.jpeg 1280w\" sizes=\"auto, (max-width: 1024px) 100vw, 1024px\" \/><\/figure>\n\n\n\n<p>Mar\u00eda Trinidad S\u00e1nchez, bisnieta del patricio, agradeci\u00f3 a las Fuerzas Armadas por siempre tenerles presente junto a su familia, en la conmemoraci\u00f3n de las fechas que recuerdan el sacrificio del pr\u00f3cer S\u00e1nchez, quien&nbsp; junto a uno de sus hermanos y otros dominicanos valientes, lucharon unidos para que hoy todos puedan disfrutar de un pa\u00eds soberano.<\/p>\n\n\n\n<p>En la homil\u00eda estuvieron, el Director de Log\u00edstica del Estado Mayor Conjunto del MIDE (J-4), Coronel Euler Sierra P\u00e9rez, FARD; los directores generales del Cuerpo Jur\u00eddico y de Equidad de G\u00e9nero del MIDE, as\u00ed como representantes de diferentes dependencias de las FF.AA.<\/p>\n\n\n\n<p><strong><em>Departamento de Prensa<\/em><\/strong><\/p>\n\n\n\n<p><em><strong>Direcci\u00f3n de Asuntos Civiles del Estado Mayor Conjunto, J5<\/strong><\/em><\/p>\n\n\n\n<p><em><strong>Ministerio de Defensa de Rep\u00fablica Dominicana<\/strong><\/em><\/p>\n","protected":false},"excerpt":{"rendered":"<p>En la homil\u00eda, oficiada en la parroquia Nuestra Se\u00f1ora de la Altagracia del MIDE, el Capell\u00e1n Castrense Coronel Geraldo Ram\u00edrez Paniagua, ERD., resalt\u00f3 la importancia de motivar a los j\u00f3venes a conocer la historia militar dominicana. SANTO DOMINGO, RD.- Con la participaci\u00f3n de algunos de los descendientes del General de Divisi\u00f3n Francisco del Rosario S\u00e1nchez [&hellip;]<\/p>\n","protected":false},"author":2,"featured_media":366144,"comment_status":"closed","ping_status":"","sticky":true,"template":"","format":"standard","meta":{"footnotes":""},"categories":[20,26,27],"tags":[],"class_list":["post-366143","post","type-post","status-publish","format-standard","has-post-thumbnail","hentry","category-dominicana-hoy","category-efemerides","category-portada"],"_links":{"self":[{"href":"https:\/\/diariodominicano.com\/index.php?rest_route=\/wp\/v2\/posts\/366143","targetHints":{"allow":["GET"]}}],"collection":[{"href":"https:\/\/diariodominicano.com\/index.php?rest_route=\/wp\/v2\/posts"}],"about":[{"href":"https:\/\/diariodominicano.com\/index.php?rest_route=\/wp\/v2\/types\/post"}],"author":[{"embeddable":true,"href":"https:\/\/diariodominicano.com\/index.php?rest_route=\/wp\/v2\/users\/2"}],"replies":[{"embeddable":true,"href":"https:\/\/diariodominicano.com\/index.php?rest_route=%2Fwp%2Fv2%2Fcomments&post=366143"}],"version-history":[{"count":5,"href":"https:\/\/diariodominicano.com\/index.php?rest_route=\/wp\/v2\/posts\/366143\/revisions"}],"predecessor-version":[{"id":366154,"href":"https:\/\/diariodominicano.com\/index.php?rest_route=\/wp\/v2\/posts\/366143\/revisions\/366154"}],"wp:featuredmedia":[{"embeddable":true,"href":"https:\/\/diariodominicano.com\/index.php?rest_route=\/wp\/v2\/media\/366144"}],"wp:attachment":[{"href":"https:\/\/diariodominicano.com\/index.php?rest_route=%2Fwp%2Fv2%2Fmedia&parent=366143"}],"wp:term":[{"taxonomy":"category","embeddable":true,"href":"https:\/\/diariodominicano.com\/index.php?rest_route=%2Fwp%2Fv2%2Fcategories&post=366143"},{"taxonomy":"post_tag","embeddable":true,"href":"https:\/\/diariodominicano.com\/index.php?rest_route=%2Fwp%2Fv2%2Ftags&post=366143"}],"curies":[{"name":"wp","href":"https:\/\/api.w.org\/{rel}","templated":true}]}}