{"id":36610,"date":"2007-12-23T02:52:15","date_gmt":"2007-12-23T02:52:15","guid":{"rendered":"http:\/\/diariodominicano.ddns.net\/?p=36610"},"modified":"2007-12-23T02:52:15","modified_gmt":"2007-12-23T02:52:15","slug":"caamano-viene","status":"publish","type":"post","link":"https:\/\/diariodominicano.com\/?p=36610","title":{"rendered":"Caama\u00f1o viene"},"content":{"rendered":"<p><body><\/p>\n<p align=\"center\" class=\"titulogrande1\">Caama\u00f1o viene<\/p>\n<p>&#13;<\/p>\n<p align=\"center\"><strong>Por<\/strong> <span class=\"textogrande\">Narciso Isa Conde<\/span><\/p>\n<p>&#13;<\/p>\n<p align=\"justify\"><span class=\"text1noticias\">Se escuchan ya las  voces que exclaman: \u00a1 Caama\u00f1o Vive! \u00a1Viene! \u00a1Vuelve!<br \/>&#13;<br \/>\n  \u00a0<br \/>&#13;<br \/>\n  Esta nueva marcha hacia el retorno se iniciar\u00e1 en el un  nuevo a\u00f1o 2008 y la estamos anunciando en Navidad.<\/span><\/p>\n<p>&#13;<\/p>\n<p align=\"justify\" class=\"text1noticias\">S\u00ed, el coronel de abril viene porque aquel  proceso, aquella revoluci\u00f3n democr\u00e1tica-popular, qued\u00f3 inconclusa. Fue  bruscamente interrumpida por el desembarco de 42 mil soldados estadounidenses.<\/p>\n<p>&#13;<\/p>\n<p align=\"justify\" class=\"text1noticias\">Porque desde entonces la  honestidad fue reemplazada por la corrupci\u00f3n de Estado.<\/p>\n<p>&#13;<\/p>\n<p align=\"justify\" class=\"text1noticias\">Porque la democracia de abril  basada en la constituci\u00f3n m\u00e1s avanzada de la historia republicana y en el  pueblo en armas (en los comandos de obreros, campesinos, estudiantes,  intelectuales, desempleados, mujeres, j\u00f3venes), fue sustituida por una  seudo-democracia supuestamente liberal y supuestamente representativa.<\/p>\n<p>&#13;<\/p>\n<p align=\"justify\" class=\"text1noticias\">Porque la soberan\u00eda y la  autodeterminaci\u00f3n fueron echada al zafac\u00f3n para entronizar el entreguismo y la  intervenci\u00f3n.<\/p>\n<p>&#13;<\/p>\n<p align=\"justify\" class=\"text1noticias\">Porque la unidad del pueblo y de los(as)  revolucionarios(as) fue reemplazada por la divisi\u00f3n, la dispersi\u00f3n inducida y  el sectarismo infecundo.<\/p>\n<p>&#13;<\/p>\n<p align=\"justify\" class=\"text1noticias\">Caama\u00f1o y Fern\u00e1ndez Dom\u00ednguez, por mandato de  un pueblo insubordinado contra el despotismo, la corrupci\u00f3n y el entreguismo,  encarnaron esos ideales y tuvieron que llevarse al m\u00e1s all\u00e1 en todos esos valores,  en espera del momento oportuno.<\/p>\n<p>&#13;<\/p>\n<p align=\"justify\" class=\"text1noticias\">Caama\u00f1o, algunos a\u00f1os despu\u00e9s, abraz\u00f3 las  ideas socialistas y antes de emprender la expedici\u00f3n de Playa Caracoles expres\u00f3  su determinaci\u00f3n de luchar por ellas. Y tambien las coloc\u00f3 en su mochila en  espera de la hora nueva, que tiene lugar en este nuevo siglo. <\/p>\n<p>&#13;<\/p>\n<p align=\"justify\" class=\"text1noticias\">La derecha dominicana, parapetada  detr\u00e1s de diferentes mamparas pol\u00edticas, expres\u00e1ndose a trav\u00e9s de las fuerzas  del llamado Gobierno de Reconstrucci\u00f3n Nacional, expres\u00e1ndose luego a trav\u00e9s de  Balaguer y el PRSC, asaltando al PRD y al PLD, contaminando las partes m\u00e1s  blandas de las izquierdas\u2026ech\u00f3 a un lado todo lo que aquel hermoso abril y ese  formidable liderazgo representaron.<\/p>\n<p>&#13;<\/p>\n<p align=\"justify\" class=\"text1noticias\">La oligarqu\u00eda y sus diferentes  mutaciones, el imperialismo estadounidense en sus diferentes versiones, han  reinado as\u00ed durante los cuarenta y tres a\u00f1os que siguieron a esa gesta,  bloqueando todo lo que ella pudo dar.<\/p>\n<p>&#13;<\/p>\n<p align=\"justify\" class=\"text1noticias\">La Constituci\u00f3n del 63,  su avanzado contenido social, pol\u00edtico y econ\u00f3mico, la democracia popular que  brot\u00f3 de esa revoluci\u00f3n bloqueada, la soberan\u00eda que represent\u00f3 y los cambios  que anunciaban, conservan toda su vigencia.<\/p>\n<p>&#13;<\/p>\n<p align=\"justify\" class=\"text1noticias\">El ejemplo de Caama\u00f1o, cara a las  Fuerzas Armadas Regulares y a toda la sociedad, seguido del de Torrijos  (Panam\u00e1), Velasco Alvarado (Per\u00fa), y Juan Jos\u00e9 Torres (Bolivia), y ahora  continuando por Ch\u00e1vez (Venezuela) tiene mas valor y sentido de pertinencia que  cuatro d\u00e9cadas atr\u00e1s. Por eso no ha muerto. Por eso habr\u00e1 de venir. Por eso  est\u00e1 en marcha. Por eso habr\u00e1 de volver.<\/p>\n<p>&#13;<\/p>\n<p align=\"justify\" class=\"text1noticias\">El largo periodo de la seudo-rep\u00fablica  presenta inequ\u00edvocas se\u00f1ales de agotamiento. Su partidocracia no puede exhibir  nada nuevo y si mucha mas podredumbre y incapacidades. <br \/>&#13;<br \/>\n  <br \/>&#13;<br \/>\nObs\u00e9rvenla frente a las  tormentas Noel y Olga. Contemplen su patinar en ese c\u00edrculo vicioso electoral  que ofrece m\u00e1s de lo mismo y cada vez cosas peores.<\/p>\n<p>&#13;<\/p>\n<p align=\"justify\" class=\"text1noticias\">Sus tutores y beneficiarios,  representantes del gran capital transnacional y criollo, lucen adem\u00e1s  empantanados a escala, nacional, continental y mundial. Su era neoliberal ha  conducido a la tragedia social, a la guerra infinita, al empobrecimiento  extremo de lo seres humanos y la depredaci\u00f3n de la naturaleza.<\/p>\n<p>&#13;<\/p>\n<p align=\"justify\" class=\"text1noticias\">Aqu\u00ed sus candidatos a la presidencia no pueden  ser m\u00e1s mentirosos, corruptos, hip\u00f3critas.<\/p>\n<p>&#13;<\/p>\n<p align=\"justify\" class=\"text1noticias\">Caama\u00f1o, Velasco, Torres,  Torrijos se juntaron con el Che y extendieron su brazos libertarios hasta donde  el indoblegable Fidel, alcanzando el sub-comandante Marcos y el legendario  comandante Marulanda; y ahora han reencarnado en Ch\u00e1vez, Evo y Correa\u2026 en  franca se\u00f1al de que en pleno siglo XXI vienen por originales senderos.<\/p>\n<p>&#13;<\/p>\n<p align=\"justify\" class=\"text1noticias\">No es posible describir en este  instante las rutas, ni los veh\u00edculos, ni el tiempo exacto, ni la manera de  llegar. Tampoco precisar las v\u00edas por donde volver\u00e1n a triunfar.<\/p>\n<p>&#13;<\/p>\n<p align=\"justify\" class=\"text1noticias\">Es cuesti\u00f3n de estar atentos y  ayudarlos a caminar, desbrozando senderos al andar.<\/p>\n<p>&#13;<\/p>\n<p align=\"justify\" class=\"text1noticias\">Pero no hay dudas: Caama\u00f1o vive y es por eso  que al igual que Duarte y Luper\u00f3n ha sido declarado h\u00e9roe nacional. Caama\u00f1o  viene porque sus ideales est\u00e1n presentes y los que bloquearon su camino est\u00e1n  en tren de fracasar. Caama\u00f1o vuelve porque el pueblo dominicano lo necesita,  con traje civil o ropa militar, con votos, voces, marchas, huelgas, piedras,  flores y fusiles.<\/p>\n<p>&#13;<\/p>\n<p align=\"justify\" class=\"text1noticias\">Caama\u00f1o vuelve con los programas  de nuestros pr\u00f3ceres, h\u00e9roes y hero\u00ednas enriquecidos, con la Constituci\u00f3n del 63  actualizada y el proyecto restaurador rearmado.<\/p>\n<p>&#13;<\/p>\n<p align=\"justify\" class=\"text1noticias\">El a\u00f1o pr\u00f3ximo habr\u00e1 de iniciarse  esta marcha paralela, diferente y diferenciada de toda la podredumbre que se  agota.<\/p>\n<p>&#13;<\/p>\n<p align=\"justify\" class=\"text1noticias\">Hablo de una marcha paralela y distinta a la  del mayo oficial, nueva vez copado por la desesperanza. Del resurgir en el coraz\u00f3n  del pueblo de las ideas de febrero, abril y junio, hablo de los nuevos  liderazgos que las recreen y las abracen.<\/p>\n<p>&#13;<\/p>\n<p align=\"justify\" class=\"text1noticias\">Hablo de otro tipo de movimiento,  m\u00e1s cerca de lo transformador que lo de simplemente electorero, m\u00e1s apegado al  pueblo que a las instituciones infuncionales.<\/p>\n<p>&#13;<\/p>\n<p align=\"justify\" class=\"text1noticias\">Que golpee al mayo derechizado  coreando: \u00a1Caama\u00f1o Vive, Caama\u00f1o viene, Caama\u00f1o vuelve! Porque entre febrero y  mayo, abril es el camino y nuestro candidato es Caama\u00f1o.<\/p>\n<p>&#13;<\/p>\n<h6> 2007-12-23 02:52:15 <\/h6>\n<p><!--\n<link rel=\"stylesheet\" href=\"css\/bootstrap.min.css\">\n\n\n<ul class=\"pagination\">\n\t    \n\t\n\n<li >\n\t<a href='?page_no=12455'>Previous<\/a>\n\t<\/li>\n\n\n       \n    \n\n<li><a href='?page_no=1'>1<\/a><\/li>\n\n\n\n<li><a href='?page_no=2'>2<\/a><\/li>\n\n\n\n<li><a>...<\/a><\/li>\n\n\n\n<li><a href='?page_no=12454'>12454<\/a><\/li>\n\n\n\n<li><a href='?page_no=12455'>12455<\/a><\/li>\n\n\n\n<li class='active'><a>12456<\/a><\/li>\n\n\n\n<li><a href='?page_no=12457'>12457<\/a><\/li>\n\n\n\n<li><a href='?page_no=12458'>12458<\/a><\/li>\n\n\n\n<li><a>...<\/a><\/li>\n\n\n\n<li><a href='?page_no=13611'>13611<\/a><\/li>\n\n\n\n<li><a href='?page_no=13612'>13612<\/a><\/li>\n\n    \n\t\n\n<li >\n\t<a href='?page_no=12457'>Next<\/a>\n\t<\/li>\n\n\n    \n\n<li><a href='?page_no=13612'>Last &rsaquo;&rsaquo;<\/a><\/li>\n\n<\/ul>\n\n\n--><br \/>\n<\/body><\/p>\n","protected":false},"excerpt":{"rendered":"<p>Caama\u00f1o viene &#13; Por Narciso Isa Conde &#13; Se escuchan ya las voces que exclaman: \u00a1 Caama\u00f1o Vive! \u00a1Viene! \u00a1Vuelve!&#13; \u00a0&#13; Esta nueva marcha hacia el retorno se iniciar\u00e1 en el un nuevo a\u00f1o 2008 y la estamos anunciando en Navidad. &#13; S\u00ed, el coronel de abril viene porque aquel proceso, aquella revoluci\u00f3n democr\u00e1tica-popular, qued\u00f3 [&hellip;]<\/p>\n","protected":false},"author":3,"featured_media":0,"comment_status":"open","ping_status":"open","sticky":false,"template":"","format":"standard","meta":{"footnotes":""},"categories":[16],"tags":[],"class_list":["post-36610","post","type-post","status-publish","format-standard","hentry","category-opiniones"],"_links":{"self":[{"href":"https:\/\/diariodominicano.com\/index.php?rest_route=\/wp\/v2\/posts\/36610","targetHints":{"allow":["GET"]}}],"collection":[{"href":"https:\/\/diariodominicano.com\/index.php?rest_route=\/wp\/v2\/posts"}],"about":[{"href":"https:\/\/diariodominicano.com\/index.php?rest_route=\/wp\/v2\/types\/post"}],"author":[{"embeddable":true,"href":"https:\/\/diariodominicano.com\/index.php?rest_route=\/wp\/v2\/users\/3"}],"replies":[{"embeddable":true,"href":"https:\/\/diariodominicano.com\/index.php?rest_route=%2Fwp%2Fv2%2Fcomments&post=36610"}],"version-history":[{"count":0,"href":"https:\/\/diariodominicano.com\/index.php?rest_route=\/wp\/v2\/posts\/36610\/revisions"}],"wp:attachment":[{"href":"https:\/\/diariodominicano.com\/index.php?rest_route=%2Fwp%2Fv2%2Fmedia&parent=36610"}],"wp:term":[{"taxonomy":"category","embeddable":true,"href":"https:\/\/diariodominicano.com\/index.php?rest_route=%2Fwp%2Fv2%2Fcategories&post=36610"},{"taxonomy":"post_tag","embeddable":true,"href":"https:\/\/diariodominicano.com\/index.php?rest_route=%2Fwp%2Fv2%2Ftags&post=36610"}],"curies":[{"name":"wp","href":"https:\/\/api.w.org\/{rel}","templated":true}]}}