{"id":36607,"date":"2007-12-24T15:04:19","date_gmt":"2007-12-24T15:04:19","guid":{"rendered":"http:\/\/diariodominicano.ddns.net\/?p=36607"},"modified":"2007-12-24T15:04:19","modified_gmt":"2007-12-24T15:04:19","slug":"miguel-vargas-y-el-cambio-politico","status":"publish","type":"post","link":"https:\/\/diariodominicano.com\/?p=36607","title":{"rendered":"Miguel Vargas y el Cambio Pol\u00edtico"},"content":{"rendered":"<p><body><\/p>\n<p class=\"titulogrande1\"><strong>Miguel Vargas y el Cambio Pol\u00edtico<\/strong><\/p>\n<p>&#13;<\/p>\n<p align=\"justify\" class=\"text1noticias\">Una de las \u00a0criticas\u00a0  m\u00e1s\u00a0 aguda a la pasada  administraci\u00f3n,\u00a0 por parte del PLD,  fue el cuestionamiento al crecimiento de la deuda externa del pa\u00eds, ya que se  argumentaba que esta hab\u00eda aumentado de 4 mil millones a unos 10 mil millones  de pesos.<\/p>\n<p>&#13;<\/p>\n<p align=\"justify\" class=\"text1noticias\">En el presente  gobierno hemos visto, con asombro, como la deuda externa ha crecido de\u00a0 10 mil millones a\u00a0 unos 17 mil millones, en s\u00f3lo tres a\u00f1os, sin  contar los pr\u00e9stamos que est\u00e1n pendientes  de aprobaci\u00f3n; con el agravante de que prestamos como el de la Sun Land no han recorrido  el camino constitucional para su aprobaci\u00f3n y ejecuci\u00f3n.<\/p>\n<p>&#13;<\/p>\n<p align=\"justify\" class=\"text1noticias\">Este  endeudamiento, sumado a la construcci\u00f3n del metro, ha dado origen a tres  reformas fiscales, lo que se ha traducido en cargas de impuestos que ya el  ciudadano no puede pagar.<br \/>&#13;<br \/>\n  <br \/> &#13;<br \/>\nPor eso encontramos que no s\u00f3lo ha disminuido el  consumo de bienes y servicios que oferta el comercio, sino que tambi\u00e9n ha  habido una ca\u00edda en la producci\u00f3n. Esa es\u00a0  la raz\u00f3n que vienen a explicar por qu\u00e9 muchas empresas y negocios han  ido a la quiebra, incluidas, en este caso, muchas empresas de zonas francas.<\/p>\n<p>&#13;<\/p>\n<p align=\"justify\" class=\"text1noticias\">Como se aprecia,  la profundizaci\u00f3n de la crisis econ\u00f3mica ha generado mayores niveles de  violencia social, eso explica\u00a0 el porqu\u00e9  en la actualidad los robos, los\u00a0 asaltos  y el consumo de drogas\u00a0 sigue en aumento,  poniendo en peligro la seguridad ciudadana y el Estado de Derecho. <\/p>\n<p>&#13;<\/p>\n<p align=\"justify\" class=\"text1noticias\">La crisis  econ\u00f3mica y social presente da origen al cambio pol\u00edtico y en la  actualidad\u00a0 quien tiene toda la  posibilidad de encabezar ese cambio pol\u00edtico, que desea la mayor\u00eda\u00a0 \u00a0de dominicanos,  es el Ing. Miguel Vargas, porque es el \u00fanico candidato con poder electoral real  para sacar del poder al candidato de la reelecci\u00f3n, ya que aunque \u00e9ste hace  esfuerzos denodados por seguir en el puesto presidencial hay una realidad  que\u00a0 lo impide; esa realidad es que la  mayor\u00eda de la poblaci\u00f3n s\u00f3lo act\u00faa en pol\u00edtica motivada por sus necesidades de  subsistencia y en el presente la mayor\u00eda de dominicanos de clases medias y  pobres han pasado no s\u00f3lo a la pobreza sino tambi\u00e9n a la indigencia. <\/p>\n<p>&#13;<\/p>\n<p align=\"justify\" class=\"text1noticias\">Todo esto viene  a demostrar que aunque la reelecci\u00f3n contin\u00fae haciendo todos los esfuerzos para  seguir frente al gobierno, ello no es posible porque cuando los pueblos toman  su decisi\u00f3n, motivados en sus necesidades de seguir subsistiendo, el cambio  pol\u00edtico se hace inevitable, ya que no existe ni dinero ni voluntad que lo  detenga y eso esta ocurriendo con la reelecci\u00f3n presidencial\u00a0 y el presidente Fern\u00e1ndez.<\/p>\n<p>&#13;<\/p>\n<p align=\"justify\" class=\"text1noticias\">El peso de la  profundidad de la crisis\u00a0 ha aumentado a  niveles insospechados la miseria y la indigencia de la mayor\u00eda de los  dominicanos y eso se traduce en un voto de castigo a la reelecci\u00f3n presidencial.  Eso quedar\u00e1 demostrado, de forma palmaria, el 16 de Mayo del a\u00f1o 2008 cuando  una gran mayor\u00eda de dominicanas y dominicanos escojan a Miguel vargas para que  encabece el cambio pol\u00edtico, que se iniciara a partir del 16 de Agosto del a\u00f1o  2008.<\/p>\n<p>&#13;<\/p>\n<p align=\"justify\" class=\"text1noticias\">El Dr. Evelio Arroyo es Director Nacional  de Comunicaciones\u00a0 y de Estrategias del Movimiento en L\u00ednea con Miguel. \u00a0<\/p>\n<p>&#13;<\/p>\n<h6> 2007-12-24 15:04:19 <\/h6>\n<p><!--\n<link rel=\"stylesheet\" href=\"css\/bootstrap.min.css\">\n\n\n<ul class=\"pagination\">\n\t    \n\t\n\n<li >\n\t<a href='?page_no=12452'>Previous<\/a>\n\t<\/li>\n\n\n       \n    \n\n<li><a href='?page_no=1'>1<\/a><\/li>\n\n\n\n<li><a href='?page_no=2'>2<\/a><\/li>\n\n\n\n<li><a>...<\/a><\/li>\n\n\n\n<li><a href='?page_no=12451'>12451<\/a><\/li>\n\n\n\n<li><a href='?page_no=12452'>12452<\/a><\/li>\n\n\n\n<li class='active'><a>12453<\/a><\/li>\n\n\n\n<li><a href='?page_no=12454'>12454<\/a><\/li>\n\n\n\n<li><a href='?page_no=12455'>12455<\/a><\/li>\n\n\n\n<li><a>...<\/a><\/li>\n\n\n\n<li><a href='?page_no=13611'>13611<\/a><\/li>\n\n\n\n<li><a href='?page_no=13612'>13612<\/a><\/li>\n\n    \n\t\n\n<li >\n\t<a href='?page_no=12454'>Next<\/a>\n\t<\/li>\n\n\n    \n\n<li><a href='?page_no=13612'>Last &rsaquo;&rsaquo;<\/a><\/li>\n\n<\/ul>\n\n\n--><br \/>\n<\/body><\/p>\n","protected":false},"excerpt":{"rendered":"<p>Miguel Vargas y el Cambio Pol\u00edtico &#13; Una de las \u00a0criticas\u00a0 m\u00e1s\u00a0 aguda a la pasada administraci\u00f3n,\u00a0 por parte del PLD, fue el cuestionamiento al crecimiento de la deuda externa del pa\u00eds, ya que se argumentaba que esta hab\u00eda aumentado de 4 mil millones a unos 10 mil millones de pesos. &#13; En el presente [&hellip;]<\/p>\n","protected":false},"author":3,"featured_media":0,"comment_status":"open","ping_status":"open","sticky":false,"template":"","format":"standard","meta":{"footnotes":""},"categories":[16],"tags":[],"class_list":["post-36607","post","type-post","status-publish","format-standard","hentry","category-opiniones"],"_links":{"self":[{"href":"https:\/\/diariodominicano.com\/index.php?rest_route=\/wp\/v2\/posts\/36607","targetHints":{"allow":["GET"]}}],"collection":[{"href":"https:\/\/diariodominicano.com\/index.php?rest_route=\/wp\/v2\/posts"}],"about":[{"href":"https:\/\/diariodominicano.com\/index.php?rest_route=\/wp\/v2\/types\/post"}],"author":[{"embeddable":true,"href":"https:\/\/diariodominicano.com\/index.php?rest_route=\/wp\/v2\/users\/3"}],"replies":[{"embeddable":true,"href":"https:\/\/diariodominicano.com\/index.php?rest_route=%2Fwp%2Fv2%2Fcomments&post=36607"}],"version-history":[{"count":0,"href":"https:\/\/diariodominicano.com\/index.php?rest_route=\/wp\/v2\/posts\/36607\/revisions"}],"wp:attachment":[{"href":"https:\/\/diariodominicano.com\/index.php?rest_route=%2Fwp%2Fv2%2Fmedia&parent=36607"}],"wp:term":[{"taxonomy":"category","embeddable":true,"href":"https:\/\/diariodominicano.com\/index.php?rest_route=%2Fwp%2Fv2%2Fcategories&post=36607"},{"taxonomy":"post_tag","embeddable":true,"href":"https:\/\/diariodominicano.com\/index.php?rest_route=%2Fwp%2Fv2%2Ftags&post=36607"}],"curies":[{"name":"wp","href":"https:\/\/api.w.org\/{rel}","templated":true}]}}