{"id":36605,"date":"2007-12-24T15:19:44","date_gmt":"2007-12-24T15:19:44","guid":{"rendered":"http:\/\/diariodominicano.ddns.net\/?p=36605"},"modified":"2007-12-24T15:19:44","modified_gmt":"2007-12-24T15:19:44","slug":"la-caverna-de-platon","status":"publish","type":"post","link":"https:\/\/diariodominicano.com\/?p=36605","title":{"rendered":"La Caverna de Plat\u00f3n"},"content":{"rendered":"<p><body><\/p>\n<h2 class=\"titulogrande1\">La Caverna de Plat\u00f3n<\/h2>\n<p>&#13;<\/p>\n<h3 class=\"textogrande\">Frei Betto<\/h3>\n<p>&#13;<\/p>\n<p align=\"justify\" class=\"text1noticias\">En el libro 7\u00ba de La Rep\u00fablica Plat\u00f3n cuenta que S\u00f3crates propuso a sus oyentes  que imaginaran un grupo de prisioneros encadenados en una caverna, sin poder  moverse nunca. <br \/>&#13;<br \/>\n  <br \/>&#13;<br \/>\n  Afuera hay una hoguera, cuyas llamas proyectan dentro de la  caverna las sombras de quien pasa delante de la entrada. Los prisioneros, que  nunca pueden volverse hacia el mundo exterior, creen que las sombras y el eco  de sus voces son reales.<br \/>&#13;<br \/>\n  <br \/>&#13;<br \/>\n  El capitalismo, en sus inicios produc\u00eda en funci\u00f3n de las necesidades humanas.  No se invert\u00eda en algo que el consumidor juzgara innecesario. La  superproducci\u00f3n invent\u00f3 la publicidad para invertir el proceso: ya no es el consumidor  quien busca el producto, es el producto quien se impone al consumidor.<br \/>&#13;<br \/>\n  <br \/>&#13;<br \/>\n  El avance tecnol\u00f3gico y los dise\u00f1adores fomentan la mercanc\u00eda descartable. No  basta con tener una radio; es necesario tener la radio m\u00e1s nueva, de l\u00edneas  atractivas, menor formato, capaz de funcionar con pilas. De ese modo, gracias a  la publicidad, lo superfluo se convierte en necesario.<br \/>&#13;<br \/>\n  <br \/>&#13;<br \/>\n  En esta su fase neoliberal, en pleno auge de la posmodernidad, el capitalismo  introdujo el mercado como supremo paradigma. Si en el per\u00edodo medieval el  paradigma fue geoc\u00e9ntrico, y la fe figuraba como reina del saber; si en el  per\u00edodo moderno el paradigma antropoc\u00e9ntrico hizo que la fe cediese su lugar a  la raz\u00f3n; ahora el mercado no se interesa por la persona religiosa o racional,  se interesa por la consumista. Y cuanta menos raz\u00f3n m\u00e1s emoci\u00f3n, lo que lleva  al consumidor a contemplar embebido un nuevo computador o los veh\u00edculos  expuestos en el Sal\u00f3n del Autom\u00f3vil. As\u00ed el capitalismo llega a nuestro  inconsciente.<br \/>&#13;<br \/>\n  <br \/>&#13;<br \/>\n  Ahora bien, de espaldas a la concretez de la existencia e indiferentes a su  historicidad, tomamos las sombras por realidades. El sentido de la vida se  traspasa de la fe (coraz\u00f3n) y de los ideales (raz\u00f3n) para centrarse en los  objetos pose\u00eddos. Se vive en funci\u00f3n de los bienes finitos. Hasta para el joven  habitante de una favela el zapato tenis de marca es m\u00e1s importante que la  escolaridad y que la formaci\u00f3n profesional.<br \/>&#13;<br \/>\n  <br \/>&#13;<br \/>\n  La persona es lo que se tiene y se ostenta, no los valores y prop\u00f3sitos que  asume. Las apariencias cuentan m\u00e1s que el ser, y aunque no sea cierto, tiene el  socorro milagroso de la mercadotecnia para convencernos de que hace bien a la  salud la bebida de soda que descalcifica, imprime seducci\u00f3n la cerveza que  alcoholiza, da status el carro lujoso. \u00a1Y hasta merece la pena votar al  pol\u00edtico desvergonzado revestido de \u00e9tica!<br \/>&#13;<br \/>\n  <br \/>&#13;<br \/>\n  Si los bienes finitos superan a los infinitos, y el deseo converge hacia el  absurdo y no hacia el Absoluto, no es de extra\u00f1ar que las frustraciones sean  proporcionales a las ambiciones.<br \/>&#13;<br \/>\n  <br \/> &#13;<br \/>\n  Todos envidian el alpinismo de sus \u00eddolos  incensados por los medios de comunicaci\u00f3n, aunque de ellos s\u00f3lo conozcamos las  sombras proyectadas en la pantalla de la televisi\u00f3n y de las revistas, pues  estamos irremediablemente de espaldas a la puerta de la calle, convencidos de  que el personaje representado por aquellos que exhiben fama, poder y riqueza es  m\u00e1s real que sus mismas personas. (Traducci\u00f3n de J.L.Burguet)<br \/>&#13;<br \/>\n  <br \/>&#13;<br \/>\n  &#8211; Frei Betto es escritor, autor de \u201cTipos t\u00edpicos\u201d, entre otros libros.<\/p>\n<p>&#13;<\/p>\n<h6> 2007-12-24 15:19:44 <\/h6>\n<p><!--\n<link rel=\"stylesheet\" href=\"css\/bootstrap.min.css\">\n\n\n<ul class=\"pagination\">\n\t    \n\t\n\n<li >\n\t<a href='?page_no=12450'>Previous<\/a>\n\t<\/li>\n\n\n       \n    \n\n<li><a href='?page_no=1'>1<\/a><\/li>\n\n\n\n<li><a href='?page_no=2'>2<\/a><\/li>\n\n\n\n<li><a>...<\/a><\/li>\n\n\n\n<li><a href='?page_no=12449'>12449<\/a><\/li>\n\n\n\n<li><a href='?page_no=12450'>12450<\/a><\/li>\n\n\n\n<li class='active'><a>12451<\/a><\/li>\n\n\n\n<li><a href='?page_no=12452'>12452<\/a><\/li>\n\n\n\n<li><a href='?page_no=12453'>12453<\/a><\/li>\n\n\n\n<li><a>...<\/a><\/li>\n\n\n\n<li><a href='?page_no=13611'>13611<\/a><\/li>\n\n\n\n<li><a href='?page_no=13612'>13612<\/a><\/li>\n\n    \n\t\n\n<li >\n\t<a href='?page_no=12452'>Next<\/a>\n\t<\/li>\n\n\n    \n\n<li><a href='?page_no=13612'>Last &rsaquo;&rsaquo;<\/a><\/li>\n\n<\/ul>\n\n\n--><br \/>\n<\/body><\/p>\n","protected":false},"excerpt":{"rendered":"<p>La Caverna de Plat\u00f3n &#13; Frei Betto &#13; En el libro 7\u00ba de La Rep\u00fablica Plat\u00f3n cuenta que S\u00f3crates propuso a sus oyentes que imaginaran un grupo de prisioneros encadenados en una caverna, sin poder moverse nunca. &#13; &#13; Afuera hay una hoguera, cuyas llamas proyectan dentro de la caverna las sombras de quien pasa [&hellip;]<\/p>\n","protected":false},"author":3,"featured_media":0,"comment_status":"open","ping_status":"open","sticky":false,"template":"","format":"standard","meta":{"footnotes":""},"categories":[16],"tags":[],"class_list":["post-36605","post","type-post","status-publish","format-standard","hentry","category-opiniones"],"_links":{"self":[{"href":"https:\/\/diariodominicano.com\/index.php?rest_route=\/wp\/v2\/posts\/36605","targetHints":{"allow":["GET"]}}],"collection":[{"href":"https:\/\/diariodominicano.com\/index.php?rest_route=\/wp\/v2\/posts"}],"about":[{"href":"https:\/\/diariodominicano.com\/index.php?rest_route=\/wp\/v2\/types\/post"}],"author":[{"embeddable":true,"href":"https:\/\/diariodominicano.com\/index.php?rest_route=\/wp\/v2\/users\/3"}],"replies":[{"embeddable":true,"href":"https:\/\/diariodominicano.com\/index.php?rest_route=%2Fwp%2Fv2%2Fcomments&post=36605"}],"version-history":[{"count":0,"href":"https:\/\/diariodominicano.com\/index.php?rest_route=\/wp\/v2\/posts\/36605\/revisions"}],"wp:attachment":[{"href":"https:\/\/diariodominicano.com\/index.php?rest_route=%2Fwp%2Fv2%2Fmedia&parent=36605"}],"wp:term":[{"taxonomy":"category","embeddable":true,"href":"https:\/\/diariodominicano.com\/index.php?rest_route=%2Fwp%2Fv2%2Fcategories&post=36605"},{"taxonomy":"post_tag","embeddable":true,"href":"https:\/\/diariodominicano.com\/index.php?rest_route=%2Fwp%2Fv2%2Ftags&post=36605"}],"curies":[{"name":"wp","href":"https:\/\/api.w.org\/{rel}","templated":true}]}}