{"id":36601,"date":"2007-12-25T03:19:37","date_gmt":"2007-12-25T03:19:37","guid":{"rendered":"http:\/\/diariodominicano.ddns.net\/?p=36601"},"modified":"2007-12-25T03:19:37","modified_gmt":"2007-12-25T03:19:37","slug":"excelentisimo-senor-presidente","status":"publish","type":"post","link":"https:\/\/diariodominicano.com\/?p=36601","title":{"rendered":"Excelent\u00edsimo se\u00f1or presidente"},"content":{"rendered":"<p><body><\/p>\n<p class=\"titulogrande1\">Excelent\u00edsimo se\u00f1or presidente<\/p>\n<p>&#13;<\/p>\n<p><strong>Por <\/strong><span class=\"textogrande\">Victor Su\u00e1rez<\/span><\/p>\n<p>&#13;<\/p>\n<p align=\"justify\" class=\"text1noticias\"><img loading=\"lazy\" decoding=\"async\" src=\"http:\/\/10.0.0.82:8080\/pictures\/victor suarez.jpg\" width=\"269\" height=\"351\" hspace=\"4\" align=\"left\" \/>Am\u00e9rica latina est\u00e1 comenzando a despertar del letargo, sue\u00f1o en  que la sumieron los tiranos, los malos gobiernos de la partidocracia  inservible, el oscurantismo, y el abandono norte americano. <\/p>\n<p>&#13;<\/p>\n<p align=\"justify\" class=\"text1noticias\">El horizonte se embellece  con el canto de libertad y alegr\u00eda de un futuro que no puede esperar a ma\u00f1ana,  por que para Am\u00e9rica latina, el futuro comienza ahora, en este momento, en este  mismo segundo. <br \/>&#13;<br \/>\n  \u00a0<br \/>&#13;<br \/>\n  Por eso se\u00f1or presidente, le convido a unirse a este futuro que en  sus manos de gobernante y hombre de hoy tambi\u00e9n se anida y se incuba,\u00a0 creo que usted f\u00e1cilmente desde su poder y  con un peque\u00f1o grado de disposici\u00f3n puede hacerlo eclosionar.<\/p>\n<p>&#13;<\/p>\n<p align=\"justify\" class=\"text1noticias\">No hay que poner el comunismo delante de un proyecto sabio, bueno  y dominicano, no hay que gritar socialismo con voz de gigante, no hay que  seguir modelos capitalista, extranjeros. <\/p>\n<p>&#13;<\/p>\n<p align=\"justify\" class=\"text1noticias\">Solamente hay que poner a Duarte delante, como el gran  reunificador, de todos los Dominicanos y construir un modelo donde se incluya a  todos los Dominicanos, construir una naci\u00f3n donde nos abracemos todos los  Dominicanos, edificar un pa\u00eds donde se sientan comprometidos todos los  Dominicanos y\u00a0 el hombre com\u00fan y  corriente se sienta vinculado con cada una de las decisiones de aquel que  maneja el estado.<br \/>&#13;<br \/>\n  \u00a0<br \/>&#13;<br \/>\n  Qu\u00edtese el gab\u00e1n se\u00f1or presidente, y desp\u00f3jese\u00a0 el traje de la atadura, compromiso que lo  encadena con los opresores, con los desalmados, con los que no tienen  sentimientos de pueblo, v\u00edstase de paisano si es preciso y rompa el convenio  con el cual usted ascendi\u00f3 al poder, y comprom\u00e9tase con el pueblo, m\u00e9zclese con  los de abajo, con la patria, con Juan Pablo Duarte,\u00a0 con Luperon, con las manaclas, con maim\u00f3n y  etero hondo, con abril, que es comprometerse con cada uno de nosotros los que  en este suelo habitamos.<br \/>&#13;<br \/>\n  \u00a0<br \/>&#13;<br \/>\n  Tiene usted la ocasi\u00f3n de alcanzar la gloria definitiva, al aval y  al resguardo del pueblo,\u00a0 si a la  gloriosa gesta se lanzare, si con la mano sincera y humilde de mi gente\u00a0 se alzare a la verdadera liberaci\u00f3n de esta  isla infinita. <\/p>\n<p>&#13;<\/p>\n<p align=\"justify\" class=\"text1noticias\">Acomp\u00e1\u00f1enos a la ventura eterna, no hay que romper con ninguna  naci\u00f3n, al contrario, nos abriremos m\u00e1s cada d\u00eda, a los pueblos hermanos, pero  jam\u00e1s volveremos a ser serviles de nadie, absolutamente de nadie. <\/p>\n<p>&#13;<\/p>\n<p align=\"justify\" class=\"text1noticias\">Si usted pide la mano de  este pueblo heroico, de este pueblo inmenso el cual fervientemente ambiciona la  libertad sin dogma, usted tendr\u00e1 la m\u00e1s grande de la\u00a0 fuerza humana conocida en este pa\u00eds,  cimentando un proyecto de naci\u00f3n, que identificar\u00e1 a los dominicanos como un  pueblo de luz, lejos del atraso en el cual nos encontramos hoy. <br \/>&#13;<br \/>\n  \u00a0<br \/>&#13;<br \/>\n  Basta de permitir, que la pol\u00edtica en este pa\u00eds sea el negocio m\u00e1s  lucrativo de los g\u00e1ngsters, donde el que tiene para invertir en este indecoroso  negocio se har\u00e1 rico para el resto de su existencia, motivo por el cual los  pobres son cada d\u00eda m\u00e1s pobres, y la pol\u00edtica cada vez menos cre\u00edble. <\/p>\n<p>&#13;<\/p>\n<p align=\"justify\"><span class=\"text1noticias\">No voy a decir se\u00f1or presidente que es usted la ultima esperanza,  como dicen sus fan\u00e1ticos seguidores, pero si creo que puede ser usted una  esperanza para este pueblo, si de una vez y por todas se aparta, de la mentira  que le circunda, de los clept\u00f3manos, que le rodean, de los compromisos que le  encadenan al enga\u00f1o y a la traici\u00f3n de este\u00a0  pueblo.<br \/>&#13;<br \/>\n  <br \/>&#13;<br \/>\n  Muchas veces lo percibo a usted se\u00f1or presidente, mirando hacia el  horizonte desde su ventana de a\u00f1il, queriendo romper con los esquemas del  sistema establecido, y se que usted no quiere ser m\u00e1s una representaci\u00f3n del  hambre de la miseria del oscurantismo y la oscuridad, pero el fort\u00edn que lo  apresa es tan poderoso, tan grande, que lo visualizo imposibilitado a romper  con eso par\u00e1metros viles, s\u00f3lo pida ayuda a este pueblo, a esta poblaci\u00f3n que  como usted y como muchos otros hombres de bien, queremos despedazar\u00a0 el dolor y la angustia de no ser un pa\u00eds  libre de los traumas a que nos condena la carencia que se muestra eterna y la  insuficiencia que se refleja en cada uno de los actos del dominicano, por la  acumulaci\u00f3n de sus riquezas en manos inescrupulosas. <br \/>&#13;<br \/>\n<\/span><br \/>&#13;<br \/>\n  <strong>www.victorsuarez.com.do<\/strong><\/p>\n<p>&#13;<\/p>\n<p>&#13;<br \/>\n    <br \/>&#13;\n<\/p>\n<p>&#13;<\/p>\n<h6> 2007-12-25 03:19:37 <\/h6>\n<p><!--\n<link rel=\"stylesheet\" href=\"css\/bootstrap.min.css\">\n\n\n<ul class=\"pagination\">\n\t    \n\t\n\n<li >\n\t<a href='?page_no=12447'>Previous<\/a>\n\t<\/li>\n\n\n       \n    \n\n<li><a href='?page_no=1'>1<\/a><\/li>\n\n\n\n<li><a href='?page_no=2'>2<\/a><\/li>\n\n\n\n<li><a>...<\/a><\/li>\n\n\n\n<li><a href='?page_no=12446'>12446<\/a><\/li>\n\n\n\n<li><a href='?page_no=12447'>12447<\/a><\/li>\n\n\n\n<li class='active'><a>12448<\/a><\/li>\n\n\n\n<li><a href='?page_no=12449'>12449<\/a><\/li>\n\n\n\n<li><a href='?page_no=12450'>12450<\/a><\/li>\n\n\n\n<li><a>...<\/a><\/li>\n\n\n\n<li><a href='?page_no=13611'>13611<\/a><\/li>\n\n\n\n<li><a href='?page_no=13612'>13612<\/a><\/li>\n\n    \n\t\n\n<li >\n\t<a href='?page_no=12449'>Next<\/a>\n\t<\/li>\n\n\n    \n\n<li><a href='?page_no=13612'>Last &rsaquo;&rsaquo;<\/a><\/li>\n\n<\/ul>\n\n\n--><br \/>\n<\/body><\/p>\n","protected":false},"excerpt":{"rendered":"<p>Excelent\u00edsimo se\u00f1or presidente &#13; Por Victor Su\u00e1rez &#13; Am\u00e9rica latina est\u00e1 comenzando a despertar del letargo, sue\u00f1o en que la sumieron los tiranos, los malos gobiernos de la partidocracia inservible, el oscurantismo, y el abandono norte americano. &#13; El horizonte se embellece con el canto de libertad y alegr\u00eda de un futuro que no puede [&hellip;]<\/p>\n","protected":false},"author":3,"featured_media":0,"comment_status":"open","ping_status":"open","sticky":false,"template":"","format":"standard","meta":{"footnotes":""},"categories":[16],"tags":[],"class_list":["post-36601","post","type-post","status-publish","format-standard","hentry","category-opiniones"],"_links":{"self":[{"href":"https:\/\/diariodominicano.com\/index.php?rest_route=\/wp\/v2\/posts\/36601","targetHints":{"allow":["GET"]}}],"collection":[{"href":"https:\/\/diariodominicano.com\/index.php?rest_route=\/wp\/v2\/posts"}],"about":[{"href":"https:\/\/diariodominicano.com\/index.php?rest_route=\/wp\/v2\/types\/post"}],"author":[{"embeddable":true,"href":"https:\/\/diariodominicano.com\/index.php?rest_route=\/wp\/v2\/users\/3"}],"replies":[{"embeddable":true,"href":"https:\/\/diariodominicano.com\/index.php?rest_route=%2Fwp%2Fv2%2Fcomments&post=36601"}],"version-history":[{"count":0,"href":"https:\/\/diariodominicano.com\/index.php?rest_route=\/wp\/v2\/posts\/36601\/revisions"}],"wp:attachment":[{"href":"https:\/\/diariodominicano.com\/index.php?rest_route=%2Fwp%2Fv2%2Fmedia&parent=36601"}],"wp:term":[{"taxonomy":"category","embeddable":true,"href":"https:\/\/diariodominicano.com\/index.php?rest_route=%2Fwp%2Fv2%2Fcategories&post=36601"},{"taxonomy":"post_tag","embeddable":true,"href":"https:\/\/diariodominicano.com\/index.php?rest_route=%2Fwp%2Fv2%2Ftags&post=36601"}],"curies":[{"name":"wp","href":"https:\/\/api.w.org\/{rel}","templated":true}]}}