{"id":36593,"date":"2007-12-28T14:04:56","date_gmt":"2007-12-28T14:04:56","guid":{"rendered":"http:\/\/diariodominicano.ddns.net\/?p=36593"},"modified":"2007-12-28T14:04:56","modified_gmt":"2007-12-28T14:04:56","slug":"pablo-en-nuevos-dias-de-gloria","status":"publish","type":"post","link":"https:\/\/diariodominicano.com\/?p=36593","title":{"rendered":"Pablo en nuevos d\u00edas de gloria"},"content":{"rendered":"<p><body><\/p>\n<p align=\"justify\"><span class=\"titulogrande1\"><strong>Pablo en nuevos d\u00edas  de gloria<\/strong> <\/span><br \/>&#13;<br \/>\n  <br \/>&#13;<br \/>\n    <span class=\"textogrande\">MICHEL HERN\u00c1NDEZ <\/span><strong><br \/>&#13;<br \/>\n    <br \/>&#13;<br \/>\n    michelher@granma.cip.cu<\/strong>  <br \/>&#13;<br \/>\n    <br \/>&#13;<br \/>\n    <span class=\"text1noticias\">Si bien es cierto que hay amores que matan tambi\u00e9n es verdad  que Pablo Milan\u00e9s es uno de esos artistas que te reviven. No solo por lo  impecable de su propuesta, custodiada por una voz que ha sobrevivido los  embates del tiempo, sino adem\u00e1s por su capacidad de capturar las impurezas de  la realidad con canciones que arrastran multitudes cuando juega de visitante en  cualquier parte de Am\u00e9rica Latina. <br \/>&#13;<br \/>\n    <br \/>&#13;<br \/>\n    Pero si se trata de estirar los m\u00fasculos en los escenarios  nacionales, el resultado no puede ser otro que una jornada de gloria como la  que se vivi\u00f3 hace pocos d\u00edas en los Jardines de la UNEAC y que se repiti\u00f3 esta  semana en el teatro Mella. <br \/>&#13;<br \/>\n    <br \/>&#13;<br \/>\n    Sin desmesuras ni poses de m\u00fasicos que pertenecen m\u00e1s a la  ficci\u00f3n que a la realidad; sin subirse a los lugares comunes sostenidos por  otros ni construir un arte pensado desde el beneficio personal; solo con el  mismo empe\u00f1o que lo hizo trovador un d\u00eda, Pablo Milan\u00e9s lleg\u00f3 al escenario para  mostrar su nuevo \u00e1lbum Regalo, compuesto por diez temas, hijos del  entendimiento, el debate y la comprensi\u00f3n. <br \/>&#13;<br \/>\n    <br \/>&#13;<br \/>\n\u00abEste disco es un regalo para m\u00ed y para los dem\u00e1s,  canciones de criterio, de pensamientos, que hacen circular la mente y me parece  que en ese sentido es productivo para todos. Est\u00e1n hechas para que pensemos y  reflexionemos sobre el amor, la vida, nuestras contradicciones y  convicciones\u00bb, coment\u00f3 Pablo con la misma solidez de principios que lo  llev\u00f3 a erigir la bandera de la   Nueva Trova en su estado m\u00e1s puro. <br \/>&#13;<br \/>\n<br \/>&#13;<br \/>\nDesde el inicio el trovador se dispuso a imprimirle toda la  fuerza posible a su actuaci\u00f3n y logr\u00f3 enviar esa orden a todo su cuerpo y a su  banda que levant\u00f3 m\u00e1s de una vez al p\u00fablico de los asientos, como para recordar  que son seres paridos en las mismas entra\u00f1as de la cultura cubana. <br \/>&#13;<br \/>\n<br \/>&#13;<br \/>\nLa ejecuci\u00f3n de \u00c9xodos, La libertad, Dos  preguntas, Diario de Mauricio, y Dos Almas, desat\u00f3 una fiesta  de aplausos y demostr\u00f3 su visi\u00f3n universal y el por qu\u00e9 tantas personas han  decidido comprender el mundo inclusivo del trovador. <br \/>&#13;<br \/>\n<br \/>&#13;<br \/>\nPablo dej\u00f3 caer otras piezas que se han hecho notables con  el paso del tiempo: Yolanda, Identidad, D\u00edas de gloria,  sedujeron a cada uno de los espectadores, entre los que se advert\u00eda a muchos  que rondaban los sesenta a\u00f1os, pero con cara de haber regresado a la  adolescencia. <br \/>&#13;<br \/>\n<br \/>&#13;<br \/>\nHubo otros momentos que provocaron las ovaciones del  concierto: cuando Juan Formell expres\u00f3 que este era el mejor regalo para los  artistas cubanos; cuando Omara Portuondo obsequi\u00f3 al trovador un ramo de flores  y cuando Roberto Hern\u00e1ndez, vocalista de Los Van Van, entr\u00f3 para cantar a d\u00fao  la hermosa De qu\u00e9 callada manera (texto de Nicol\u00e1s Guill\u00e9n), una de esas  canciones que llevan la certeza de que su impecable y perenne garganta no se  atreve a cuartearse. \u00abMe cuido mucho la voz, no cometo excesos, no fumo,  ni dejo de dormir\u00bb, dijo Pablo, arropado por felicitaciones y abrazos de  sus colegas, ante la pregunta inevitable. <br \/>&#13;<br \/>\n<br \/>&#13;<br \/>\nCasi dos horas despu\u00e9s se despidi\u00f3 dejando la sensaci\u00f3n de  que escucharlo puede ser un gran riesgo. Sus canciones te ayudan a cambiar la  vida.<\/span><\/p>\n<p>&#13;<\/p>\n<h6> 2007-12-28 14:04:56 <\/h6>\n<p><!--\n<link rel=\"stylesheet\" href=\"css\/bootstrap.min.css\">\n\n\n<ul class=\"pagination\">\n\t    \n\t\n\n<li >\n\t<a href='?page_no=12439'>Previous<\/a>\n\t<\/li>\n\n\n       \n    \n\n<li><a href='?page_no=1'>1<\/a><\/li>\n\n\n\n<li><a href='?page_no=2'>2<\/a><\/li>\n\n\n\n<li><a>...<\/a><\/li>\n\n\n\n<li><a href='?page_no=12438'>12438<\/a><\/li>\n\n\n\n<li><a href='?page_no=12439'>12439<\/a><\/li>\n\n\n\n<li class='active'><a>12440<\/a><\/li>\n\n\n\n<li><a href='?page_no=12441'>12441<\/a><\/li>\n\n\n\n<li><a href='?page_no=12442'>12442<\/a><\/li>\n\n\n\n<li><a>...<\/a><\/li>\n\n\n\n<li><a href='?page_no=13611'>13611<\/a><\/li>\n\n\n\n<li><a href='?page_no=13612'>13612<\/a><\/li>\n\n    \n\t\n\n<li >\n\t<a href='?page_no=12441'>Next<\/a>\n\t<\/li>\n\n\n    \n\n<li><a href='?page_no=13612'>Last &rsaquo;&rsaquo;<\/a><\/li>\n\n<\/ul>\n\n\n--><br \/>\n<\/body><\/p>\n","protected":false},"excerpt":{"rendered":"<p>Pablo en nuevos d\u00edas de gloria &#13; &#13; MICHEL HERN\u00c1NDEZ &#13; &#13; michelher@granma.cip.cu &#13; &#13; Si bien es cierto que hay amores que matan tambi\u00e9n es verdad que Pablo Milan\u00e9s es uno de esos artistas que te reviven. No solo por lo impecable de su propuesta, custodiada por una voz que ha sobrevivido los embates [&hellip;]<\/p>\n","protected":false},"author":3,"featured_media":0,"comment_status":"open","ping_status":"open","sticky":false,"template":"","format":"standard","meta":{"footnotes":""},"categories":[16],"tags":[],"class_list":["post-36593","post","type-post","status-publish","format-standard","hentry","category-opiniones"],"_links":{"self":[{"href":"https:\/\/diariodominicano.com\/index.php?rest_route=\/wp\/v2\/posts\/36593","targetHints":{"allow":["GET"]}}],"collection":[{"href":"https:\/\/diariodominicano.com\/index.php?rest_route=\/wp\/v2\/posts"}],"about":[{"href":"https:\/\/diariodominicano.com\/index.php?rest_route=\/wp\/v2\/types\/post"}],"author":[{"embeddable":true,"href":"https:\/\/diariodominicano.com\/index.php?rest_route=\/wp\/v2\/users\/3"}],"replies":[{"embeddable":true,"href":"https:\/\/diariodominicano.com\/index.php?rest_route=%2Fwp%2Fv2%2Fcomments&post=36593"}],"version-history":[{"count":0,"href":"https:\/\/diariodominicano.com\/index.php?rest_route=\/wp\/v2\/posts\/36593\/revisions"}],"wp:attachment":[{"href":"https:\/\/diariodominicano.com\/index.php?rest_route=%2Fwp%2Fv2%2Fmedia&parent=36593"}],"wp:term":[{"taxonomy":"category","embeddable":true,"href":"https:\/\/diariodominicano.com\/index.php?rest_route=%2Fwp%2Fv2%2Fcategories&post=36593"},{"taxonomy":"post_tag","embeddable":true,"href":"https:\/\/diariodominicano.com\/index.php?rest_route=%2Fwp%2Fv2%2Ftags&post=36593"}],"curies":[{"name":"wp","href":"https:\/\/api.w.org\/{rel}","templated":true}]}}