{"id":365910,"date":"2022-07-03T22:59:19","date_gmt":"2022-07-04T02:59:19","guid":{"rendered":"http:\/\/diariodominicano.com\/?p=365910"},"modified":"2022-07-03T23:00:47","modified_gmt":"2022-07-04T03:00:47","slug":"proclaman-en-santiago-a-juan-pablo-duarte-presidente-de-la-republica-dominicana","status":"publish","type":"post","link":"https:\/\/diariodominicano.com\/?p=365910","title":{"rendered":"Proclaman en Santiago a Juan Pablo Duarte Presidente de la Rep\u00fablica Dominicana"},"content":{"rendered":"\n<p>Juan Pablo Duarte<\/p>\n\n\n\n<figure class=\"wp-block-image size-full\"><img loading=\"lazy\" decoding=\"async\" width=\"300\" height=\"223\" src=\"https:\/\/diariodominicano.com\/wp-content\/uploads\/2022\/01\/mella000.jpg\" alt=\"\" class=\"wp-image-324382\"\/><figcaption>Mat\u00edas Ram\u00f3n Mella<\/figcaption><\/figure>\n\n\n\n<p><strong>SANTIAGO DE LOS CABALLEROS, el 4 de julio de 1844<\/strong>, un movimiento promovido por el pr\u00f3cer Mat\u00edas Ram\u00f3n Mella, proclam\u00f3 a Juan Pablo Duarte,\u00a0 Presidente de la Rep\u00fablica, en un acto celebrado en la ciudad Santiago de los Caballeros.<\/p>\n\n\n\n<p>&nbsp;&nbsp;&nbsp; A partir de ese momento se produjeron proclamas similares en otras comunidades, incluida la ciudad de Puerto Plata.<\/p>\n\n\n\n<p>&nbsp;&nbsp;&nbsp; El 4 de julio de 1844, cuando se produjo la proclama, Juan Pablo Duarte se encontraba en Santiago, como parte de un recorrido por el Cibao, ordenado por&nbsp; la Junta Central Gubernativa,&nbsp; el d\u00eda 10 de junio de 1844, luego de pasar a ser controlada por los trinitarios.<\/p>\n\n\n\n<p>&nbsp;&nbsp;&nbsp;&nbsp; Ese d\u00eda&nbsp; los trinitarios,&nbsp; que hab\u00edan tomado&nbsp;&nbsp; el control de la Junta Central&nbsp; Gubernativa&nbsp; el 9 de junio de 1844, aprobaron un plan para destituir al general Pedro Santana del mando del Ej\u00e9rcito del Sur.<\/p>\n\n\n\n<p>&nbsp;&nbsp;&nbsp; En la ocasi\u00f3n, el Ej\u00e9rcito del Sur, era el principal cuerpo armado que ten\u00eda la naciente Rep\u00fablica.<\/p>\n\n\n\n<p>&nbsp;&nbsp;&nbsp;&nbsp; La Junta Central Gubernativa, presidida por el pr\u00f3cer Francisco del Rosario S\u00e1nchez,&nbsp; aprob\u00f3&nbsp; enviar al general Juan Pablo Duarte a las provincias del Cibao, a fin de que orientara a la poblaci\u00f3n que se encontraba muy inquieta por las versiones&nbsp; que daban cuenta de la existencia de&nbsp; planes para&nbsp; convertir el pa\u00eds en un protectorado de Francia.<\/p>\n\n\n\n<p>&nbsp;&nbsp;&nbsp; Los planes en procura del protectorado de Francia, dividieron a los dominicanos.&nbsp; En consecuencia, Juan Pablo Duarte ten\u00eda la misi\u00f3n en el Cibao de \u201cintervenir en las discordias intestinas&nbsp; y restablecer la paz y el orden necesarios para la prosperidad&nbsp; p\u00fablica\u201d.<\/p>\n\n\n\n<p>&nbsp;&nbsp;&nbsp; La salida del General&nbsp; Duarte&nbsp; al Cibao se produjo el 20 de junio de 1844.<\/p>\n\n\n\n<p>&nbsp;&nbsp;&nbsp;&nbsp;&nbsp;&nbsp;&nbsp; Los trinitarios tomaron el poder el d\u00eda&nbsp; 9 de junio de 1844, cuando dieron&nbsp; un golpe de Estado para quitar el poder a los conservadores que controlaban la Junta Central Gubernativa, presidida por Tom\u00e1s Bobadilla. El grupo deseaba&nbsp; convertir la naciente Rep\u00fablica Dominicana en un Protectorado de Francia.<\/p>\n\n\n\n<p>&nbsp;Los trinitarios estimaban que Tom\u00e1s Bobadilla y los miembros de la Junta Central Gubernativa, Jos\u00e9 Mar\u00eda Caminero, Francisco Javier Abreu y Francisco Ru\u00edz, eran culpables de conspirar contra la soberan\u00eda nacional al mantener negociaciones encaminadas a obtener la protecci\u00f3n de los franceses.<\/p>\n\n\n\n<p>&nbsp;&nbsp;&nbsp;&nbsp;&nbsp;&nbsp; Al consumarse el golpe de Estado contra la Junta Central&nbsp; Gubernativa, el pr\u00f3cer Francisco&nbsp; del Rosario S\u00e1nchez fue escogido Presidente en lugar de Tom\u00e1s Bobadilla.<\/p>\n\n\n\n<p>&nbsp;&nbsp;&nbsp;&nbsp; Tambi\u00e9n miembros de la Junta Central Gubernativa fueron designados los trinitarios Pedro Alejandro Pina, Manuel Mar\u00eda Valverde y Juan Isidro P\u00e9rez.<\/p>\n\n\n\n<p>El&nbsp;&nbsp; pr\u00f3cer Juan Pablo Duarte, quien ostentaba el rango de general, miembro de la Junta, fue designado Comandante Militar de Santo Domingo, la principal guarnici\u00f3n militar de Rep\u00fablica Dominicana.<\/p>\n\n\n\n<p>&nbsp; Los trinitarios hab\u00edan iniciado el plan para derrocar a los miembros de la Junta Central Gubernativa, a finales de Mayo de 1844, por entender que pon\u00edan en peligro la soberan\u00eda nacional.<\/p>\n","protected":false},"excerpt":{"rendered":"<p>Juan Pablo Duarte SANTIAGO DE LOS CABALLEROS, el 4 de julio de 1844, un movimiento promovido por el pr\u00f3cer Mat\u00edas Ram\u00f3n Mella, proclam\u00f3 a Juan Pablo Duarte,\u00a0 Presidente de la Rep\u00fablica, en un acto celebrado en la ciudad Santiago de los Caballeros. &nbsp;&nbsp;&nbsp; A partir de ese momento se produjeron proclamas similares en otras comunidades, [&hellip;]<\/p>\n","protected":false},"author":28,"featured_media":327185,"comment_status":"closed","ping_status":"","sticky":true,"template":"","format":"standard","meta":{"footnotes":""},"categories":[26,27],"tags":[],"class_list":["post-365910","post","type-post","status-publish","format-standard","has-post-thumbnail","hentry","category-efemerides","category-portada"],"_links":{"self":[{"href":"https:\/\/diariodominicano.com\/index.php?rest_route=\/wp\/v2\/posts\/365910","targetHints":{"allow":["GET"]}}],"collection":[{"href":"https:\/\/diariodominicano.com\/index.php?rest_route=\/wp\/v2\/posts"}],"about":[{"href":"https:\/\/diariodominicano.com\/index.php?rest_route=\/wp\/v2\/types\/post"}],"author":[{"embeddable":true,"href":"https:\/\/diariodominicano.com\/index.php?rest_route=\/wp\/v2\/users\/28"}],"replies":[{"embeddable":true,"href":"https:\/\/diariodominicano.com\/index.php?rest_route=%2Fwp%2Fv2%2Fcomments&post=365910"}],"version-history":[{"count":4,"href":"https:\/\/diariodominicano.com\/index.php?rest_route=\/wp\/v2\/posts\/365910\/revisions"}],"predecessor-version":[{"id":365914,"href":"https:\/\/diariodominicano.com\/index.php?rest_route=\/wp\/v2\/posts\/365910\/revisions\/365914"}],"wp:featuredmedia":[{"embeddable":true,"href":"https:\/\/diariodominicano.com\/index.php?rest_route=\/wp\/v2\/media\/327185"}],"wp:attachment":[{"href":"https:\/\/diariodominicano.com\/index.php?rest_route=%2Fwp%2Fv2%2Fmedia&parent=365910"}],"wp:term":[{"taxonomy":"category","embeddable":true,"href":"https:\/\/diariodominicano.com\/index.php?rest_route=%2Fwp%2Fv2%2Fcategories&post=365910"},{"taxonomy":"post_tag","embeddable":true,"href":"https:\/\/diariodominicano.com\/index.php?rest_route=%2Fwp%2Fv2%2Ftags&post=365910"}],"curies":[{"name":"wp","href":"https:\/\/api.w.org\/{rel}","templated":true}]}}