{"id":36590,"date":"2007-12-29T16:54:31","date_gmt":"2007-12-29T16:54:31","guid":{"rendered":"http:\/\/diariodominicano.ddns.net\/?p=36590"},"modified":"2007-12-29T16:54:31","modified_gmt":"2007-12-29T16:54:31","slug":"miguel-vargas-y-el-nuevo-presupuesto","status":"publish","type":"post","link":"https:\/\/diariodominicano.com\/?p=36590","title":{"rendered":"Miguel Vargas y el Nuevo Presupuesto"},"content":{"rendered":"<p><body><\/p>\n<p class=\"titulogrande1\"><strong>Miguel Vargas y el Nuevo Presupuesto<\/strong><\/p>\n<p>&#13;<\/p>\n<p align=\"justify\" class=\"text1noticias\"><img loading=\"lazy\" decoding=\"async\" src=\"http:\/\/10.0.0.82:8080\/pictures\/evelio arroyo.jpg\" width=\"269\" height=\"333\" hspace=\"4\" align=\"left\" \/>Las pol\u00edticas sociales del Estado cuando  son equilibradas favorecen a las mayor\u00edas nacionales que se beneficia de ese  equilibrio. Por eso, el esfuerzo de cualquier gobernante debe encaminarse a ser  racional con la distribuci\u00f3n de las riquezas y las inversiones que debe llevar  a cabo el Estado.\u00a0 <\/p>\n<p>&#13;<\/p>\n<p align=\"justify\" class=\"text1noticias\">Uno de los mas graves problemas que  enfrenta la sociedad dominicana es que en la actualidad tenemos un gobierno  derrochador, que no prioriza en inversiones que beneficien al ser humano y su  desarrollo integral. Si tomamos en cuenta que desarrollo significa justicia y  equidad social, podemos decir que en la sociedad dominicana actual la justicia  social es una quimera.<\/p>\n<p>&#13;<\/p>\n<p align=\"justify\" class=\"text1noticias\">El desarrollo del ser humano se logra  cuando se combinan beneficios materiales y espirituales a favor de la mayor\u00eda  de los ciudadanos que componen una naci\u00f3n. Cuando una persona tiene acceso a  una buena educaci\u00f3n, a una vivienda digna, a una buena alimentaci\u00f3n y el Estado  se interesa en mantener esas conquistas de los ciudadanos, decimos que las  riquezas est\u00e1n siendo bien distribuidas.<\/p>\n<p>&#13;<\/p>\n<p align=\"justify\" class=\"text1noticias\">En\u00a0  \u00e9sta semana se conoci\u00f3 el nuevo presupuesto de la naci\u00f3n, el cual  asciende a unos\u00a0 300 mil millones de pesos.  En el mismo s\u00f3lo se asignan unos 31 mil millones a educaci\u00f3n, lo cual \u00a0s\u00f3lo representa un 2% del producto interno  bruto, mientras que la ley 66-97 establece que el porcentaje que se debe  asignar\u00a0 a ese ministerio debe ser de un  4%. Esta misma ley establece que el gobierno debe destinar el 16% del  presupuesto total del Estado a la cartera\u00a0  de educaci\u00f3n.<\/p>\n<p>&#13;<\/p>\n<p align=\"justify\" class=\"text1noticias\">Cuando observamos el hecho de que el  nuevo presupuesto contempla una reducci\u00f3n en el presupuesto de educaci\u00f3n y que  s\u00f3lo se dedicar\u00e1 el 2% del PBI,\u00a0 y de  otra parte cuando observamos que el nuevo presupuesto contempla 13 mil millones  para el metro; eso significa que en t\u00e9rminos reales a la presente  administraci\u00f3n no le interesa el desarrollo y el crecimiento del ser humano.<\/p>\n<p>&#13;<\/p>\n<p align=\"justify\" class=\"text1noticias\">Decir que los recortes presupuestarios a  importantes dependencias del Estado es responsabilidad del Fondo Monetario  Internacional no es una actitud seria ni responsable de un gobernante. <\/p>\n<p>&#13;<\/p>\n<p align=\"justify\" class=\"text1noticias\">Si tomamos en cuenta que\u00a0 el nuevo presupuesto contempla una partida de  13 mil millones que se dedicaran al metro y otras partidas de miles de millones  para\u00a0 ejecutarse a discreci\u00f3n, debemos  concluir diciendo que los intereses del grupo gobernante son diferentes a los  de la mayor\u00eda del pa\u00eds.<\/p>\n<p>&#13;<\/p>\n<p align=\"justify\" class=\"text1noticias\">El ingeniero Miguel Vargas ha dicho que  ser\u00e1 respetuoso de la ley y que respetar\u00e1 los compromisos del Estado, pero en  aquellos casos en que se haya violado la ley\u00a0  corregir\u00e1\u00a0 esas violaciones. Por  eso, en el caso de la reducci\u00f3n del presupuesto de educaci\u00f3n no tengamos dudas  que si \u00e9ste alcanza el gobierno a partir de Agosto del pr\u00f3ximo del a\u00f1o 2008 la  ley\u00a0 66-97 ser\u00e1 respetada. En cuanto a  los programas sociales y de inversiones del Estado nuestro candidato tiene  plena conciencia de que deben beneficiar a\u00a0  las \u00a0mayor\u00edas nacionales y por  tanto a todas las provincias del pa\u00eds.<\/p>\n<p>&#13;<\/p>\n<p align=\"justify\" class=\"text1noticias\">El Dr. Evelio  Arroyo es Director Nacional de Comunicaciones y Estrategias del Movimiento en  L\u00ednea con Miguel<\/p>\n<p>&#13;<\/p>\n<h6> 2007-12-29 16:54:31 <\/h6>\n<p><!--\n<link rel=\"stylesheet\" href=\"css\/bootstrap.min.css\">\n\n\n<ul class=\"pagination\">\n\t    \n\t\n\n<li >\n\t<a href='?page_no=12437'>Previous<\/a>\n\t<\/li>\n\n\n       \n    \n\n<li><a href='?page_no=1'>1<\/a><\/li>\n\n\n\n<li><a href='?page_no=2'>2<\/a><\/li>\n\n\n\n<li><a>...<\/a><\/li>\n\n\n\n<li><a href='?page_no=12436'>12436<\/a><\/li>\n\n\n\n<li><a href='?page_no=12437'>12437<\/a><\/li>\n\n\n\n<li class='active'><a>12438<\/a><\/li>\n\n\n\n<li><a href='?page_no=12439'>12439<\/a><\/li>\n\n\n\n<li><a href='?page_no=12440'>12440<\/a><\/li>\n\n\n\n<li><a>...<\/a><\/li>\n\n\n\n<li><a href='?page_no=13611'>13611<\/a><\/li>\n\n\n\n<li><a href='?page_no=13612'>13612<\/a><\/li>\n\n    \n\t\n\n<li >\n\t<a href='?page_no=12439'>Next<\/a>\n\t<\/li>\n\n\n    \n\n<li><a href='?page_no=13612'>Last &rsaquo;&rsaquo;<\/a><\/li>\n\n<\/ul>\n\n\n--><br \/>\n<\/body><\/p>\n","protected":false},"excerpt":{"rendered":"<p>Miguel Vargas y el Nuevo Presupuesto &#13; Las pol\u00edticas sociales del Estado cuando son equilibradas favorecen a las mayor\u00edas nacionales que se beneficia de ese equilibrio. Por eso, el esfuerzo de cualquier gobernante debe encaminarse a ser racional con la distribuci\u00f3n de las riquezas y las inversiones que debe llevar a cabo el Estado.\u00a0 &#13; [&hellip;]<\/p>\n","protected":false},"author":3,"featured_media":0,"comment_status":"open","ping_status":"open","sticky":false,"template":"","format":"standard","meta":{"footnotes":""},"categories":[16],"tags":[],"class_list":["post-36590","post","type-post","status-publish","format-standard","hentry","category-opiniones"],"_links":{"self":[{"href":"https:\/\/diariodominicano.com\/index.php?rest_route=\/wp\/v2\/posts\/36590","targetHints":{"allow":["GET"]}}],"collection":[{"href":"https:\/\/diariodominicano.com\/index.php?rest_route=\/wp\/v2\/posts"}],"about":[{"href":"https:\/\/diariodominicano.com\/index.php?rest_route=\/wp\/v2\/types\/post"}],"author":[{"embeddable":true,"href":"https:\/\/diariodominicano.com\/index.php?rest_route=\/wp\/v2\/users\/3"}],"replies":[{"embeddable":true,"href":"https:\/\/diariodominicano.com\/index.php?rest_route=%2Fwp%2Fv2%2Fcomments&post=36590"}],"version-history":[{"count":0,"href":"https:\/\/diariodominicano.com\/index.php?rest_route=\/wp\/v2\/posts\/36590\/revisions"}],"wp:attachment":[{"href":"https:\/\/diariodominicano.com\/index.php?rest_route=%2Fwp%2Fv2%2Fmedia&parent=36590"}],"wp:term":[{"taxonomy":"category","embeddable":true,"href":"https:\/\/diariodominicano.com\/index.php?rest_route=%2Fwp%2Fv2%2Fcategories&post=36590"},{"taxonomy":"post_tag","embeddable":true,"href":"https:\/\/diariodominicano.com\/index.php?rest_route=%2Fwp%2Fv2%2Ftags&post=36590"}],"curies":[{"name":"wp","href":"https:\/\/api.w.org\/{rel}","templated":true}]}}