{"id":36586,"date":"2007-12-30T20:20:28","date_gmt":"2007-12-30T20:20:28","guid":{"rendered":"http:\/\/diariodominicano.ddns.net\/?p=36586"},"modified":"2007-12-30T20:20:28","modified_gmt":"2007-12-30T20:20:28","slug":"frei-betto-el-hambre-es-una-verguenza","status":"publish","type":"post","link":"https:\/\/diariodominicano.com\/?p=36586","title":{"rendered":"Frei Betto: \u00abEl hambre es una verg\u00fcenza\u00bb"},"content":{"rendered":"<p><body><\/p>\n<p><strong>Idania Trujillo <\/strong><br \/>&#13;\n<\/p>\n<p>&#13;<\/p>\n<h3 align=\"justify\">Frei Betto: \u00abEl hambre es una verg\u00fcenza\u00bb<br \/>&#13;<br \/>\n  <br \/>&#13;<br \/>\n  <strong>2003-09-26<\/strong><br \/>&#13;<br \/>\n  <br \/>&#13;<br \/>\n  <span class=\"text1noticias\">Al hablar en el Aula Magna de la Universidad de la Habana, Frei Betto,  destacado intelectual y asesor especial para temas sociales de la presidencia  de Brasil dijo que \u00abtener comida antes de ser un derecho humano, es un  derecho animal, y a m\u00ed, como ser humano, como brasile\u00f1o y como cristiano me da  mucha verg\u00fcenza vivir en un pa\u00eds en que mucha gente no tiene acceso a ese  derecho animal tan sencillo, que es tener un poco de pan, un poco de bebida  para sobrevivir\u00bb.<br \/>&#13;<br \/>\n  <br \/>&#13;<br \/>\n  Invitado por la embajada de Brasil en Cuba, la Universidad de La Habana y la Casa de las Am\u00e9ricas, Frei  Betto, ofreci\u00f3 ayer una conferencia magistral en el recinto universitario en la  que explic\u00f3 los aspectos claves del Programa \u00abHambre Cero\u00bb que lleva  a cabo el gobierno de Luiz Inacio Lula da Silva en ese hermano pa\u00eds del sur de  Am\u00e9rica.<br \/>&#13;<br \/>\n  <br \/>&#13;<br \/>\n  En las palabras de bienvenida el escritor, profesor de la Universidad de La Habana y presidente de la Casa de las Am\u00e9ricas, Roberto  Fern\u00e1ndez Retamar, rememor\u00f3 los \u00abviejos encuentros cuando el amigo Betto  nos aliment\u00f3 con sus perspectivas acerca de la educaci\u00f3n popular y, luego, sus  enriquecimientos contribuyeron a que nuestra Revoluci\u00f3n asumiera una actitud  justa a prop\u00f3sito de la religi\u00f3n. No podemos olvidar que, entre los muchos  libros \u2014casi medio centenar que ha escrito Betto\u2014, hay uno que se llama Fidel y  la religi\u00f3n y que tiene una importancia enorme en lo que toca al destino de  nuestra patria\u00bb.<br \/>&#13;<br \/>\n  <br \/>&#13;<br \/>\n  Al agradecer la invitaci\u00f3n y la presencia de tantos amigos, Betto dijo sentirse  muy feliz pues hablar\u00eda de \u00abuna acci\u00f3n pol\u00edtica del gobierno de Lula, que  es solamente una versi\u00f3n administrativa del gesto evang\u00e9lico de la  multiplicaci\u00f3n de los panes; y hacerlo adem\u00e1s, en la Universidad de La Habana, representa  \u00abpara nosotros los dominicos una extensi\u00f3n de nuestro convento, porque  aqu\u00ed se dan los aires de la presencia dominica que lleg\u00f3 a este pa\u00eds no para  promover el genocidio de los ind\u00edgenas, sino para promover la cultura y la  salud de este pueblo\u00bb.<br \/>&#13;<br \/>\n  <br \/>&#13;<br \/>\n\u00abHambre Cero\u00bb \u2014 se\u00f1al\u00f3\u2014 est\u00e1 cambiando el perfil social de Brasil y  como resultado el compa\u00f1ero Lula ha decidido hacer una unificaci\u00f3n de los  programas sociales del pa\u00eds. Antes, en Brasil, la econom\u00eda era medio y fin de  los gobiernos, ahora tiene un fin social. Hemos encontrado, tambi\u00e9n, una  tremenda solidaridad internacional; muchos pa\u00edses, entidades, iglesias, ONGs,  nos est\u00e1n apoyando; y en Cuba, desde el primer momento de la toma de posesi\u00f3n  de Lula, el Comandante Fidel Castro, no solamente pregunt\u00f3 mucho sobre el  Programa, sino que ha promovido conversaciones con los ministros del \u00e1rea  social para conocer detalles y encontrar acuerdos de colaboraci\u00f3n\u00bb.<br \/>&#13;<br \/>\n  <br \/>&#13;<br \/>\n  Asimismo dijo que \u00abHambre Cero no va a tener \u00e9xito en Brasil sin la tan  esperada reforma agraria en un pa\u00eds que tiene dimensiones continentales y donde  solo el 1 % de los propietarios tienen en sus manos el 44 % de las tierras  cultivables\u00bb. <br \/>&#13;<br \/>\n  <br \/>&#13;<br \/>\n\u00abPero \u00bfPor qu\u00e9 \u00abHambre Cero\u00bb? \u2014dijo\u2014 primero porque es un  esc\u00e1ndalo que en Brasil, que no tiene ninguna cat\u00e1strofe natural, no se  producen temblores de tierra, no tiene desiertos, nieve; un pa\u00eds de extensiones  continentales con diferentes climas y diversidad de sectores productivos, todos  los d\u00edas convivimos con el hambre de una extensa parte de la poblaci\u00f3n, cerca  de 44 millones de personas viven en situaci\u00f3n de subnutrici\u00f3n; de los 400 mil  ni\u00f1os que mueren cada a\u00f1o en Am\u00e9rica Latina, de cero a cinco a\u00f1os, Brasil,  lamentablemente contribuye a esa cifra con cerca de 180 mil ni\u00f1os. Entonces,  por razones humanitarias, \u00e9ticas y cristianas no podemos convivir con esa  situaci\u00f3n. Y esa es la raz\u00f3n por la que Lula ha organizado este programa\u00bb.<br \/>&#13;<br \/>\n  <br \/>&#13;<br \/>\n\u00abHay una raz\u00f3n pol\u00edtica \u2014enfatiz\u00f3\u2014 y es que Brasil tuvo la m\u00e1s larga  esclavitud de las tres Am\u00e9ricas: 358 a\u00f1os; y fuimos la \u00faltima naci\u00f3n americana  que promovi\u00f3 la abolici\u00f3n oficial de la esclavitud, lo que significa que  durante m\u00e1s de 300 a\u00f1os, la esclavitud en Brasil ha sido considerada tan  natural como la existencia del d\u00eda y de la noche. Y Lula ha aprendido con la  historia del nuestro pueblo que un problema social solamente encuentra su  soluci\u00f3n cuando pasa a la agenda pol\u00edtica\u00bb.<br \/>&#13;<br \/>\n  <br \/>&#13;<br \/>\n  En otra parte de su intervenci\u00f3n Betto compar\u00f3 las campa\u00f1as que ha nivel  mundial se desarrollan para erradicar la pandemia del SIDA y la escasa atenci\u00f3n  que recibe el problema del hambre. \u00abEn el primer mundo \u2014dice\u2014 hay  millonarias movilizaciones para encontrar una vacuna contra el SIDA; pero no es  el SIDA el fen\u00f3meno que m\u00e1s mata, es el hambre. Seg\u00fan la FAO en el planeta hay 840  millones de personas en estado de subnutrici\u00f3n cr\u00f3nica. Entonces, hay una  pregunta en el aire \u00bfsi el hambre mata veinte veces m\u00e1s que el SIDA, por qu\u00e9  hay tantas movilizaciones por el SIDA y no por el hambre? Lamentablemente la  respuesta es c\u00ednica: el SIDA no hace distinci\u00f3n de clases, el hambre s\u00ed\u00bb.<br \/>&#13;<br \/>\n  <br \/>&#13;<br \/>\n  Al referirse al presidente Lula y sus pol\u00edticas a favor de los sectores  populares brasile\u00f1os, dijo: \u00abLula es una excepci\u00f3n en la historia  republicana de Brasil, puesto que ning\u00fan otro presidente ha venido de la  pobreza. De los doce hijos de su madre, cuatro han muerto por hambre y \u00e9l mismo  ha experimentado el hambre en su ni\u00f1ez. Por eso la preocupaci\u00f3n central de  \u00abHambre Cero\u00bb es no convertirse en un programa asistencialista. No se  trata de una larga distribuci\u00f3n de comida a lo largo de todo el pa\u00eds, sino de  elaborar un programa de inclusi\u00f3n e inserci\u00f3n social, que tiene como punto  central la distribuci\u00f3n de la renta, el acceso al trabajo, la conquista de  derechos y la autoestima\u00bb.<br \/>&#13;<br \/>\n  <br \/>&#13;<br \/>\n  Seg\u00fan explic\u00f3 Betto, el programa es profundamente revolucionario ya que no se  contenta con paliar el hambre sino que apuesta por la inserci\u00f3n social de cada  familia beneficiada. En tal sentido expres\u00f3 que \u00abcuando llegan a las  familias las tarjetas de alimentaci\u00f3n, paralelamente llegan un conjunto de  pol\u00edticas p\u00fablicas que ayudan a pasar a las familias de la exclusi\u00f3n a la  inserci\u00f3n social; de inmediato llegan las tarjetas de los programas de salud,  alfabetizaci\u00f3n, escolarizaci\u00f3n, huertas comunitarias, construcci\u00f3n de  viviendas, microcr\u00e9ditos, agricultura familiar y otros para que al cabo de un  a\u00f1o y medio no dependan de la ayuda del gobierno federal\u00bb.<br \/>&#13;<br \/>\n  <br \/>&#13;<br \/>\n\u00abEn este a\u00f1o \u2014se\u00f1al\u00f3\u2014 el programa tiene cinco prioridades: los municipios  del norte de Minas Gerais, donde hay un nivel m\u00e1s fuerte de miseria; las aldeas  ind\u00edgenas en situaci\u00f3n de subnutrici\u00f3n, los campamentos y asentamientos  rurales, las comunidades de descendientes de esclavos \u2014que son cerca de mil\u2014 y  las poblaciones que viven de la basura, sobre todo en los grandes centros  urbanos\u00bb.<br \/>&#13;<br \/>\n  <br \/>&#13;<br \/>\n  Es interesante resaltar c\u00f3mo \u00abHambre Cero\u00bb combina tanto pol\u00edticas  locales como sectoriales y federales con el prop\u00f3sito de lograr la inserci\u00f3n  social de las familias y las comunidades en un trabajo que integra no s\u00f3lo los  aspectos econ\u00f3micos sino aquellos de tipo educativo. En tal sentido, Betto dijo  que \u00abno basta que la gente tenga acceso a las pol\u00edticas p\u00fablicas, es  necesario tambi\u00e9n trabajar con la subjetividad y los paradigmas de la gente.  Esto responde a la experiencia que nosotros tenemos en Brasil, y que los  cubanos conocen bien, porque la   Casa de las Am\u00e9ricas ha sido nuestra primera anfitriona en el  tema de la educaci\u00f3n popular; un trabajo que hacemos en Am\u00e9rica Latina con las  comunidades eclesiales de base y sin jam\u00e1s recibir ning\u00fan beneficio material.  Baste decir que entre los 35 ministros de Lula, cinco proceden de esas  comunidades\u00bb.<br \/>&#13;<br \/>\n  <br \/>&#13;<br \/>\n\u00abLos beneficiarios del programa \u2014dijo\u2014 son, en lo fundamental, las madres  solas, cabezas de familia, los j\u00f3venes y los ni\u00f1os. Y es una exigencia del  programa social del gobierno de Lula que todos los ni\u00f1os que est\u00e9n en edad  escolar asistan a las escuelas\u00bb. <br \/>&#13;<br \/>\n  <br \/>&#13;<br \/>\n\u00abEn cuanto a los EE.UU. \u2014expres\u00f3 Betto\u2014 ese gobierno ha manifestado  inter\u00e9s por el Programa pero no se ha firmado ning\u00fan acuerdo de cooperaci\u00f3n. En  enero, en el primer encuentro que el presidente Lula tuvo con Bush, este le  pregunt\u00f3 cu\u00e1l era la posici\u00f3n de Brasil acerca de una eventual guerra contra  Iraq, y Lula respondi\u00f3 que en Brasil hay un proverbio que afirma que la cabeza  piensa donde los pies pisan, en Brasil nuestra guerra es otra, no es para  quitar vidas, sino para salvarlas, es la guerra contra el hambre\u00bb.<br \/>&#13;<br \/>\n  <br \/>&#13;<br \/>\n* Idania Trujillo de la   Paz. Centro Martin Luther King<\/span><\/h3>\n<p>&#13;<\/p>\n<h6> 2007-12-30 20:20:28 <\/h6>\n<p><!--\n<link rel=\"stylesheet\" href=\"css\/bootstrap.min.css\">\n\n\n<ul class=\"pagination\">\n\t    \n\t\n\n<li >\n\t<a href='?page_no=12433'>Previous<\/a>\n\t<\/li>\n\n\n       \n    \n\n<li><a href='?page_no=1'>1<\/a><\/li>\n\n\n\n<li><a href='?page_no=2'>2<\/a><\/li>\n\n\n\n<li><a>...<\/a><\/li>\n\n\n\n<li><a href='?page_no=12432'>12432<\/a><\/li>\n\n\n\n<li><a href='?page_no=12433'>12433<\/a><\/li>\n\n\n\n<li class='active'><a>12434<\/a><\/li>\n\n\n\n<li><a href='?page_no=12435'>12435<\/a><\/li>\n\n\n\n<li><a href='?page_no=12436'>12436<\/a><\/li>\n\n\n\n<li><a>...<\/a><\/li>\n\n\n\n<li><a href='?page_no=13611'>13611<\/a><\/li>\n\n\n\n<li><a href='?page_no=13612'>13612<\/a><\/li>\n\n    \n\t\n\n<li >\n\t<a href='?page_no=12435'>Next<\/a>\n\t<\/li>\n\n\n    \n\n<li><a href='?page_no=13612'>Last &rsaquo;&rsaquo;<\/a><\/li>\n\n<\/ul>\n\n\n--><br \/>\n<\/body><\/p>\n","protected":false},"excerpt":{"rendered":"<p>Idania Trujillo &#13; &#13; Frei Betto: \u00abEl hambre es una verg\u00fcenza\u00bb&#13; &#13; 2003-09-26&#13; &#13; Al hablar en el Aula Magna de la Universidad de la Habana, Frei Betto, destacado intelectual y asesor especial para temas sociales de la presidencia de Brasil dijo que \u00abtener comida antes de ser un derecho humano, es un derecho animal, [&hellip;]<\/p>\n","protected":false},"author":3,"featured_media":0,"comment_status":"open","ping_status":"open","sticky":false,"template":"","format":"standard","meta":{"footnotes":""},"categories":[16],"tags":[],"class_list":["post-36586","post","type-post","status-publish","format-standard","hentry","category-opiniones"],"_links":{"self":[{"href":"https:\/\/diariodominicano.com\/index.php?rest_route=\/wp\/v2\/posts\/36586","targetHints":{"allow":["GET"]}}],"collection":[{"href":"https:\/\/diariodominicano.com\/index.php?rest_route=\/wp\/v2\/posts"}],"about":[{"href":"https:\/\/diariodominicano.com\/index.php?rest_route=\/wp\/v2\/types\/post"}],"author":[{"embeddable":true,"href":"https:\/\/diariodominicano.com\/index.php?rest_route=\/wp\/v2\/users\/3"}],"replies":[{"embeddable":true,"href":"https:\/\/diariodominicano.com\/index.php?rest_route=%2Fwp%2Fv2%2Fcomments&post=36586"}],"version-history":[{"count":0,"href":"https:\/\/diariodominicano.com\/index.php?rest_route=\/wp\/v2\/posts\/36586\/revisions"}],"wp:attachment":[{"href":"https:\/\/diariodominicano.com\/index.php?rest_route=%2Fwp%2Fv2%2Fmedia&parent=36586"}],"wp:term":[{"taxonomy":"category","embeddable":true,"href":"https:\/\/diariodominicano.com\/index.php?rest_route=%2Fwp%2Fv2%2Fcategories&post=36586"},{"taxonomy":"post_tag","embeddable":true,"href":"https:\/\/diariodominicano.com\/index.php?rest_route=%2Fwp%2Fv2%2Ftags&post=36586"}],"curies":[{"name":"wp","href":"https:\/\/api.w.org\/{rel}","templated":true}]}}