{"id":36583,"date":"2007-12-31T03:57:25","date_gmt":"2007-12-31T03:57:25","guid":{"rendered":"http:\/\/diariodominicano.ddns.net\/?p=36583"},"modified":"2007-12-31T03:57:25","modified_gmt":"2007-12-31T03:57:25","slug":"a-cuba-se-le-da-no-se-le-pide","status":"publish","type":"post","link":"https:\/\/diariodominicano.com\/?p=36583","title":{"rendered":"\u00abA Cuba se le da, no se le pide\u00bb."},"content":{"rendered":"<p><body><\/p>\n<p class=\"titulogrande1\">\u00abA  Cuba se le da, no se le pide\u00bb. <\/p>\n<p>&#13;<\/p>\n<p><strong>Por <span class=\"textogrande\">Pedro Taveras<\/span><\/strong><span class=\"textogrande\">.<\/span> <strong>pjtaveras@hotmail.com<\/strong> <br \/>&#13;<br \/>\n  <br \/>&#13;<br \/>\n    <strong>El autor es antrop\u00f3logosocial <\/strong> <\/p>\n<p>&#13;<\/p>\n<p align=\"justify\"><strong>A  decenas de miles de cubanas y cubanos que salvan vidas y calman dolores en los  lugares m\u00e1s pobres y apartados del mundo. <\/strong> <\/p>\n<p>&#13;<\/p>\n<p align=\"justify\" class=\"text1noticias\">Con el  advenimiento de los reg\u00edmenes participativos en Am\u00e9rica Latina, Cuba ha \u00a0tenido una  oportunidad para demostrar, una vez m\u00e1s, el sentido de la solidaridad con los  pobres del mundo, sin importar el gobierno que tengan, y a la vez un respiro  para comenzar a construir un camino o, mejor dicho, reparar un camino  construido en el vaiv\u00e9n de la guerra fr\u00eda y bajo las m\u00e1s grandes presiones que  patria alguna haya tenido con todos los poderes del mundo en su contra. <\/p>\n<p>&#13;<\/p>\n<p align=\"justify\" class=\"text1noticias\">La  tierra de Mart\u00ed \u00a0construye la democracia socialista  hostigada por la potencia econ\u00f3mica y militar m\u00e1s grande del mundo que, para  mal de Cuba, se encuentra en su frontera, sin ser la isla una amenaza para la  seguridad de la gran naci\u00f3n norteamericana; mientras le da la mano a millones  de seres humanos que sufren en Asia, \u00c1frica, Am\u00e9rica. Y no vacil\u00f3 en ofrecer la  incalculable ayuda de m\u00e1s de mil m\u00e9dicos, cuando Katrina atac\u00f3 a los pobres y  negros \u00a0de Nueva  Orleans,\u00a0 dispuestos  a ir, como emergencia, donde otros galenos no llegar\u00edan. \u00a0 <\/p>\n<p>&#13;<\/p>\n<p align=\"justify\" class=\"text1noticias\">Hace m\u00e1s  de treinta a\u00f1os que Cuba viene planteando la coexistencia pac\u00edfica \u00a0y el derecho al  desarrollo en el mundo de los no alineados, as\u00ed como di\u00e1logos con las  administraciones estadounidenses, algunos acuerdos infructuosos, otros  insuficientes en su ejecutor\u00eda; entre ellos los acuerdos migratorios y la lucha  contra el terrorismo, como ejemplos de sus modestos esfuerzos. <\/p>\n<p>&#13;<\/p>\n<p align=\"justify\" class=\"text1noticias\">Por  mucho que quiera hacer la revoluci\u00f3n es imposible desarrollarse a plenitud con  tantas adversidades; \u00a0bastante ha logrado, a pesar de depender,  en muchos casos, de los intercambios a trav\u00e9s de terceros. <\/p>\n<p>&#13;<\/p>\n<p align=\"justify\" class=\"text1noticias\">Dif\u00edcil  fue para la isla haber perdido a sus socios econ\u00f3micos tradicionales despu\u00e9s  del derrumbe de la Europa  del este o bloque socialista. <\/p>\n<p>&#13;<\/p>\n<p align=\"justify\" class=\"text1noticias\">Gracias  a que, como dice la canci\u00f3n de Pablo Milanes, \u00ab\u2026Bol\u00edvar lanz\u00f3 una estrella  azul, que Fidel dignific\u00f3, para andar por esta tierra\u2026\u00bb, Cuba se abre  camino en esta geograf\u00eda americana. <\/p>\n<p>&#13;<\/p>\n<p align=\"justify\" class=\"text1noticias\">El  estigma del barbudo alzado en las selvas americanas se mantuvo por mucho tiempo  en la mente taumaturga de los pueblos del continente, unos vi\u00e9ndolo como un  redentor y otros como una amenaza a sus intereses, idea que ha ido cambiando  por la presencia de m\u00e9dicos del cuerpo y m\u00e9dicos del alma \u00a0\u00abalzados\u00bb  en monta\u00f1as y barriadas dando amor y solidaridad, facilitando el \u00abYo si  puedo\u00bb \u00a0y las  diferentes misiones en pro de la vida entre los excluidos del continente. <\/p>\n<p>&#13;<\/p>\n<p align=\"justify\" class=\"text1noticias\">La\u00a0 estrategia cubana d\u00e9cadas  atr\u00e1s no estuvo en Am\u00e9rica como quiz\u00e1s creyeron algunos, al contrario, la Am\u00e9rica verde se mantuvo  en luchas de ghettos guerrilleros, desperdigados en su  inmensa geograf\u00eda, en un completo diversionismo ideol\u00f3gico, tratando de hacer  sus cambios estructurales con pol\u00edticas y culturas particulares, que fueron  desde el sincretismo pol\u00edtico religioso (Per\u00fa), pasando por el culturalismo sandinista  (Nicaragua); as\u00ed como la expresi\u00f3n urbana de la lucha revolucionaria en el cono  sur (Uruguay y Argentina) y el electoralismo como proceso de la izquierda  (Venezuela \u00a0antes de  La Quinta Rep\u00fablica). <\/p>\n<p>&#13;<\/p>\n<p align=\"justify\" class=\"text1noticias\">En esta  parte del mundo no fue posible un Vietnam, dos Vietnam y tantos Vietnam como  pa\u00edses oprimidos existieran, como pretendi\u00f3 el legendario \u00abChe\u00bb  argentino. Al final de la d\u00e9cada del 60 este escenario se cerr\u00f3 en la Am\u00e9rica morena y Cuba se  fue al continente negro a saldar la deuda de la esclavitud, cre\u00e1ndose all\u00ed  varios Vietnam, quedando demolidos reg\u00edmenes oprobiosos del continente y con  \u00e9sta la independencia del \u00a0colonialismo, el neocolonialismo y \u00a0la eliminaci\u00f3n del  racismo como pol\u00edtica de Estado. <\/p>\n<p>&#13;<\/p>\n<p align=\"justify\" class=\"text1noticias\">Despu\u00e9s  de m\u00e1s de treinta a\u00f1os de Cuba en \u00c1frica (y \u00a0que conste: sigue en \u00c1frica) regresa a la Am\u00e9rica nuestra, no con el fusil  liberador, no como la Cuba  \u00abinvasora\u00bb, \u00abcomunista\u00bb y \u00abcomegentes\u00bb como les  dec\u00edan. Esa entrada a nuestra Am\u00e9rica ha sido con la bata blanca de la salud y  la pureza, con el l\u00e1piz de la educaci\u00f3n e instrucci\u00f3n para la libertad, con la  mano edificadora de sociedades m\u00e1s justas. As\u00ed ha venido Cuba a clavarse en el  mismo coraz\u00f3n de Am\u00e9rica, solidariz\u00e1ndose con el resto de la humanidad como ning\u00fan  pueblo en el mundo lo ha hecho. <\/p>\n<p>&#13;<\/p>\n<p align=\"justify\" class=\"text1noticias\">Decenas  de miles de hombres y mujeres profesionales ofrecen lo mejor de su formaci\u00f3n  social y t\u00e9cnica a los m\u00e1s necesitados de varios continentes: en Hait\u00ed, en  Bolivia, en Centro Am\u00e9rica, en Venezuela, para s\u00f3lo mencionar algunas naciones  de este continente, est\u00e1n los cubanos y las cubanas con mano, coraz\u00f3n y mente  practicando el amor a escala social, dando su vida por lo dem\u00e1s. Por eso  defender a Cuba socialista es una cuesti\u00f3n de amor a los dem\u00e1s, es un acto personal  y debe ser una posici\u00f3n de los gobiernos y pueblos de este continente. \u00bfPor qu\u00e9  hay que estar contra Cuba si nos ha dado tanto? <\/p>\n<p>&#13;<\/p>\n<p align=\"justify\" class=\"text1noticias\">A Cuba  por gratitud se le respeta, como nos ense\u00f1\u00f3 Juan Bosch, el maestro de siempre,  cuando al hablar de la cantidad de ediciones que se hab\u00edan hecho en el mundo de  su libro El Arte de Escribir Cuentos, excluy\u00f3 a Cuba y manifest\u00f3 que no  mencionaba el n\u00famero de las ediciones cubanas porque las desconoc\u00eda, ya que en  la patria socialista no necesitaban de su autorizaci\u00f3n para publicar sus  libros, porque \u00a0\u00abA  Cuba se la da, no se le pide\u00bb. <\/p>\n<p>&#13;<\/p>\n<p align=\"justify\" class=\"text1noticias\">\u00a0<\/p>\n<p>&#13;<\/p>\n<h6> 2007-12-31 03:57:25 <\/h6>\n<p><!--\n<link rel=\"stylesheet\" href=\"css\/bootstrap.min.css\">\n\n\n<ul class=\"pagination\">\n\t    \n\t\n\n<li >\n\t<a href='?page_no=12430'>Previous<\/a>\n\t<\/li>\n\n\n       \n    \n\n<li><a href='?page_no=1'>1<\/a><\/li>\n\n\n\n<li><a href='?page_no=2'>2<\/a><\/li>\n\n\n\n<li><a>...<\/a><\/li>\n\n\n\n<li><a href='?page_no=12429'>12429<\/a><\/li>\n\n\n\n<li><a href='?page_no=12430'>12430<\/a><\/li>\n\n\n\n<li class='active'><a>12431<\/a><\/li>\n\n\n\n<li><a href='?page_no=12432'>12432<\/a><\/li>\n\n\n\n<li><a href='?page_no=12433'>12433<\/a><\/li>\n\n\n\n<li><a>...<\/a><\/li>\n\n\n\n<li><a href='?page_no=13611'>13611<\/a><\/li>\n\n\n\n<li><a href='?page_no=13612'>13612<\/a><\/li>\n\n    \n\t\n\n<li >\n\t<a href='?page_no=12432'>Next<\/a>\n\t<\/li>\n\n\n    \n\n<li><a href='?page_no=13612'>Last &rsaquo;&rsaquo;<\/a><\/li>\n\n<\/ul>\n\n\n--><br \/>\n<\/body><\/p>\n","protected":false},"excerpt":{"rendered":"<p>\u00abA Cuba se le da, no se le pide\u00bb. &#13; Por Pedro Taveras. pjtaveras@hotmail.com &#13; &#13; El autor es antrop\u00f3logosocial &#13; A decenas de miles de cubanas y cubanos que salvan vidas y calman dolores en los lugares m\u00e1s pobres y apartados del mundo. &#13; Con el advenimiento de los reg\u00edmenes participativos en Am\u00e9rica Latina, [&hellip;]<\/p>\n","protected":false},"author":3,"featured_media":0,"comment_status":"open","ping_status":"open","sticky":false,"template":"","format":"standard","meta":{"footnotes":""},"categories":[16],"tags":[],"class_list":["post-36583","post","type-post","status-publish","format-standard","hentry","category-opiniones"],"_links":{"self":[{"href":"https:\/\/diariodominicano.com\/index.php?rest_route=\/wp\/v2\/posts\/36583","targetHints":{"allow":["GET"]}}],"collection":[{"href":"https:\/\/diariodominicano.com\/index.php?rest_route=\/wp\/v2\/posts"}],"about":[{"href":"https:\/\/diariodominicano.com\/index.php?rest_route=\/wp\/v2\/types\/post"}],"author":[{"embeddable":true,"href":"https:\/\/diariodominicano.com\/index.php?rest_route=\/wp\/v2\/users\/3"}],"replies":[{"embeddable":true,"href":"https:\/\/diariodominicano.com\/index.php?rest_route=%2Fwp%2Fv2%2Fcomments&post=36583"}],"version-history":[{"count":0,"href":"https:\/\/diariodominicano.com\/index.php?rest_route=\/wp\/v2\/posts\/36583\/revisions"}],"wp:attachment":[{"href":"https:\/\/diariodominicano.com\/index.php?rest_route=%2Fwp%2Fv2%2Fmedia&parent=36583"}],"wp:term":[{"taxonomy":"category","embeddable":true,"href":"https:\/\/diariodominicano.com\/index.php?rest_route=%2Fwp%2Fv2%2Fcategories&post=36583"},{"taxonomy":"post_tag","embeddable":true,"href":"https:\/\/diariodominicano.com\/index.php?rest_route=%2Fwp%2Fv2%2Ftags&post=36583"}],"curies":[{"name":"wp","href":"https:\/\/api.w.org\/{rel}","templated":true}]}}