{"id":36582,"date":"2007-12-31T04:02:37","date_gmt":"2007-12-31T04:02:37","guid":{"rendered":"http:\/\/diariodominicano.ddns.net\/?p=36582"},"modified":"2007-12-31T04:02:37","modified_gmt":"2007-12-31T04:02:37","slug":"el-compromiso-con-la-cohesion-social","status":"publish","type":"post","link":"https:\/\/diariodominicano.com\/?p=36582","title":{"rendered":"El compromiso con la cohesi\u00f3n social"},"content":{"rendered":"<p><body><\/p>\n<h2 class=\"titulogrande1\">El compromiso con la cohesi\u00f3n social<\/h2>\n<p>&#13;<\/p>\n<h3 class=\"textogrande\">Jos\u00e9  Antonio Sanahuja<\/h3>\n<p>&#13;<\/p>\n<p align=\"justify\" class=\"text1noticias\">Espa\u00f1a sigue pagando la factura del viraje neoconservador y el alineamiento  incondicional con Estados Unidos que caracteriz\u00f3 a la pol\u00edtica exterior  espa\u00f1ola durante la presidencia de Jos\u00e9 Mar\u00eda Aznar, rompiendo los consensos  vigentes desde la transici\u00f3n.<br \/>&#13;<br \/>\n  <br \/>&#13;<br \/>\n  La visita de los embajadores espa\u00f1ol y estadounidense para respaldar al  autoproclamado, y ef\u00edmero, presidente Pedro Carmona, con motivo del golpe de  Estado en Venezuela de 2002, sirvi\u00f3 de pretexto al presidente Ch\u00e1vez para  provocar un enfrentamiento con Espa\u00f1a en la Cumbre Iberoamericana  de Santiago de Chile, que, al igual que la poco oportuna respuesta del Rey Juan  Carlos, es funcional a su estrategia medi\u00e1tica. El coste no es desde\u00f1able: los  titulares han estado ocupados por esa disputa, y poco o nada ha trascendido de  los importantes resultados de la   Cumbre, entre los que se incluye un Fondo de Agua Potable que  contar\u00e1 con 1.000 millones de euros, el programa de becas de postgrado \u201cPablo  Neruda\u201d, una base avanzada de respuesta a desastres en Panam\u00e1, y el Convenio  Iberoamericano de Seguridad Social, un instrumento de gran relevancia ante el  peso creciente de la inmigraci\u00f3n latinoamericana hacia Espa\u00f1a. Aunque la  estrategia de \u201ccontenci\u00f3n de da\u00f1os\u201d que han desplegado ambos gobiernos en d\u00edas  posteriores a la Cumbre  ha aplacado la pol\u00e9mica, lo ocurrido en Santiago tambi\u00e9n es un aviso para navegantes  respecto a la celebraci\u00f3n de los bicentenarios de la independencia de Am\u00e9rica  Latina. Es muy probable que la actuaci\u00f3n de Espa\u00f1a, pasada y presente, vuelva a  ser el argumento f\u00e1cil al que se recurrir\u00e1 para obviar las responsabilidades de  las elites criollas en los problemas actuales de la regi\u00f3n.<br \/>&#13;<br \/>\n  <br \/>&#13;<br \/>\n  En las relaciones con Am\u00e9rica Latina se plantea un doble desaf\u00edo. Por una  parte, recomponer las relaciones, da\u00f1adas durante el periodo Aznar, y por otra,  adaptarlas a los importantes cambios que ha vivido la regi\u00f3n en estos \u00faltimos  a\u00f1os. Aunque la cooperaci\u00f3n al desarrollo hacia esa regi\u00f3n ha mejorado, en  cantidad y calidad, Am\u00e9rica Latina no ha recibido la atenci\u00f3n pol\u00edtica que  requiere. Ello se ha debido, sobre todo, a que el actual Gobierno se ha concentrado  en una agenda dom\u00e9stica muy compleja, dominada por la cuesti\u00f3n auton\u00f3mica y la  negociaci\u00f3n con ETA.<br \/>&#13;<br \/>\n  <br \/>&#13;<br \/>\n  En un reconocimiento impl\u00edcito de este hecho, se decidi\u00f3 establecer una  Secretar\u00eda de Estado para Iberoam\u00e9rica cuando la legislatura ya estaba muy avanzada.<br \/>&#13;<br \/>\n  <br \/>&#13;<br \/>\n  Adem\u00e1s, a la hora de actuar a trav\u00e9s de la Uni\u00f3n Europea, hay  que hacer frente al menor inter\u00e9s que Am\u00e9rica Latina suscita en otros Estados  miembros.<br \/>&#13;<br \/>\n  <br \/>&#13;<br \/>\n  Pese a estos condicionantes, en la actual legislatura las relaciones con  Am\u00e9rica Latina se han caracterizado por un \u201cgiro social\u201d que la sit\u00faan en mayor  sinton\u00eda con las preocupaciones y las agendas pol\u00edticas de Latinoam\u00e9rica. A  trav\u00e9s de su actuaci\u00f3n bilateral, en el seno de la Comunidad Iberoamericana  y en la actuaci\u00f3n de la UE,  Espa\u00f1a ha impulsado la cohesi\u00f3n social.<br \/>&#13;<br \/>\n  <br \/> &#13;<br \/>\n  A trav\u00e9s de este concepto, se trata de  promover pol\u00edticas eficaces de lucha contra la pobreza y, sobre todo, de  afrontar la lacerante situaci\u00f3n de desigualdad y las din\u00e1micas de exclusi\u00f3n y  discriminaci\u00f3n que caracterizan a la regi\u00f3n, en especial las derivadas de la  etnia o las relaciones de g\u00e9nero. La cohesi\u00f3n social es adem\u00e1s, un elemento  clave para promover la gobernanza democr\u00e1tica y hacer frente a la violencia y  la criminalidad. De cara a unas sociedades que, tras doscientos a\u00f1os de  independencia, siguen caracterizadas por una fuerte desigualdad, este puede ser  un importante elemento distintivo de la pol\u00edtica latinoamericana de Espa\u00f1a,  tanto en el plano bilateral, como en la actuaci\u00f3n de la UE.<br \/>&#13;<br \/>\n  <br \/>&#13;<br \/>\n  &#8211; Jos\u00e9 Antonio Sanahuja es  Director del Instituto Complutense de Estudios Internacionales<br \/>&#13;<br \/>\n  <br \/>&#13;<br \/>\n  Centro de Colaboraciones Solidarias, www.solidarios.org.es<br \/>&#13;<br \/>\n  <br \/>&#13;<br \/>\n  ALAI, Am\u00e9rica Latina en Movimiento<\/p>\n<p>&#13;<\/p>\n<h6> 2007-12-31 04:02:37 <\/h6>\n<p><!--\n<link rel=\"stylesheet\" href=\"css\/bootstrap.min.css\">\n\n\n<ul class=\"pagination\">\n\t    \n\t\n\n<li >\n\t<a href='?page_no=12429'>Previous<\/a>\n\t<\/li>\n\n\n       \n    \n\n<li><a href='?page_no=1'>1<\/a><\/li>\n\n\n\n<li><a href='?page_no=2'>2<\/a><\/li>\n\n\n\n<li><a>...<\/a><\/li>\n\n\n\n<li><a href='?page_no=12428'>12428<\/a><\/li>\n\n\n\n<li><a href='?page_no=12429'>12429<\/a><\/li>\n\n\n\n<li class='active'><a>12430<\/a><\/li>\n\n\n\n<li><a href='?page_no=12431'>12431<\/a><\/li>\n\n\n\n<li><a href='?page_no=12432'>12432<\/a><\/li>\n\n\n\n<li><a>...<\/a><\/li>\n\n\n\n<li><a href='?page_no=13611'>13611<\/a><\/li>\n\n\n\n<li><a href='?page_no=13612'>13612<\/a><\/li>\n\n    \n\t\n\n<li >\n\t<a href='?page_no=12431'>Next<\/a>\n\t<\/li>\n\n\n    \n\n<li><a href='?page_no=13612'>Last &rsaquo;&rsaquo;<\/a><\/li>\n\n<\/ul>\n\n\n--><br \/>\n<\/body><\/p>\n","protected":false},"excerpt":{"rendered":"<p>El compromiso con la cohesi\u00f3n social &#13; Jos\u00e9 Antonio Sanahuja &#13; Espa\u00f1a sigue pagando la factura del viraje neoconservador y el alineamiento incondicional con Estados Unidos que caracteriz\u00f3 a la pol\u00edtica exterior espa\u00f1ola durante la presidencia de Jos\u00e9 Mar\u00eda Aznar, rompiendo los consensos vigentes desde la transici\u00f3n.&#13; &#13; La visita de los embajadores espa\u00f1ol y [&hellip;]<\/p>\n","protected":false},"author":3,"featured_media":0,"comment_status":"open","ping_status":"open","sticky":false,"template":"","format":"standard","meta":{"footnotes":""},"categories":[16],"tags":[],"class_list":["post-36582","post","type-post","status-publish","format-standard","hentry","category-opiniones"],"_links":{"self":[{"href":"https:\/\/diariodominicano.com\/index.php?rest_route=\/wp\/v2\/posts\/36582","targetHints":{"allow":["GET"]}}],"collection":[{"href":"https:\/\/diariodominicano.com\/index.php?rest_route=\/wp\/v2\/posts"}],"about":[{"href":"https:\/\/diariodominicano.com\/index.php?rest_route=\/wp\/v2\/types\/post"}],"author":[{"embeddable":true,"href":"https:\/\/diariodominicano.com\/index.php?rest_route=\/wp\/v2\/users\/3"}],"replies":[{"embeddable":true,"href":"https:\/\/diariodominicano.com\/index.php?rest_route=%2Fwp%2Fv2%2Fcomments&post=36582"}],"version-history":[{"count":0,"href":"https:\/\/diariodominicano.com\/index.php?rest_route=\/wp\/v2\/posts\/36582\/revisions"}],"wp:attachment":[{"href":"https:\/\/diariodominicano.com\/index.php?rest_route=%2Fwp%2Fv2%2Fmedia&parent=36582"}],"wp:term":[{"taxonomy":"category","embeddable":true,"href":"https:\/\/diariodominicano.com\/index.php?rest_route=%2Fwp%2Fv2%2Fcategories&post=36582"},{"taxonomy":"post_tag","embeddable":true,"href":"https:\/\/diariodominicano.com\/index.php?rest_route=%2Fwp%2Fv2%2Ftags&post=36582"}],"curies":[{"name":"wp","href":"https:\/\/api.w.org\/{rel}","templated":true}]}}