{"id":36580,"date":"2007-12-31T04:05:22","date_gmt":"2007-12-31T04:05:22","guid":{"rendered":"http:\/\/diariodominicano.ddns.net\/?p=36580"},"modified":"2007-12-31T04:05:22","modified_gmt":"2007-12-31T04:05:22","slug":"condena-mundial","status":"publish","type":"post","link":"https:\/\/diariodominicano.com\/?p=36580","title":{"rendered":"Condena mundial"},"content":{"rendered":"<p><body><\/p>\n<h2 class=\"titulogrande1\">Condena mundial<\/h2>\n<p>&#13;<\/p>\n<h3 class=\"textogrande\">Teodoro  Renter\u00eda Arr\u00f3yave<\/h3>\n<p>&#13;<\/p>\n<p align=\"justify\" class=\"text1noticias\">La condena es mundial, no pod\u00eda ser de otra manera, ante el cobarde atentado  que cobr\u00f3 la vida de la \u201cl\u00edder de los Pobres\u201d paquistan\u00edes, Benazir Bhutto; sus  sicarios le dispararon en el cuello instantes antes de otro atentado, \u00e9ste  suicida, en el que perdieron la vida 25 personas y otras 40 resultaron heridas.  Bhutto, quien encabezaba un mitin, lleg\u00f3 a\u00fan con vida al Hospital General de  Rawalpindi. Los gritos de: \u00ab\u00a1Musharraf, perro!\u00bb, en referencia al  presidente paquistan\u00ed Pervez Musharraf, el enemigo n\u00famero uno de la luchadora  social, resuenan y resonar\u00e1n por siempre en el todo el orbe.<br \/>&#13;<br \/>\n  <br \/>&#13;<br \/>\n  Estos atentados que tienen como prop\u00f3sito el acabar con la vida humana, no es  posible entenderlos pero si explicarlos como producto de mentes enfermizas de  poder y de ganancias econ\u00f3micas, as\u00ed como de fanatismos est\u00e9riles que en nada  ayudan a sus causas y en cambio dejan para siempre la secuela de odios y  venganzas posteriores.<br \/>&#13;<br \/>\n  <br \/>&#13;<br \/>\n  Benazir Bhutto, fue una gran mujer que lleg\u00f3 a ser primer ministra de su pa\u00eds,  fue destituida por la canalla castrense que a\u00fan gobierna y que la oblig\u00f3 a un  auto exilio de 8 a\u00f1os; de acuerdo a una amnist\u00eda del dictador militar, Pervez  Musharraf, en la que crey\u00f3 la   Gran Dama de la causa de los pobres, apenas hace 10 semanas  que hab\u00eda regresado a su pa\u00eds.<br \/>&#13;<br \/>\n  <br \/>&#13;<br \/>\n  En el primer mitin al que convoc\u00f3, ya hab\u00eda sufrido un atentado del cual sali\u00f3  afortunadamente ilesa; cuando todos pensaban en el mundo, que el propio  gobierno de facto la iba a proteger, ocurre lo previsible cuando la fuerza de  las armas y no la fuerza de la ideas son las que campean en estos pa\u00edses en  continuo conflicto social.<br \/>&#13;<br \/>\n  <br \/>&#13;<br \/>\n  Recojamos algunas de las condenas que de inmediato se sucedieron como cataratas  de lagrimas, algunas derramadas y otras contenidas, pero todas con la  impotencia de saber que nadie podr\u00e1 devolverle la vida a la \u201cl\u00edder de los  pobres\u201d, que m\u00e1s all\u00e1 de su pa\u00eds, se hab\u00eda convertido en el s\u00edmbolo  internacional de la lucha de los desheredados.<br \/>&#13;<br \/>\n  <br \/>&#13;<br \/>\n  Desde Santiago, la presidenta de Chile Michelle Bachelet repudi\u00f3 el asesinato y  dijo que Bhutto fue \u00bbuna mujer que luch\u00f3 durante toda su vida por un Pakist\u00e1n  mejor\u00bb. \u00bbComo Presidenta de la   Rep\u00fablica, repruebo este hecho, donde la violencia pol\u00edtica  puede llegar al asesinato de una l\u00edder opositora y de un grupo de personas\u00bb,  dijo consternada la presidenta Bachelet y envi\u00f3 sus condolencias al pueblo de  Pakist\u00e1n al rendir homenaje a Bhutto \u00bby a todos los que luchan en el mundo por  la democracia\u00bb.<br \/>&#13;<br \/>\n  <br \/>&#13;<br \/>\n  India, que ha sostenido tres guerras contra Paquist\u00e1n, su primer ministro  Manmoha Singh expres\u00f3 que Bhutto es irreemplazable y se\u00f1al\u00f3 que ella se hab\u00eda  esforzado para mejorar las relaciones entre los dos pa\u00edses, ambos con bombas  nucleares. \u00abMe conmocion\u00e9 y horroric\u00e9 mucho con la noticia del asesinato  atroz\u00bb, dijo Singh. \u00bbCon su muerte, el subcontinente ha perdido a una l\u00edder  sobresaliente que trabaj\u00f3 por la democracia y la reconciliaci\u00f3n en su pa\u00eds\u00bb.<br \/>&#13;<br \/>\n  <br \/>&#13;<br \/>\n  El Presidente franc\u00e9s, Nicolas Sarkozy dijo que el ataque fue un \u00bbhecho  odioso\u00bb y expres\u00f3 que \u00bbel terrorismo y la violencia no tienen lugar en el  debate democr\u00e1tico y en el combate de ideas y programas\u00bb.<br \/>&#13;<br \/>\n  <br \/>&#13;<br \/>\n  El Gobierno de M\u00e9xico, al trav\u00e9s de su Canciller\u00eda, conden\u00f3 el atentado en el  que perdieron hoy la vida la ex primera ministra de Paquist\u00e1n, Benazir Bhutto,  y al menos otras 20 personas, en ese pa\u00eds \u00abM\u00e9xico deplora estos hechos de  violencia y la p\u00e9rdida de vidas humanas y reitera su rechazo a actos  terroristas en cualquiera de sus manifestaciones\u00bb, dijo la Canciller\u00eda mexicana  en un comunicado.<br \/>&#13;<br \/>\n  <br \/>&#13;<br \/>\n  Efectivamente, el mundo llora y condena el atentado que priv\u00f3 de la vida a la  \u201cl\u00edder de los pobres\u201d, madre de 3 hijos, y que hace apenas unos cuantos d\u00edas,  con motivo del anterior atentado afirm\u00f3 no tenerle miedo a la muerte cuando la  lucha se realiza a favor de la gente, por un mundo mejor. Al unirnos al clamor  de justicia, para que sean llevados ante los tribunales, no s\u00f3lo los autores  materiales sino fundamentalmente los intelectuales, por poderosos que estos  sean, nuestro emocionado respeto a la ayer \u201cl\u00edder de los pobres\u201d paquistan\u00edes,  hoy \u201cm\u00e1rtir de los pobres del mundo\u201d.<br \/>&#13;<br \/>\n  <br \/>&#13;<br \/>\n  &#8211; Teodoro Renter\u00eda Arr\u00f3yave es periodista y escritor mexicano.<br \/>&#13;<br \/>\n  <br \/>&#13;<br \/>\n  ALAI, Am\u00e9rica Latina en Movimiento<\/p>\n<p>&#13;<\/p>\n<h6> 2007-12-31 04:05:22 <\/h6>\n<p><!--\n<link rel=\"stylesheet\" href=\"css\/bootstrap.min.css\">\n\n\n<ul class=\"pagination\">\n\t    \n\t\n\n<li >\n\t<a href='?page_no=12428'>Previous<\/a>\n\t<\/li>\n\n\n       \n    \n\n<li><a href='?page_no=1'>1<\/a><\/li>\n\n\n\n<li><a href='?page_no=2'>2<\/a><\/li>\n\n\n\n<li><a>...<\/a><\/li>\n\n\n\n<li><a href='?page_no=12427'>12427<\/a><\/li>\n\n\n\n<li><a href='?page_no=12428'>12428<\/a><\/li>\n\n\n\n<li class='active'><a>12429<\/a><\/li>\n\n\n\n<li><a href='?page_no=12430'>12430<\/a><\/li>\n\n\n\n<li><a href='?page_no=12431'>12431<\/a><\/li>\n\n\n\n<li><a>...<\/a><\/li>\n\n\n\n<li><a href='?page_no=13611'>13611<\/a><\/li>\n\n\n\n<li><a href='?page_no=13612'>13612<\/a><\/li>\n\n    \n\t\n\n<li >\n\t<a href='?page_no=12430'>Next<\/a>\n\t<\/li>\n\n\n    \n\n<li><a href='?page_no=13612'>Last &rsaquo;&rsaquo;<\/a><\/li>\n\n<\/ul>\n\n\n--><br \/>\n<\/body><\/p>\n","protected":false},"excerpt":{"rendered":"<p>Condena mundial &#13; Teodoro Renter\u00eda Arr\u00f3yave &#13; La condena es mundial, no pod\u00eda ser de otra manera, ante el cobarde atentado que cobr\u00f3 la vida de la \u201cl\u00edder de los Pobres\u201d paquistan\u00edes, Benazir Bhutto; sus sicarios le dispararon en el cuello instantes antes de otro atentado, \u00e9ste suicida, en el que perdieron la vida 25 [&hellip;]<\/p>\n","protected":false},"author":3,"featured_media":0,"comment_status":"open","ping_status":"open","sticky":false,"template":"","format":"standard","meta":{"footnotes":""},"categories":[16],"tags":[],"class_list":["post-36580","post","type-post","status-publish","format-standard","hentry","category-opiniones"],"_links":{"self":[{"href":"https:\/\/diariodominicano.com\/index.php?rest_route=\/wp\/v2\/posts\/36580","targetHints":{"allow":["GET"]}}],"collection":[{"href":"https:\/\/diariodominicano.com\/index.php?rest_route=\/wp\/v2\/posts"}],"about":[{"href":"https:\/\/diariodominicano.com\/index.php?rest_route=\/wp\/v2\/types\/post"}],"author":[{"embeddable":true,"href":"https:\/\/diariodominicano.com\/index.php?rest_route=\/wp\/v2\/users\/3"}],"replies":[{"embeddable":true,"href":"https:\/\/diariodominicano.com\/index.php?rest_route=%2Fwp%2Fv2%2Fcomments&post=36580"}],"version-history":[{"count":0,"href":"https:\/\/diariodominicano.com\/index.php?rest_route=\/wp\/v2\/posts\/36580\/revisions"}],"wp:attachment":[{"href":"https:\/\/diariodominicano.com\/index.php?rest_route=%2Fwp%2Fv2%2Fmedia&parent=36580"}],"wp:term":[{"taxonomy":"category","embeddable":true,"href":"https:\/\/diariodominicano.com\/index.php?rest_route=%2Fwp%2Fv2%2Fcategories&post=36580"},{"taxonomy":"post_tag","embeddable":true,"href":"https:\/\/diariodominicano.com\/index.php?rest_route=%2Fwp%2Fv2%2Ftags&post=36580"}],"curies":[{"name":"wp","href":"https:\/\/api.w.org\/{rel}","templated":true}]}}