{"id":36579,"date":"2007-12-31T04:08:20","date_gmt":"2007-12-31T04:08:20","guid":{"rendered":"http:\/\/diariodominicano.ddns.net\/?p=36579"},"modified":"2007-12-31T04:08:20","modified_gmt":"2007-12-31T04:08:20","slug":"oscar-niemeyer-y-el-comunismo-como-valor","status":"publish","type":"post","link":"https:\/\/diariodominicano.com\/?p=36579","title":{"rendered":"Oscar Niemeyer y el comunismo como valor"},"content":{"rendered":"<p><body><\/p>\n<h2 class=\"titulogrande1\">Oscar Niemeyer y el comunismo como valor<\/h2>\n<p>&#13;<\/p>\n<h3 class=\"textogrande\">Leonardo  Boff<\/h3>\n<p>&#13;<\/p>\n<div align=\"justify\" class=\"text1noticias\">A pesar del abatimiento nacional e internacional de este ag\u00f3nico 2007, tuvimos  el d\u00eda 15 de diciembre una discreta alegr\u00eda: los cien a\u00f1os de nuestro m\u00e1s  ilustre arquitecto brasile\u00f1o, Oscar Niemeyer. Su voz suave y cansada nos  convoca a la solidaridad y a una gran simplicidad de vida. <br \/>&#13;<br \/>\n  <br \/>&#13;<br \/>\n  Su visi\u00f3n del mundo se funda en el comunismo, al cual fue fiel durante toda la  vida, en tiempos y contratiempos. Pero se trata de un comunismo como valor  \u00e9tico, que se propone rescatar de la sociabilidad humana la capacidad de sentir  al otro y de caminar con \u00e9l como compa\u00f1ero y no como competidor. \u00abEs necesario  mirar al otro, ser solidario; las personas que s\u00f3lo piensan en sus profesiones  no ven la pobreza; s\u00f3lo quieren ser triunfadores\u00bb. Para \u00e9l lo importante \u00abno es  ser arquitecto, ser especialista, ser mundialmente reconocido. Lo importante es  la vida y la amistad. La palabra m\u00e1s importante de mi vida es solidaridad\u00bb. <br \/>&#13;<br \/>\n  <br \/>&#13;<br \/>\n  Esta solidaridad, especialmente para con los pobres, lo vuelve sencillo, como  simples son sus formas arquitect\u00f3nicas. Vive la verdadera humildad de quien  comulga del mismo humus (de donde viene humildad): \u00abtodo el mundo es igual; la  persona viene a la Tierra,  cuenta su peque\u00f1a historia y se va\u00bb. <br \/>&#13;<br \/>\n  <br \/>&#13;<br \/>\n  Nunca olvidar\u00e9 una larga conversaci\u00f3n con \u00e9l durante un almuerzo en Petr\u00f3polis  al final de los a\u00f1os 70. Aquel d\u00eda acababa de volver de Cuba. Eran a\u00fan tiempos  de relativa abundancia, antes de la ca\u00edda de la Uni\u00f3n Sovi\u00e9tica.  Le contaba que el sistema de salud era universal, que la educaci\u00f3n era abierta  para todos, independientemente de su extracci\u00f3n social o racial, que no se  ve\u00edan favelas en la isla y c\u00f3mo la poblaci\u00f3n hab\u00eda incorporado una vida de  austeridad compartida. Y le refer\u00eda las largas charlas con Fidel, hasta altas  horas de la noche, sobre religi\u00f3n y la teolog\u00eda de la liberaci\u00f3n, teolog\u00eda que  intenta hacer del cristianismo una fuerza de transformaci\u00f3n hist\u00f3rica contra la  pobreza y la marginaci\u00f3n social. Le dec\u00eda, citando a fray Betto: \u00abCuba parece  como un Estado de Bahia que funciona, que result\u00f3 bien\u00bb. Vi que Oscar o\u00eda todo  atentamente y sus ojos brillaban de satisfacci\u00f3n. <br \/>&#13;<br \/>\n  <br \/>&#13;<br \/>\n  Cu\u00e1l no fue mi sorpresa cuando d\u00edas despu\u00e9s le\u00ed en la Folha de S\u00e3o  Paulo un art\u00edculo suyo sobre nuestra conversaci\u00f3n con un dibujo de su  autor\u00eda: dos monta\u00f1as, una de ellas con una cruz encima. Y all\u00ed dec\u00eda: \u00abbajando  la sierra de Petr\u00f3polis, yo que no creo rezaba al Dios de fray Boff, para que  aquellos beneficios que Cuba realiz\u00f3 para su pueblo, llegasen tambi\u00e9n, un d\u00eda,  al pueblo brasilero\u00bb. Por su solidaridad con el pueblo cubano, que sufre  todav\u00eda un atroz embargo impuesto por Estados Unidos, ha abierto en Cuba un  puesto avanzado, una escuela de arquitectura, sin ganancia ninguno, solamente  el necesario para mantener la oficina. <br \/>&#13;<br \/>\n  <br \/>&#13;<br \/>\n  Personas as\u00ed nos hacen creer que el ser humano es rescatable, que la voracidad  de la acumulaci\u00f3n privada de riqueza distorsiona el sentido de la vida, que el  ideal capitalista es profundamente perverso porque es inhumano, nada solidario  y sin ninguna conmiseraci\u00f3n para con el pr\u00f3jimo. <br \/>&#13;<br \/>\n  <br \/>&#13;<br \/>\n  Su mensaje principal que vale m\u00e1s que cualquier discurso de alguna autoridad  religiosa fue expresado en el Jornal do Brasil del 21 de abril de este a\u00f1o: \u00abLo  fundamental es reconocer que la vida es injusta y s\u00f3lo d\u00e1ndonos las manos, como  hermanos y hermanas, podemos vivirla mejor\u00bb. <br \/>&#13;<br \/>\n  <br \/>&#13;<br \/>\n  Con estas palabras cerramos el a\u00f1o 2007, con la esperanza de que el 2008  comience a realizar el sue\u00f1o sincero de este anciano sabio y sencillo, que en  la construcci\u00f3n de la catedral de Brasilia, con sus brazos extendidos al cielo,  dio forma a su secreta m\u00edstica de la solidaridad nacida del m\u00e1s puro ideal  comunista. <br \/>&#13;<br \/>\n  <br \/>&#13;<br \/>\n  &#8211; Leonardo Boff es te\u00f3logo.<br \/>&#13;<br \/>\n  <br \/>&#13;<br \/>\nALAI, Am\u00e9rica Latina en Movimiento<\/div>\n<p>&#13;<\/p>\n<h6> 2007-12-31 04:08:20 <\/h6>\n<p><!--\n<link rel=\"stylesheet\" href=\"css\/bootstrap.min.css\">\n\n\n<ul class=\"pagination\">\n\t    \n\t\n\n<li >\n\t<a href='?page_no=12427'>Previous<\/a>\n\t<\/li>\n\n\n       \n    \n\n<li><a href='?page_no=1'>1<\/a><\/li>\n\n\n\n<li><a href='?page_no=2'>2<\/a><\/li>\n\n\n\n<li><a>...<\/a><\/li>\n\n\n\n<li><a href='?page_no=12426'>12426<\/a><\/li>\n\n\n\n<li><a href='?page_no=12427'>12427<\/a><\/li>\n\n\n\n<li class='active'><a>12428<\/a><\/li>\n\n\n\n<li><a href='?page_no=12429'>12429<\/a><\/li>\n\n\n\n<li><a href='?page_no=12430'>12430<\/a><\/li>\n\n\n\n<li><a>...<\/a><\/li>\n\n\n\n<li><a href='?page_no=13611'>13611<\/a><\/li>\n\n\n\n<li><a href='?page_no=13612'>13612<\/a><\/li>\n\n    \n\t\n\n<li >\n\t<a href='?page_no=12429'>Next<\/a>\n\t<\/li>\n\n\n    \n\n<li><a href='?page_no=13612'>Last &rsaquo;&rsaquo;<\/a><\/li>\n\n<\/ul>\n\n\n--><br \/>\n<\/body><\/p>\n","protected":false},"excerpt":{"rendered":"<p>Oscar Niemeyer y el comunismo como valor &#13; Leonardo Boff &#13; A pesar del abatimiento nacional e internacional de este ag\u00f3nico 2007, tuvimos el d\u00eda 15 de diciembre una discreta alegr\u00eda: los cien a\u00f1os de nuestro m\u00e1s ilustre arquitecto brasile\u00f1o, Oscar Niemeyer. Su voz suave y cansada nos convoca a la solidaridad y a una [&hellip;]<\/p>\n","protected":false},"author":3,"featured_media":0,"comment_status":"open","ping_status":"open","sticky":false,"template":"","format":"standard","meta":{"footnotes":""},"categories":[16],"tags":[],"class_list":["post-36579","post","type-post","status-publish","format-standard","hentry","category-opiniones"],"_links":{"self":[{"href":"https:\/\/diariodominicano.com\/index.php?rest_route=\/wp\/v2\/posts\/36579","targetHints":{"allow":["GET"]}}],"collection":[{"href":"https:\/\/diariodominicano.com\/index.php?rest_route=\/wp\/v2\/posts"}],"about":[{"href":"https:\/\/diariodominicano.com\/index.php?rest_route=\/wp\/v2\/types\/post"}],"author":[{"embeddable":true,"href":"https:\/\/diariodominicano.com\/index.php?rest_route=\/wp\/v2\/users\/3"}],"replies":[{"embeddable":true,"href":"https:\/\/diariodominicano.com\/index.php?rest_route=%2Fwp%2Fv2%2Fcomments&post=36579"}],"version-history":[{"count":0,"href":"https:\/\/diariodominicano.com\/index.php?rest_route=\/wp\/v2\/posts\/36579\/revisions"}],"wp:attachment":[{"href":"https:\/\/diariodominicano.com\/index.php?rest_route=%2Fwp%2Fv2%2Fmedia&parent=36579"}],"wp:term":[{"taxonomy":"category","embeddable":true,"href":"https:\/\/diariodominicano.com\/index.php?rest_route=%2Fwp%2Fv2%2Fcategories&post=36579"},{"taxonomy":"post_tag","embeddable":true,"href":"https:\/\/diariodominicano.com\/index.php?rest_route=%2Fwp%2Fv2%2Ftags&post=36579"}],"curies":[{"name":"wp","href":"https:\/\/api.w.org\/{rel}","templated":true}]}}