{"id":36575,"date":"2007-12-31T16:31:29","date_gmt":"2007-12-31T16:31:29","guid":{"rendered":"http:\/\/diariodominicano.ddns.net\/?p=36575"},"modified":"2007-12-31T16:31:29","modified_gmt":"2007-12-31T16:31:29","slug":"miguel-vargas-y-su-compromiso-con-las-mayorias","status":"publish","type":"post","link":"https:\/\/diariodominicano.com\/?p=36575","title":{"rendered":"Miguel Vargas y su Compromiso con las Mayor\u00edas"},"content":{"rendered":"<p><body><\/p>\n<p class=\"titulogrande1\"><strong>Miguel Vargas y su  Compromiso con las Mayor\u00edas<\/strong><\/p>\n<p>&#13;<\/p>\n<p align=\"justify\" class=\"text1noticias\"><img loading=\"lazy\" decoding=\"async\" src=\"http:\/\/10.0.0.82:8080\/pictures\/evelio arroyo.jpg\" width=\"269\" height=\"333\" hspace=\"4\" align=\"left\" \/>Cada ser humano es \u00fanico. Cada hombre o  mujer tiene cualidades que lo diferencia de las dem\u00e1s personas. Por eso cuando  queremos atribuirle a una persona los defectos o las virtudes de otros, estamos cometiendo un error.<\/p>\n<p>&#13;<\/p>\n<p align=\"justify\" class=\"text1noticias\">En el campo de la pol\u00edtica se acostumbra  a que cuando no se puede descalificar al oponente porque \u00e9ste tiene y ha  tenido\u00a0 una trayectoria publica y privada  transparente, entonces se recurre a la comparaci\u00f3n para hacerle da\u00f1o a la  imagen del candidato, que re\u00fane condiciones de transparencia, liderazgo,  honestidad y responsabilidad en las empresas y compromisos que ha contra\u00eddo con  la naci\u00f3n. El ingeniero Miguel Vargas como hombre con visi\u00f3n de Estado y con un  liderazgo ascendente en el seno de la sociedad dominicana no ha\u00a0 escapado a esa realidad.<\/p>\n<p>&#13;<\/p>\n<p align=\"justify\" class=\"text1noticias\"> Cuando seguimos la trayectoria,\u00a0 privada y publica, del Ing. Miguel Vargas  encontramos que \u00e9ste desde sus inicios, como empleado de Codetel, en 1974, ha asumido los  compromisos contra\u00eddos con gran responsabilidad. Esa actitud responsable lo  lleva a convertirse, en menos de 2 a\u00f1os, de supervisor de construcciones e  ingenier\u00eda en Gerente General de ese departamento.<\/p>\n<p>&#13;<\/p>\n<p align=\"justify\" class=\"text1noticias\">En cuanto a la vida p\u00fablica el Ing.  Miguel Vargas tiene m\u00e1s de 25 a\u00f1os en el PRD, ocupando m\u00faltiples posiciones,  tanto en el partido como en los gobiernos de esa instituci\u00f3n pol\u00edtica. Este ha  sido Director de la Caasd  en el periodo 1982- 1984 y Secretario de Obras Publicas en el periodo 2000 \u2013  2004, siendo calificado por la gente como el funcionario m\u00e1s eficiente de esa  administraci\u00f3n.<\/p>\n<p>&#13;<\/p>\n<p align=\"justify\" class=\"text1noticias\">En el aspecto de su actividad privada, a  partir de 1990, despu\u00e9s desarrollar m\u00faltiples proyectos inmobiliarios, entre  los que se destacan proyectos tur\u00edsticos y hoteleros, plazas comerciales,  torres y apartamentos y desarrollo de urbanizaciones, pasa a conformar el grupo  empresarial VARMA, dentro del cual se destaca Inversiones Inmobiliarias HARNA,  que construye, desarrolla y comercializa diversos proyectos inmobiliarios de  ese grupo.<\/p>\n<p>&#13;<\/p>\n<p align=\"justify\" class=\"text1noticias\">En todas las actividades p\u00fablicas y  privadas\u00a0 del Ing. Miguel Vargas se  destacan 6 cualidades sobresalientes de  su personalidad: Visi\u00f3n, liderazgo, honestidad, solidaridad, responsabilidad y  credibilidad. Estas cualidades, propias del Ing. Miguel Vargas, son las que le  han permitido construir el liderazgo que lo ha ido diferenciando de los dem\u00e1s. <\/p>\n<p>&#13;<\/p>\n<p align=\"justify\" class=\"text1noticias\">En este aspecto, debemos se\u00f1alar que una  de las debilidades m\u00e1s comunes\u00a0 del  electorado dominicano es que muchas veces no ha podido identificar, a tiempo,  quienes quieren gobernarlo para bien. Esas debilidades y errores han dado como  resultado la elecci\u00f3n de malos gobiernos, como el presente, ya que ha destruido  la esperanza de progreso de la mayor\u00eda de dominicanos. <\/p>\n<p>&#13;<\/p>\n<p align=\"justify\" class=\"text1noticias\">Cuando un hombre tiene una visi\u00f3n de  Estado, que trasciende las fronteras, tanto de su partido como las fronteras  nacionales, que es el caso del Ing. Miguel Vargas, el electorado debe valorar  esa condici\u00f3n, ya que en pa\u00edses pobres como la Republica Dominicana  el car\u00e1cter y la visi\u00f3n de un hombre de Estado, respaldado por el voto de las mayor\u00edas  nacionales es el primer paso para cambiar\u00a0  el rumbo equivocado que lleva la naci\u00f3n dominicana.<\/p>\n<p>&#13;<\/p>\n<p align=\"justify\" class=\"text1noticias\">En pa\u00edses como el nuestro el car\u00e1cter de  la naci\u00f3n muchas veces ha tenido el car\u00e1cter del gobernante de turno. Por eso,  si deseamos un cambio pol\u00edtico real en beneficio del pa\u00eds, debemos dotar a la  naci\u00f3n del car\u00e1cter, la responsabilidad y la disciplina que necesita, ya que  esa es una condici\u00f3n necesaria para poder comenzar a desarrollarnos y pasar de  la demagogia y la improvisaci\u00f3n a un compromiso  real con las mayor\u00edas nacionales. <\/p>\n<p>&#13;<\/p>\n<p align=\"justify\" class=\"text1noticias\">El Dr. Evelio  Arroyo es Soci\u00f3logo, Abogado y escritor. Es, adem\u00e1s, el Director Nacional de  Comunicaciones y Estrategias del Movimiento en L\u00ednea con Miguel que preside el  Dr. Francisco Fern\u00e1ndez.<\/p>\n<p>&#13;<\/p>\n<p align=\"justify\">\u00a0<\/p>\n<p>&#13;<\/p>\n<h6> 2007-12-31 16:31:29 <\/h6>\n<p><!--\n<link rel=\"stylesheet\" href=\"css\/bootstrap.min.css\">\n\n\n<ul class=\"pagination\">\n\t    \n\t\n\n<li >\n\t<a href='?page_no=12423'>Previous<\/a>\n\t<\/li>\n\n\n       \n    \n\n<li><a href='?page_no=1'>1<\/a><\/li>\n\n\n\n<li><a href='?page_no=2'>2<\/a><\/li>\n\n\n\n<li><a>...<\/a><\/li>\n\n\n\n<li><a href='?page_no=12422'>12422<\/a><\/li>\n\n\n\n<li><a href='?page_no=12423'>12423<\/a><\/li>\n\n\n\n<li class='active'><a>12424<\/a><\/li>\n\n\n\n<li><a href='?page_no=12425'>12425<\/a><\/li>\n\n\n\n<li><a href='?page_no=12426'>12426<\/a><\/li>\n\n\n\n<li><a>...<\/a><\/li>\n\n\n\n<li><a href='?page_no=13611'>13611<\/a><\/li>\n\n\n\n<li><a href='?page_no=13612'>13612<\/a><\/li>\n\n    \n\t\n\n<li >\n\t<a href='?page_no=12425'>Next<\/a>\n\t<\/li>\n\n\n    \n\n<li><a href='?page_no=13612'>Last &rsaquo;&rsaquo;<\/a><\/li>\n\n<\/ul>\n\n\n--><br \/>\n<\/body><\/p>\n","protected":false},"excerpt":{"rendered":"<p>Miguel Vargas y su Compromiso con las Mayor\u00edas &#13; Cada ser humano es \u00fanico. Cada hombre o mujer tiene cualidades que lo diferencia de las dem\u00e1s personas. Por eso cuando queremos atribuirle a una persona los defectos o las virtudes de otros, estamos cometiendo un error. &#13; En el campo de la pol\u00edtica se acostumbra [&hellip;]<\/p>\n","protected":false},"author":3,"featured_media":0,"comment_status":"open","ping_status":"open","sticky":false,"template":"","format":"standard","meta":{"footnotes":""},"categories":[16],"tags":[],"class_list":["post-36575","post","type-post","status-publish","format-standard","hentry","category-opiniones"],"_links":{"self":[{"href":"https:\/\/diariodominicano.com\/index.php?rest_route=\/wp\/v2\/posts\/36575","targetHints":{"allow":["GET"]}}],"collection":[{"href":"https:\/\/diariodominicano.com\/index.php?rest_route=\/wp\/v2\/posts"}],"about":[{"href":"https:\/\/diariodominicano.com\/index.php?rest_route=\/wp\/v2\/types\/post"}],"author":[{"embeddable":true,"href":"https:\/\/diariodominicano.com\/index.php?rest_route=\/wp\/v2\/users\/3"}],"replies":[{"embeddable":true,"href":"https:\/\/diariodominicano.com\/index.php?rest_route=%2Fwp%2Fv2%2Fcomments&post=36575"}],"version-history":[{"count":0,"href":"https:\/\/diariodominicano.com\/index.php?rest_route=\/wp\/v2\/posts\/36575\/revisions"}],"wp:attachment":[{"href":"https:\/\/diariodominicano.com\/index.php?rest_route=%2Fwp%2Fv2%2Fmedia&parent=36575"}],"wp:term":[{"taxonomy":"category","embeddable":true,"href":"https:\/\/diariodominicano.com\/index.php?rest_route=%2Fwp%2Fv2%2Fcategories&post=36575"},{"taxonomy":"post_tag","embeddable":true,"href":"https:\/\/diariodominicano.com\/index.php?rest_route=%2Fwp%2Fv2%2Ftags&post=36575"}],"curies":[{"name":"wp","href":"https:\/\/api.w.org\/{rel}","templated":true}]}}