{"id":36574,"date":"2007-12-31T23:21:52","date_gmt":"2007-12-31T23:21:52","guid":{"rendered":"http:\/\/diariodominicano.ddns.net\/?p=36574"},"modified":"2007-12-31T23:21:52","modified_gmt":"2007-12-31T23:21:52","slug":"un-dialogo-civico-militar-impensable-en-otros-tiempos","status":"publish","type":"post","link":"https:\/\/diariodominicano.com\/?p=36574","title":{"rendered":"Un di\u00e1logo c\u00edvico-militar impensable en otros tiempos"},"content":{"rendered":"<p><body><\/p>\n<style type=\"text\/css\"><![CDATA[\n<!--\n.style3 {\n\tfont-size: 12px;\n\tfont-weight: bold;\n}\n.style5 {font-family: Arial; line-height: normal; text-transform: none; font-size: 14px; color: #000000;}\n-->\n]]><\/style>\n<p>&#13;<\/p>\n<p class=\"titulogrande1\">Un  di\u00e1logo c\u00edvico-militar impensable en otros tiempos<br \/>&#13;<br \/>\n  <br \/>&#13;<br \/>\n  <span class=\"style3\">Por<\/span><span class=\"textogrande\"> Narciso Isa Conde<\/span><\/p>\n<p>&#13;<\/p>\n<p align=\"justify\" class=\"style5\">En los pasados d\u00edas de Navidad me encontr\u00e9 accidentalmente  con un oficial del ej\u00e9rcito a quien conoc\u00ed hace algunos a\u00f1os y me salud\u00f3 con  mucho afecto, se\u00f1al\u00e1ndome de inmediato que recientemente hab\u00eda le\u00eddo con mucho  inter\u00e9s en un peri\u00f3dico digital uno de mis art\u00edculos titulado: \u201cCaama\u00f1o, Torrijos y Velasco Alvarado: Los  precursores de Ch\u00e1vez\u201d, y que  personalmente se sent\u00eda muy bien cuando personas como yo escrib\u00edan as\u00ed de los  l\u00edderes militares progresistas y del rol de las Fuerzas Armadas regulares en  acontecimiento hist\u00f3ricos de tanta trascendencia.<\/p>\n<p>&#13;<\/p>\n<p align=\"justify\" class=\"style5\">\u201cQuiero que sepas- enfatiz\u00f3 \u2013que en nuestras fuerzas armadas hoy  existen militares dignos, patriotas y comprometidos con los mejores ideales\u201d<\/p>\n<p>&#13;<\/p>\n<p align=\"justify\" class=\"style5\">\u201cSabemos que desde nuestras filas se han  cometido cr\u00edmenes, hecho fortunas y se ha servido como cancerberos fieles a  pol\u00edticos deshonestos y a intereses contrarios a los mejores intereses de la  patria. Existen en nuestros mandos pasado y actuales personas con deudas de  sangre impagables.\u201d<\/p>\n<p>&#13;<\/p>\n<p align=\"justify\" class=\"style5\">Pens\u00e9 de inmediato en los  generales retirados Enrique P\u00e9rez y P\u00e9rez, Salvador (Chinito) Lluberes Mont\u00e1s, Ram\u00f3n Emilio (Milo) Jim\u00e9nez, Pou Castro\u2026  y en todo aquellos militares de \u201chorca y cuchillo\u201d de los doce a\u00f1os del  terrorismo de Estado impuesto despu\u00e9s de la intervenci\u00f3n militar yanqui de 1965.<\/p>\n<p>&#13;<\/p>\n<p align=\"justify\" class=\"style5\">En el general Rojas Tabar (ex jefe de la Fuerza   A\u00e9rea Dominicana) y las torturas a Lalito (periodista de Azua) y la desaparici\u00f3n  de Narciso Gonz\u00e1lez (Narcisazo) en 1994.<\/p>\n<p>&#13;<\/p>\n<p align=\"justify\" class=\"style5\">En el general Candelier y las \u201cejecuciones extrajudiciales\u201d  practicadas m\u00e1s recientemente por la Polic\u00eda Nacional durante su  jefatura.<\/p>\n<p>&#13;<\/p>\n<p align=\"justify\" class=\"style5\">\u201cPero -aclar\u00f3 a continuaci\u00f3n el referido  oficial- existen no pocos dispuestos a servir a la patria en el sentido m\u00e1s  amplio y en el entendimiento m\u00e1s profundo. Nos atrevemos a afirmar que la gran  mayor\u00eda de pueblo humilde uniformado quiere pertenecer a unas Fuerzas Armadas  respetadas y queridas, garantes del bienestar de todos y del bienestar propio  que a una estructura salarial injusta le niega.\u201d<\/p>\n<p>&#13;<\/p>\n<p align=\"justify\" class=\"style5\">Le dije de inmediato que estaba conciente de  esa realidad y que por eso estaba escribiendo sobre ese tema, de manera que el  descr\u00e9dito hist\u00f3rico no arropara injustamente a todos los integrantes de las  Fuerzas Armadas, que por dem\u00e1s deb\u00edan sentirse muy mal con las generalizaciones  que frecuentemente se hac\u00edan al respecto.<\/p>\n<p>&#13;<\/p>\n<p align=\"justify\" class=\"style5\">Entonces, sin p\u00e9rdida de tiempo,  describi\u00f3 de esta manera la situaci\u00f3n actual en el seno de esa instituci\u00f3n del  Estado:<\/p>\n<p>&#13;<\/p>\n<p align=\"justify\" class=\"style5\">\u201cLos hombres y mujeres de uniformes son los  peor pagados y peor reconocido. Los humildes y honestos, que son la inmensa  mayor\u00eda, cargan con la culpa de cancerberos y corruptos.<br \/>&#13;<br \/>\n  <br \/> &#13;<br \/>\nObligados por la  disciplina y el respeto a las jerarqu\u00edas observan y a veces son parte  involuntaria de una maquinaria corrompida y corruptora que como un gran embudo  hace correr beneficios en una direcci\u00f3n y descr\u00e9dito en otra. Todos cargamos con  el descr\u00e9dito, muy pocos se quedan con los beneficios.\u201d<\/p>\n<p>&#13;<\/p>\n<p align=\"justify\" class=\"style5\">\u201cDurante mucho tiempo se no ense\u00f1\u00f3 a odiar a  los comunistas y luchadores por causas justas, se sembr\u00f3 odio en nuestras  conciencias y muchos de nosotros guardamos recelo todav\u00eda. <br \/>&#13;<br \/>\n  <br \/>&#13;<br \/>\nSabemos que los  activistas sociales y los izquierdistas tambien tuvieron odio hacia nosotros.  <br \/>&#13;<br \/>\n<br \/>&#13;<br \/>\nCreemos que no puede ser as\u00ed. Los hombres de uniforme son de pueblo y son la  parte m\u00e1s humilde del pueblo. Nadie gana menos que nosotros, no es posible  vivir medianamente con lo que ganamos incluso los oficiales.\u201d<\/p>\n<p>&#13;<\/p>\n<p align=\"justify\" class=\"style5\">Y entonces me remont\u00e9 a un  art\u00edculo que recientemente publiqu\u00e9 en El Nacional de \u00a1Ahora!, refiri\u00e9ndome a  las causas del empobrecimiento simult\u00e1neo de civiles y militares (\u201cPueblo pobre y militares pobres\u201d).<\/p>\n<p>&#13;<\/p>\n<p align=\"justify\" class=\"style5\">La partidocracia corrompida,  altamente despreciada por un gran n\u00famero de militares honestos y sensibles, y  las pol\u00edticas neoliberales, han llevado el proceso de empobrecimiento de las  mayor\u00edas civiles y militares a niveles realmente insoportables, generadores de  un descontento muy profundo que ya no solo se expresa a nivel del pueblo  humilde sino tambien de amplios sectores de las Fuerzas Armadas que se sienten  cada vez m\u00e1s marginado, alejados de condiciones de vida m\u00ednimamente  confortables.<\/p>\n<p>&#13;<\/p>\n<p align=\"justify\" class=\"style5\">Eso explica no solo que al  interior de los cuerpos castrenses se est\u00e9 revalorizando el significado las  justas rebeld\u00edas y procesos transformadores encabezados por militares, sino que  adem\u00e1s siga aumentando la simpat\u00eda por el rol que est\u00e1 desempe\u00f1ando el  Presidente Ch\u00e1vez en todo el continente.<\/p>\n<p>&#13;<\/p>\n<p align=\"justify\" class=\"style5\">Esto lo he podido apreciar en  m\u00faltiples ocasiones en que he tenido la oportunidad de encontrarme y conversar  con militares \u2013incluso con polic\u00edas- de diferentes rangos.<\/p>\n<p>&#13;<\/p>\n<p align=\"justify\" class=\"style5\">Por eso pens\u00e9, que cuando  recientemente cierto tr\u00e1nsfuga denunci\u00f3 la existencia de una supuesta  conspiraci\u00f3n chavista en el seno de las Fuerzas Armadas Dominicanas, se estaba  refiriendo a un estado de \u00e1nimo m\u00e1s que propiamente a un \u201cplan golpista\u201d y lo  hac\u00eda por encargo de sectores de poder (frente a los cuales procuraba  reacciones favorables) interesados en meterle presi\u00f3n a esa expresiones  patri\u00f3ticas para tratar de contener ese fen\u00f3meno.<\/p>\n<p>&#13;<\/p>\n<p align=\"justify\" class=\"style5\">En la conversaci\u00f3n con este  oficial capt\u00e9 mejor aun, que lo que est\u00e1 pasando en ese aspecto entre los  militares dominicanos, est\u00e1 mucho m\u00e1s cerca de un sentimiento, de una nueva  conciencia, de un esp\u00edritu de busca, de un estado de \u00e1nimo, que de una  conspiraci\u00f3n, una especie de complot o algo por el estilo.<\/p>\n<p>&#13;<\/p>\n<p align=\"justify\" class=\"style5\">Las ideas fluyen y ya ni la  oficialidad ni las bases honestas y pensantes de las Fuerzas Armadas  Dominicanas son las mismas que en aquellos tiempos de las posguerra de abril,  del impacto de la \u201cguerra fr\u00eda\u201d, del terrorismo de Estado. Piensan m\u00e1s  libremente, reflexionan con menos trabas y presiones.<\/p>\n<p>&#13;<\/p>\n<p align=\"justify\" class=\"style5\">Francis Caama\u00f1o, l\u00edder de la revoluci\u00f3n y de la guerra patria de 1965, ha sido reconocido  como h\u00e9roe nacional.<\/p>\n<p>&#13;<\/p>\n<p align=\"justify\" class=\"style5\">Fern\u00e1ndez Dom\u00ednguez, precursor de ese proceso, despierta respeto y admiraci\u00f3n incluso en los cuarteles y  unidades militares.<\/p>\n<p>&#13;<\/p>\n<p align=\"justify\" class=\"style5\">Ch\u00e1vez en gran medida reivindica a toda esa generaci\u00f3n de militares  patriotas y revolucionario de lo a\u00f1os 60\u00b4 y 70\u00b4: Caama\u00f1o, Torrijos, Velasco, Juan Jos\u00e9 Torres\u2026 <\/p>\n<p>&#13;<\/p>\n<p align=\"justify\" class=\"style5\">Por eso la manera como me  despidi\u00f3 este joven oficial no puedo ser para m\u00ed m\u00e1s grata y alentadora:<\/p>\n<p>&#13;<\/p>\n<p align=\"justify\" class=\"style5\">\u201cHoy muchos pensamos parecido y compartimos  esperanzas iguales a las que proclaman los izquierdistas. Esperamos que usted  se d\u00e9 cuenta de que Caama\u00f1o, Velasco Alvarado y Omar Torrijos no salieron de la  nada, se formaron en cuarteles y desde ellos aprendieron y ense\u00f1aron dignidad,  respeto por sus pueblos y un gran compromiso por la independencia verdadera.\u201d<\/p>\n<p>&#13;<\/p>\n<p align=\"justify\" class=\"style5\">\u201cGracias por rescatar, como civil, estos  ejemplos. Esperamos que en usted, sus compa\u00f1eros y amigos se fortalezca la idea  de que entre los militares existen hombres dignos, valientes y comprometidos.  Que podemos ser hermanos.\u201d<\/p>\n<p>&#13;<\/p>\n<p align=\"justify\" class=\"style5\">Hay razones, pues, para pensar  que esta podredumbre pol\u00edtica, que se recicla cada cuatro a\u00f1os en nuestra  Rep\u00fablica Dominicana, est\u00e1 saturando y hastiando de tal manera a esta sociedad,  que habr\u00e1 de tocar fondo y reventar. Y ojala que esto acontezca lo antes  posible y de la mejor manera. ( La  trascripci\u00f3n de los p\u00e1rrafos entrecomillados no es exacta, pero si muy  aproximada a las expresiones que escuch\u00e9 y grab\u00e9 en mi \u201cdisco duro\u201d con mucha  atenci\u00f3n y mayor admiraci\u00f3n.)<\/p>\n<p>&#13;<\/p>\n<h6> 2007-12-31 23:21:52 <\/h6>\n<p><!--\n<link rel=\"stylesheet\" href=\"css\/bootstrap.min.css\">\n\n\n<ul class=\"pagination\">\n\t    \n\t\n\n<li >\n\t<a href='?page_no=12422'>Previous<\/a>\n\t<\/li>\n\n\n       \n    \n\n<li><a href='?page_no=1'>1<\/a><\/li>\n\n\n\n<li><a href='?page_no=2'>2<\/a><\/li>\n\n\n\n<li><a>...<\/a><\/li>\n\n\n\n<li><a href='?page_no=12421'>12421<\/a><\/li>\n\n\n\n<li><a href='?page_no=12422'>12422<\/a><\/li>\n\n\n\n<li class='active'><a>12423<\/a><\/li>\n\n\n\n<li><a href='?page_no=12424'>12424<\/a><\/li>\n\n\n\n<li><a href='?page_no=12425'>12425<\/a><\/li>\n\n\n\n<li><a>...<\/a><\/li>\n\n\n\n<li><a href='?page_no=13611'>13611<\/a><\/li>\n\n\n\n<li><a href='?page_no=13612'>13612<\/a><\/li>\n\n    \n\t\n\n<li >\n\t<a href='?page_no=12424'>Next<\/a>\n\t<\/li>\n\n\n    \n\n<li><a href='?page_no=13612'>Last &rsaquo;&rsaquo;<\/a><\/li>\n\n<\/ul>\n\n\n--><br \/>\n<\/body><\/p>\n","protected":false},"excerpt":{"rendered":"<p>&#13; Un di\u00e1logo c\u00edvico-militar impensable en otros tiempos&#13; &#13; Por Narciso Isa Conde &#13; En los pasados d\u00edas de Navidad me encontr\u00e9 accidentalmente con un oficial del ej\u00e9rcito a quien conoc\u00ed hace algunos a\u00f1os y me salud\u00f3 con mucho afecto, se\u00f1al\u00e1ndome de inmediato que recientemente hab\u00eda le\u00eddo con mucho inter\u00e9s en un peri\u00f3dico digital uno [&hellip;]<\/p>\n","protected":false},"author":3,"featured_media":0,"comment_status":"open","ping_status":"open","sticky":false,"template":"","format":"standard","meta":{"footnotes":""},"categories":[16],"tags":[],"class_list":["post-36574","post","type-post","status-publish","format-standard","hentry","category-opiniones"],"_links":{"self":[{"href":"https:\/\/diariodominicano.com\/index.php?rest_route=\/wp\/v2\/posts\/36574","targetHints":{"allow":["GET"]}}],"collection":[{"href":"https:\/\/diariodominicano.com\/index.php?rest_route=\/wp\/v2\/posts"}],"about":[{"href":"https:\/\/diariodominicano.com\/index.php?rest_route=\/wp\/v2\/types\/post"}],"author":[{"embeddable":true,"href":"https:\/\/diariodominicano.com\/index.php?rest_route=\/wp\/v2\/users\/3"}],"replies":[{"embeddable":true,"href":"https:\/\/diariodominicano.com\/index.php?rest_route=%2Fwp%2Fv2%2Fcomments&post=36574"}],"version-history":[{"count":0,"href":"https:\/\/diariodominicano.com\/index.php?rest_route=\/wp\/v2\/posts\/36574\/revisions"}],"wp:attachment":[{"href":"https:\/\/diariodominicano.com\/index.php?rest_route=%2Fwp%2Fv2%2Fmedia&parent=36574"}],"wp:term":[{"taxonomy":"category","embeddable":true,"href":"https:\/\/diariodominicano.com\/index.php?rest_route=%2Fwp%2Fv2%2Fcategories&post=36574"},{"taxonomy":"post_tag","embeddable":true,"href":"https:\/\/diariodominicano.com\/index.php?rest_route=%2Fwp%2Fv2%2Ftags&post=36574"}],"curies":[{"name":"wp","href":"https:\/\/api.w.org\/{rel}","templated":true}]}}