{"id":365731,"date":"2022-07-03T00:31:17","date_gmt":"2022-07-03T04:31:17","guid":{"rendered":"http:\/\/diariodominicano.com\/?p=365731"},"modified":"2022-07-03T00:38:06","modified_gmt":"2022-07-03T04:38:06","slug":"gobierno-espanol-de-la-anexion-ordena-fusilar-a-francisco-del-rosario-sanchez-y-a-un-grupo-de-antianexionistas","status":"publish","type":"post","link":"https:\/\/diariodominicano.com\/?p=365731","title":{"rendered":"Gobierno espa\u00f1ol de la Anexi\u00f3n ordena fusilar a Francisco del Rosario S\u00e1nchez y a un grupo de antianexionistas"},"content":{"rendered":"\n<p>\u00a0\u00a0Por H\u00e9ctor Tineo Nolasco<\/p>\n\n\n\n<p>Diariodominicano.com<\/p>\n\n\n\n<p> EL CERCADO, San Juan de la Maguana, el\u00a0 3 de julio 1861, un Consejo de Guerra, encabezado por el general Domingo Lazala, conden\u00f3 a muerte al pr\u00f3cer Francisco del Rosario S\u00e1nchez\u00a0 y a un grupo de patriotas\u00a0 que lo acompa\u00f1aron en una incursi\u00f3n\u00a0 a Rep\u00fablica Dominicana  desde Hait\u00ed para luchar contra la anexi\u00f3n de la Rep\u00fablica Dominicana a Espa\u00f1a.<\/p>\n\n\n\n<p>&nbsp;&nbsp;&nbsp;&nbsp; Con  Francisco del Rosario S\u00e1nchez&nbsp; fueron condenados a la pena capital&nbsp; Juan Erazo, Benigno del Castillo, Francisco (Cefiro) Mart\u00ednez, Jos\u00e9 Antonio Figueroa,&nbsp; Juan Drag\u00f3n, Le\u00f3n Garc\u00eda, Segundo Alc\u00e1ntara, Jos\u00e9 Corpor\u00e1n, Pedro Zorrilla, Jos\u00e9 de Jes\u00fas Paredes y Juan Gregorio Rinc\u00f3n.<\/p>\n\n\n\n<p>&nbsp;&nbsp;&nbsp; &nbsp;&nbsp;&nbsp;&nbsp;&nbsp; Tambi\u00e9n fueron condenados a muerte con el pr\u00f3cer Francisco del Rosario S\u00e1nchez, Rudecindo de Le\u00f3n,&nbsp; Manuel Baldemora,&nbsp; Epifanio Jim\u00e9nez,&nbsp; Romualdo (Tani) Montero, Domingo Pi\u00f1eyro y F\u00e9lix Mota.<\/p>\n\n\n\n<p>&nbsp;&nbsp;&nbsp; &nbsp;&nbsp;&nbsp;&nbsp;&nbsp; Francisco del Rosario S\u00e1nchez hab\u00eda entrado a Rep\u00fablica Dominicana&nbsp; por el valle de San Juan&nbsp; de la Maguana&nbsp; en junio de 1861 para luchar contra la anexi\u00f3n de la Rep\u00fablica a Espa\u00f1a.<\/p>\n\n\n\n<p>&nbsp;&nbsp;&nbsp;&nbsp; &nbsp;&nbsp;&nbsp;&nbsp; S\u00e1nchez fue detenido tras  ser herido el 3 de julio de 1861 al caer en una emboscada en El Cercado, San Juan de la Maguana.<\/p>\n\n\n\n<p>&nbsp;&nbsp;&nbsp;&nbsp; &nbsp;&nbsp;&nbsp;&nbsp; La sentencia del tribunal militar fue ejecutada el d\u00eda 4 de julio de 1861, cuando S\u00e1nchez y sus compa\u00f1eros fueron fusilados en El Cercado.<\/p>\n\n\n\n<p>&nbsp;&nbsp;&nbsp; &nbsp;&nbsp;&nbsp;&nbsp;&nbsp; <strong>La anexi\u00f3n a Espa\u00f1a tan pronto se produjo el 18 de marzo de 1861, provoc\u00f3 un movimiento de protesta en distintas comunidades <\/strong>de Rep\u00fablica Dominicana.<\/p>\n\n\n\n<p>&nbsp;&nbsp;&nbsp; &nbsp;&nbsp;&nbsp;&nbsp;&nbsp; El 2 de mayo el coronel Jos\u00e9 Contreras con un grupo de ciudadanos de Moca, tomaron el cuartel militar de la comunidad, pero luego fueron detenidos y fusilados por las fuerzas militares del Gobierno anexionista.<\/p>\n\n\n\n<p>&nbsp;&nbsp; &nbsp;&nbsp;&nbsp;&nbsp;&nbsp;&nbsp; Los actos de represi\u00f3n no lograron acabar con el movimiento que culmin\u00f3 con el grito de Capotillo, con el que se proclam\u00f3 la Restauraci\u00f3n de la Rep\u00fablica, el 16 de agosto de 1863.<\/p>\n\n\n\n<p>&nbsp;&nbsp;&nbsp; &nbsp;&nbsp;&nbsp;&nbsp;&nbsp; El 10 de julio de 1865&nbsp; se inici\u00f3 la&nbsp; salida de los remanentes militares espa\u00f1oles que permanec\u00edan en el pa\u00eds.<\/p>\n\n\n\n<p>&nbsp;&nbsp;&nbsp; &nbsp;&nbsp;&nbsp;&nbsp;&nbsp; Francisco del Rosario S\u00e1nchez se distingui\u00f3 por su valor y patriotismo. Su sacrificio m\u00e1s que una nota desalentadora, se convirti\u00f3 en una causa para luchar sin tregua contra la Anexi\u00f3n.<\/p>\n","protected":false},"excerpt":{"rendered":"<p>\u00a0\u00a0Por H\u00e9ctor Tineo Nolasco Diariodominicano.com EL CERCADO, San Juan de la Maguana, el\u00a0 3 de julio 1861, un Consejo de Guerra, encabezado por el general Domingo Lazala, conden\u00f3 a muerte al pr\u00f3cer Francisco del Rosario S\u00e1nchez\u00a0 y a un grupo de patriotas\u00a0 que lo acompa\u00f1aron en una incursi\u00f3n\u00a0 a Rep\u00fablica Dominicana desde Hait\u00ed para luchar [&hellip;]<\/p>\n","protected":false},"author":28,"featured_media":266838,"comment_status":"closed","ping_status":"","sticky":true,"template":"","format":"standard","meta":{"footnotes":""},"categories":[26,27],"tags":[],"class_list":["post-365731","post","type-post","status-publish","format-standard","has-post-thumbnail","hentry","category-efemerides","category-portada"],"_links":{"self":[{"href":"https:\/\/diariodominicano.com\/index.php?rest_route=\/wp\/v2\/posts\/365731","targetHints":{"allow":["GET"]}}],"collection":[{"href":"https:\/\/diariodominicano.com\/index.php?rest_route=\/wp\/v2\/posts"}],"about":[{"href":"https:\/\/diariodominicano.com\/index.php?rest_route=\/wp\/v2\/types\/post"}],"author":[{"embeddable":true,"href":"https:\/\/diariodominicano.com\/index.php?rest_route=\/wp\/v2\/users\/28"}],"replies":[{"embeddable":true,"href":"https:\/\/diariodominicano.com\/index.php?rest_route=%2Fwp%2Fv2%2Fcomments&post=365731"}],"version-history":[{"count":7,"href":"https:\/\/diariodominicano.com\/index.php?rest_route=\/wp\/v2\/posts\/365731\/revisions"}],"predecessor-version":[{"id":365740,"href":"https:\/\/diariodominicano.com\/index.php?rest_route=\/wp\/v2\/posts\/365731\/revisions\/365740"}],"wp:featuredmedia":[{"embeddable":true,"href":"https:\/\/diariodominicano.com\/index.php?rest_route=\/wp\/v2\/media\/266838"}],"wp:attachment":[{"href":"https:\/\/diariodominicano.com\/index.php?rest_route=%2Fwp%2Fv2%2Fmedia&parent=365731"}],"wp:term":[{"taxonomy":"category","embeddable":true,"href":"https:\/\/diariodominicano.com\/index.php?rest_route=%2Fwp%2Fv2%2Fcategories&post=365731"},{"taxonomy":"post_tag","embeddable":true,"href":"https:\/\/diariodominicano.com\/index.php?rest_route=%2Fwp%2Fv2%2Ftags&post=365731"}],"curies":[{"name":"wp","href":"https:\/\/api.w.org\/{rel}","templated":true}]}}