{"id":36571,"date":"2008-01-02T05:00:03","date_gmt":"2008-01-02T05:00:03","guid":{"rendered":"http:\/\/diariodominicano.ddns.net\/?p=36571"},"modified":"2008-01-02T05:00:03","modified_gmt":"2008-01-02T05:00:03","slug":"mensaje-de-fidel-al-pueblo-de-cuba","status":"publish","type":"post","link":"https:\/\/diariodominicano.com\/?p=36571","title":{"rendered":"Mensaje de Fidel al pueblo de Cuba"},"content":{"rendered":"<p><body><\/p>\n<p align=\"justify\"><strong class=\"titulogrande1\">Mensaje de Fidel al pueblo de Cuba<\/strong> <br \/>&#13;<br \/>\n  <br \/>&#13;<br \/>\n    <span class=\"text1noticias\">QUERIDOS COMPATRIOTAS: <br \/>&#13;<br \/>\n    <br \/>&#13;<br \/>\n    Dentro de unas horas se  cumplir\u00e1 un aniversario m\u00e1s de aquel bello amanecer, hace 49 a\u00f1os, en que  triunf\u00f3 nuestra Revoluci\u00f3n. <br \/>&#13;<br \/>\n    <br \/>&#13;<br \/>\n    Sobre los restos de la  tiran\u00eda proyanqui seguimos el largo y empinado camino. Gracias al pueblo noble  y abnegado de Cuba, a sus obreros y dem\u00e1s trabajadores manuales e  intelectuales, sus campesinos y estudiantes, hombres y mujeres, ni\u00f1os, ancianos  y ciudadanos de todas las edades, alfabetizados o analfabetos, Cuba fue entonces  por primera vez due\u00f1a de su destino. <br \/>&#13;<br \/>\n    <br \/>&#13;<br \/>\n    Si tengo el raro  privilegio de dirigirme de nuevo a ustedes es porque vieron en este compatriota  una persona que siempre les dijo la verdad.  <br \/>&#13;<br \/>\n    <br \/>&#13;<br \/>\n    No es m\u00e9rito ser honrado  sino deber sagrado. <br \/>&#13;<br \/>\n    <br \/>&#13;<br \/>\n    En el transcurso de la  madrugada habr\u00e1 quedado atr\u00e1s el A\u00f1o 49 de la Revoluci\u00f3n y entraremos  de lleno en el a\u00f1o 50, que simbolizar\u00e1 el medio siglo de resistencia heroica. <br \/>&#13;<br \/>\n    <br \/>&#13;<br \/>\n    Proclamemos al mundo con  orgullo este r\u00e9cord que nos hace acreedores al m\u00e1s justo de los reclamos: que  se respete el derecho a la vida y a la sana alegr\u00eda de nuestra Patria. <br \/>&#13;<br \/>\n    <br \/>&#13;<br \/>\n    Por ese derecho  lucharemos hasta la muerte. Para los cubanos, hace m\u00e1s de un siglo, Mart\u00ed lo  proclam\u00f3: \u00ab\u00a1Patria es humanidad!\u00bb  <br \/>&#13;<br \/>\n    <br \/>&#13;<br \/>\n    Fidel  Castro Ruz <br \/>&#13;<br \/>\n    <br \/>&#13;<br \/>\n    Diciembre  31 de 2007 <br \/>&#13;<br \/>\n    <br \/>&#13;<br \/>\n6  y 10 p.m. <\/span><\/p>\n<p>&#13;<\/p>\n<h6> 2008-01-02 05:00:03 <\/h6>\n<p><!--\n<link rel=\"stylesheet\" href=\"css\/bootstrap.min.css\">\n\n\n<ul class=\"pagination\">\n\t    \n\t\n\n<li >\n\t<a href='?page_no=12419'>Previous<\/a>\n\t<\/li>\n\n\n       \n    \n\n<li><a href='?page_no=1'>1<\/a><\/li>\n\n\n\n<li><a href='?page_no=2'>2<\/a><\/li>\n\n\n\n<li><a>...<\/a><\/li>\n\n\n\n<li><a href='?page_no=12418'>12418<\/a><\/li>\n\n\n\n<li><a href='?page_no=12419'>12419<\/a><\/li>\n\n\n\n<li class='active'><a>12420<\/a><\/li>\n\n\n\n<li><a href='?page_no=12421'>12421<\/a><\/li>\n\n\n\n<li><a href='?page_no=12422'>12422<\/a><\/li>\n\n\n\n<li><a>...<\/a><\/li>\n\n\n\n<li><a href='?page_no=13611'>13611<\/a><\/li>\n\n\n\n<li><a href='?page_no=13612'>13612<\/a><\/li>\n\n    \n\t\n\n<li >\n\t<a href='?page_no=12421'>Next<\/a>\n\t<\/li>\n\n\n    \n\n<li><a href='?page_no=13612'>Last &rsaquo;&rsaquo;<\/a><\/li>\n\n<\/ul>\n\n\n--><br \/>\n<\/body><\/p>\n","protected":false},"excerpt":{"rendered":"<p>Mensaje de Fidel al pueblo de Cuba &#13; &#13; QUERIDOS COMPATRIOTAS: &#13; &#13; Dentro de unas horas se cumplir\u00e1 un aniversario m\u00e1s de aquel bello amanecer, hace 49 a\u00f1os, en que triunf\u00f3 nuestra Revoluci\u00f3n. &#13; &#13; Sobre los restos de la tiran\u00eda proyanqui seguimos el largo y empinado camino. Gracias al pueblo noble y abnegado [&hellip;]<\/p>\n","protected":false},"author":3,"featured_media":0,"comment_status":"open","ping_status":"open","sticky":false,"template":"","format":"standard","meta":{"footnotes":""},"categories":[16],"tags":[],"class_list":["post-36571","post","type-post","status-publish","format-standard","hentry","category-opiniones"],"_links":{"self":[{"href":"https:\/\/diariodominicano.com\/index.php?rest_route=\/wp\/v2\/posts\/36571","targetHints":{"allow":["GET"]}}],"collection":[{"href":"https:\/\/diariodominicano.com\/index.php?rest_route=\/wp\/v2\/posts"}],"about":[{"href":"https:\/\/diariodominicano.com\/index.php?rest_route=\/wp\/v2\/types\/post"}],"author":[{"embeddable":true,"href":"https:\/\/diariodominicano.com\/index.php?rest_route=\/wp\/v2\/users\/3"}],"replies":[{"embeddable":true,"href":"https:\/\/diariodominicano.com\/index.php?rest_route=%2Fwp%2Fv2%2Fcomments&post=36571"}],"version-history":[{"count":0,"href":"https:\/\/diariodominicano.com\/index.php?rest_route=\/wp\/v2\/posts\/36571\/revisions"}],"wp:attachment":[{"href":"https:\/\/diariodominicano.com\/index.php?rest_route=%2Fwp%2Fv2%2Fmedia&parent=36571"}],"wp:term":[{"taxonomy":"category","embeddable":true,"href":"https:\/\/diariodominicano.com\/index.php?rest_route=%2Fwp%2Fv2%2Fcategories&post=36571"},{"taxonomy":"post_tag","embeddable":true,"href":"https:\/\/diariodominicano.com\/index.php?rest_route=%2Fwp%2Fv2%2Ftags&post=36571"}],"curies":[{"name":"wp","href":"https:\/\/api.w.org\/{rel}","templated":true}]}}