{"id":36568,"date":"2008-01-02T19:43:27","date_gmt":"2008-01-02T19:43:27","guid":{"rendered":"http:\/\/diariodominicano.ddns.net\/?p=36568"},"modified":"2008-01-02T19:43:27","modified_gmt":"2008-01-02T19:43:27","slug":"pena-gomez-y-miguel-vargas-origenes-y-crecimiento","status":"publish","type":"post","link":"https:\/\/diariodominicano.com\/?p=36568","title":{"rendered":"Pe\u00f1a G\u00f3mez y Miguel Vargas: Or\u00edgenes y Crecimiento"},"content":{"rendered":"<p><body><\/p>\n<p class=\"titulogrande1\"><strong>Pe\u00f1a G\u00f3mez y Miguel Vargas: Or\u00edgenes y Crecimiento<\/strong><\/p>\n<p>&#13;<\/p>\n<p align=\"justify\" class=\"text1noticias\"><img loading=\"lazy\" decoding=\"async\" src=\"http:\/\/10.0.0.82:8080\/pictures\/evelio arroyo.jpg\" width=\"269\" height=\"333\" hspace=\"4\" align=\"left\" \/>Cuando observamos los or\u00edgenes y trayectoria\u00a0 del Dr. Pe\u00f1a G\u00f3mez, encontramos que este  tiene unos or\u00edgenes muy humildes. Sabemos tambi\u00e9n que este fue protegido por  una familia de clase media, que le permiti\u00f3, en sus primeros a\u00f1os,  desarrollarse para ir integr\u00e1ndose\u00a0 a la  sociedad dominicana, que lo vio crecer, desde la nada, hasta convertirse en un l\u00edder  de masas y optar por la primera magistratura de la naci\u00f3n. Cuando observamos  que una persona de or\u00edgenes humildes como el doctor Pe\u00f1a G\u00f3mez alcanza la  jerarqu\u00eda pol\u00edtica que alcanz\u00f3, establecemos que fue un gran triunfador.<\/p>\n<p>&#13;<\/p>\n<p align=\"justify\" class=\"text1noticias\">En lo que concierne al Ing. Miguel  Vargas\u00a0 hemos visto que ha sido un  empresario y gerente exitoso, que ha venido desde las posiciones m\u00e1s humildes,  como empleado, para convertirse en el gran empresario que es en la actualidad.  Sus adversarios pol\u00edticos, que no han encontrado ning\u00fan argumento para  invalidarlos han tratado \u00a0de  antagonizarlo\u00a0 diciendo que ir\u00e1 al  gobierno a hacer negocios por que \u00e9ste es\u00a0  empresario. <br \/>&#13;<br \/>\n  <br \/>&#13;<br \/>\nNada m\u00e1s falso y d\u00e9bil que ese argumento.<\/p>\n<p>&#13;<\/p>\n<p align=\"justify\" class=\"text1noticias\">La falsedad de ese se\u00f1alamiento se debe a  que el \u00e9xito empresarial de Miguel Vargas no es fruto de la apropiaci\u00f3n il\u00edcita  de recursos, como ha ocurrido con muchos del actual grupo gobernante. El  patrimonio empresarial de Miguel Vargas es fruto de su esfuerzo personal y  empresarial de m\u00e1s de 30 a\u00f1os.<\/p>\n<p>&#13;<\/p>\n<p align=\"justify\" class=\"text1noticias\">En lo que concierne a los or\u00edgenes del  Ing. Miguel Vargas, sabemos que proviene de un sector pobre como es el barrio  San Carlos y que estudi\u00f3 en el Colegio Don Bosco. Sabemos, adem\u00e1s, que su  carrera de Ingenier\u00eda Civil la curs\u00f3, becado, en una Universidad de Puerto  Rico. Por eso en vez de tratar de estigmatizarlo, como empresario, \u00e9l debe ser  un ejemplo a seguir, por los j\u00f3venes que desean, en base a sus sacrificios y  esfuerzos, destacarse y crecer en el seno de la sociedad y de sus familias.<\/p>\n<p>&#13;<\/p>\n<p align=\"justify\" class=\"text1noticias\">Siempre se ha dicho que al \u00e1rbol que da  fruto es al que se le tira piedra. Un hombre, de origen humilde, como el Ing.  Vargas es un triunfador, ya que viniendo de un barrio pobre,\u00a0 como San Carlo, ha podido\u00a0 crecer y labrarse la jerarqu\u00eda empresarial y pol\u00edtica  que en la actualidad ocupa como candidato presidencial.<\/p>\n<p>&#13;<\/p>\n<p align=\"justify\" class=\"text1noticias\">Si tomamos en cuenta los or\u00edgenes \u00a0y crecimiento del Dr. Pe\u00f1a G\u00f3mez y del Ing.  Miguel Vargas vemos que ambos vienen de sectores pobres y los dos son  abanderados de que\u00a0 las riquezas  nacionales deben beneficiar a la mayor\u00eda del pueblo dominicano. Por eso, en el  pasado el doctor Pe\u00f1a G\u00f3mez dec\u00eda primero la gente y hoy el Ing. Vargas como  disc\u00edpulo aventajado de su l\u00edder espera encabezar el gobierno a partir del 16  de Agosto para poner en practica la consigna; Primero la Gente.<\/p>\n<p>&#13;<\/p>\n<p align=\"justify\" class=\"text1noticias\">El Dr. Evelio  Arroyo es Soci\u00f3logo, Abogado y Escritor. Es, adem\u00e1s, Director Nacional de  Comunicaciones y Estrategias del Movimiento en L\u00ednea con Miguel, que preside el  Dr. Francisco Fern\u00e1ndez.<\/p>\n<p>&#13;<\/p>\n<h6> 2008-01-02 19:43:27 <\/h6>\n<p><!--\n<link rel=\"stylesheet\" href=\"css\/bootstrap.min.css\">\n\n\n<ul class=\"pagination\">\n\t    \n\t\n\n<li >\n\t<a href='?page_no=12417'>Previous<\/a>\n\t<\/li>\n\n\n       \n    \n\n<li><a href='?page_no=1'>1<\/a><\/li>\n\n\n\n<li><a href='?page_no=2'>2<\/a><\/li>\n\n\n\n<li><a>...<\/a><\/li>\n\n\n\n<li><a href='?page_no=12416'>12416<\/a><\/li>\n\n\n\n<li><a href='?page_no=12417'>12417<\/a><\/li>\n\n\n\n<li class='active'><a>12418<\/a><\/li>\n\n\n\n<li><a href='?page_no=12419'>12419<\/a><\/li>\n\n\n\n<li><a href='?page_no=12420'>12420<\/a><\/li>\n\n\n\n<li><a>...<\/a><\/li>\n\n\n\n<li><a href='?page_no=13611'>13611<\/a><\/li>\n\n\n\n<li><a href='?page_no=13612'>13612<\/a><\/li>\n\n    \n\t\n\n<li >\n\t<a href='?page_no=12419'>Next<\/a>\n\t<\/li>\n\n\n    \n\n<li><a href='?page_no=13612'>Last &rsaquo;&rsaquo;<\/a><\/li>\n\n<\/ul>\n\n\n--><br \/>\n<\/body><\/p>\n","protected":false},"excerpt":{"rendered":"<p>Pe\u00f1a G\u00f3mez y Miguel Vargas: Or\u00edgenes y Crecimiento &#13; Cuando observamos los or\u00edgenes y trayectoria\u00a0 del Dr. Pe\u00f1a G\u00f3mez, encontramos que este tiene unos or\u00edgenes muy humildes. Sabemos tambi\u00e9n que este fue protegido por una familia de clase media, que le permiti\u00f3, en sus primeros a\u00f1os, desarrollarse para ir integr\u00e1ndose\u00a0 a la sociedad dominicana, que [&hellip;]<\/p>\n","protected":false},"author":3,"featured_media":0,"comment_status":"open","ping_status":"open","sticky":false,"template":"","format":"standard","meta":{"footnotes":""},"categories":[16],"tags":[],"class_list":["post-36568","post","type-post","status-publish","format-standard","hentry","category-opiniones"],"_links":{"self":[{"href":"https:\/\/diariodominicano.com\/index.php?rest_route=\/wp\/v2\/posts\/36568","targetHints":{"allow":["GET"]}}],"collection":[{"href":"https:\/\/diariodominicano.com\/index.php?rest_route=\/wp\/v2\/posts"}],"about":[{"href":"https:\/\/diariodominicano.com\/index.php?rest_route=\/wp\/v2\/types\/post"}],"author":[{"embeddable":true,"href":"https:\/\/diariodominicano.com\/index.php?rest_route=\/wp\/v2\/users\/3"}],"replies":[{"embeddable":true,"href":"https:\/\/diariodominicano.com\/index.php?rest_route=%2Fwp%2Fv2%2Fcomments&post=36568"}],"version-history":[{"count":0,"href":"https:\/\/diariodominicano.com\/index.php?rest_route=\/wp\/v2\/posts\/36568\/revisions"}],"wp:attachment":[{"href":"https:\/\/diariodominicano.com\/index.php?rest_route=%2Fwp%2Fv2%2Fmedia&parent=36568"}],"wp:term":[{"taxonomy":"category","embeddable":true,"href":"https:\/\/diariodominicano.com\/index.php?rest_route=%2Fwp%2Fv2%2Fcategories&post=36568"},{"taxonomy":"post_tag","embeddable":true,"href":"https:\/\/diariodominicano.com\/index.php?rest_route=%2Fwp%2Fv2%2Ftags&post=36568"}],"curies":[{"name":"wp","href":"https:\/\/api.w.org\/{rel}","templated":true}]}}