{"id":36566,"date":"2008-01-04T04:29:56","date_gmt":"2008-01-04T04:29:56","guid":{"rendered":"http:\/\/diariodominicano.ddns.net\/?p=36566"},"modified":"2008-01-04T04:29:56","modified_gmt":"2008-01-04T04:29:56","slug":"miguel-vargas-y-la-presente-coyuntura-politico-electoral","status":"publish","type":"post","link":"https:\/\/diariodominicano.com\/?p=36566","title":{"rendered":"Miguel Vargas y la Presente Coyuntura Pol\u00edtico Electoral"},"content":{"rendered":"<p><body><\/p>\n<p class=\"titulogrande1\">Miguel Vargas y la Presente Coyuntura  Pol\u00edtico Electoral <\/p>\n<p>&#13;<\/p>\n<p align=\"justify\" class=\"text1noticias\"><img loading=\"lazy\" decoding=\"async\" src=\"http:\/\/10.0.0.82:8080\/pictures\/evelio arroyo.jpg\" width=\"269\" height=\"333\" hspace=\"4\" align=\"left\" \/>Al comenzar este a\u00f1o 2008 la candidatura  del Ing. Miguel Vargas tiene un posicionamiento electoral que supera\u00a0 el 7% en todo el territorio nacional a la  reelecci\u00f3n. Sin embargo, aunque la ventaja electoral es c\u00f3moda, no por ello se  debe desmayar en el trabajo pol\u00edtico y electoral\u00a0 que se viene desarrollando, porque se \u00e9sta  compitiendo con un candidato que esta en el gobierno. <br \/>&#13;<br \/>\n  <br \/>&#13;<br \/>\nSobre todo que debemos  tener muy presente que la reelecci\u00f3n afirma que gana como quiera. <\/p>\n<p>&#13;<\/p>\n<p align=\"justify\" class=\"text1noticias\">Esa afirmaci\u00f3n en boca de funcionarios  del gobierno es comprensible, ya que todos sabemos la embriaguez que producen  las mieles del poder; sin embargo esa afirmaci\u00f3n no resume una actitud  inteligente, ya que el momento electoral que vive el pa\u00eds es de mucha  competencia y ganar\u00e1 el candidato que re\u00fana el voto de la mayor\u00eda. Por eso en  las elecciones venideras el candadito que concite mayor apoyo de la gente ser\u00e1  el ganador; lo dem\u00e1s son puras pamplinas.\u00a0 <\/p>\n<p>&#13;<\/p>\n<p align=\"justify\" class=\"text1noticias\">La coyuntura electoral presente refleja  que aun sin la velocidad que debe alcanzar la competencia electoral, Miguel  Vargas tiene una posici\u00f3n ventajosa sobre la reelecci\u00f3n, \u00e9sta ventaja electoral  se ver\u00e1 aumentada en los pr\u00f3ximos meses, por el hecho de que la intensificaci\u00f3n  de la campa\u00f1a electoral despertar\u00e1 los sentimientos dormidos de muchos dominicanos,  que todav\u00eda no conocen la realidad electoral ventajosa del Miguel Vargas.<\/p>\n<p>&#13;<\/p>\n<p align=\"justify\" class=\"text1noticias\">El doctor Pe\u00f1a G\u00f3mez acu\u00f1\u00f3 la frase de  que s\u00f3lo el PRD vence al perrede y argumentaba esa afirmaci\u00f3n diciendo que  cuando el PRD se\u00a0 sent\u00eda motivado para el  trabajo pol\u00edtico era igual que aquellos elefantes dormidos cuando se  despiertan. En este aspecto, debemos establecer que aunque la ventaja del Ing.  Vargas es amplia, la misma debe continuar ampli\u00e1ndose y eso se logra motivando  y entusiasmando a muchos dominicanos y dominicanas que todav\u00eda no han  tomado\u00a0 una decisi\u00f3n con relaci\u00f3n a su  voto. La presencia masiva\u00a0 de quienes  respaldamos la candidatura presidencial del Ing. Vargas en actividades  electorales promocionales y la presencia con marchas, calentamientos \u00a0y bandereos en las calles va venir a demostrar  que la realidad electoral que vive el pa\u00eds\u00a0  no es como la pinta el gobierno y sus encuestas.<\/p>\n<p>&#13;<\/p>\n<p align=\"justify\" class=\"text1noticias\">Una l\u00ednea de masas motivacional a las  dominicanas y dominicanos indecisos viene a ampliar el crecimiento que  experimenta la candidatura de Miguel Vargas y es una garant\u00eda para que las  cifras electorales\u00a0 arrojen los  resultados que estamos esperando en primera vuelta.<\/p>\n<p>&#13;<\/p>\n<p align=\"justify\" class=\"text1noticias\">El trabajo pol\u00edtico electoral debe  intensificarse y ya iremos viendo que el le\u00f3n no es tan bravo como se pinta, ya  que no hay un le\u00f3n m\u00e1s bravo que el hambre que esta devorando los est\u00f3magos de  la mayor\u00eda del pa\u00eds. A esa gente debemos decirles y demostrarles con una l\u00ednea  de masas, que hay una esperanza \u00a0y que  esa esperanza est\u00e1 garantizada con su voto mayoritario a favor de Miguel Vargas.  Ese voto mayoritario de la gente ser\u00e1 la garant\u00eda para poner fin a la demagogia  y a la improvisaci\u00f3n desde el Estado.<\/p>\n<p>&#13;<\/p>\n<p align=\"justify\" class=\"text1noticias\">El Dr. Evelio  Arroyo es Soci\u00f3logo, Abogado y Escritor. Es, adem\u00e1s, el Director Nacional de  Comunicaciones y Estrategias del Movimiento en L\u00ednea con Miguel, que preside el  Dr. Francisco Fern\u00e1ndez. .<\/p>\n<p>&#13;<\/p>\n<h6> 2008-01-04 04:29:56 <\/h6>\n<p><!--\n<link rel=\"stylesheet\" href=\"css\/bootstrap.min.css\">\n\n\n<ul class=\"pagination\">\n\t    \n\t\n\n<li >\n\t<a href='?page_no=12415'>Previous<\/a>\n\t<\/li>\n\n\n       \n    \n\n<li><a href='?page_no=1'>1<\/a><\/li>\n\n\n\n<li><a href='?page_no=2'>2<\/a><\/li>\n\n\n\n<li><a>...<\/a><\/li>\n\n\n\n<li><a href='?page_no=12414'>12414<\/a><\/li>\n\n\n\n<li><a href='?page_no=12415'>12415<\/a><\/li>\n\n\n\n<li class='active'><a>12416<\/a><\/li>\n\n\n\n<li><a href='?page_no=12417'>12417<\/a><\/li>\n\n\n\n<li><a href='?page_no=12418'>12418<\/a><\/li>\n\n\n\n<li><a>...<\/a><\/li>\n\n\n\n<li><a href='?page_no=13611'>13611<\/a><\/li>\n\n\n\n<li><a href='?page_no=13612'>13612<\/a><\/li>\n\n    \n\t\n\n<li >\n\t<a href='?page_no=12417'>Next<\/a>\n\t<\/li>\n\n\n    \n\n<li><a href='?page_no=13612'>Last &rsaquo;&rsaquo;<\/a><\/li>\n\n<\/ul>\n\n\n--><br \/>\n<\/body><\/p>\n","protected":false},"excerpt":{"rendered":"<p>Miguel Vargas y la Presente Coyuntura Pol\u00edtico Electoral &#13; Al comenzar este a\u00f1o 2008 la candidatura del Ing. Miguel Vargas tiene un posicionamiento electoral que supera\u00a0 el 7% en todo el territorio nacional a la reelecci\u00f3n. Sin embargo, aunque la ventaja electoral es c\u00f3moda, no por ello se debe desmayar en el trabajo pol\u00edtico y [&hellip;]<\/p>\n","protected":false},"author":3,"featured_media":0,"comment_status":"open","ping_status":"open","sticky":false,"template":"","format":"standard","meta":{"footnotes":""},"categories":[16],"tags":[],"class_list":["post-36566","post","type-post","status-publish","format-standard","hentry","category-opiniones"],"_links":{"self":[{"href":"https:\/\/diariodominicano.com\/index.php?rest_route=\/wp\/v2\/posts\/36566","targetHints":{"allow":["GET"]}}],"collection":[{"href":"https:\/\/diariodominicano.com\/index.php?rest_route=\/wp\/v2\/posts"}],"about":[{"href":"https:\/\/diariodominicano.com\/index.php?rest_route=\/wp\/v2\/types\/post"}],"author":[{"embeddable":true,"href":"https:\/\/diariodominicano.com\/index.php?rest_route=\/wp\/v2\/users\/3"}],"replies":[{"embeddable":true,"href":"https:\/\/diariodominicano.com\/index.php?rest_route=%2Fwp%2Fv2%2Fcomments&post=36566"}],"version-history":[{"count":0,"href":"https:\/\/diariodominicano.com\/index.php?rest_route=\/wp\/v2\/posts\/36566\/revisions"}],"wp:attachment":[{"href":"https:\/\/diariodominicano.com\/index.php?rest_route=%2Fwp%2Fv2%2Fmedia&parent=36566"}],"wp:term":[{"taxonomy":"category","embeddable":true,"href":"https:\/\/diariodominicano.com\/index.php?rest_route=%2Fwp%2Fv2%2Fcategories&post=36566"},{"taxonomy":"post_tag","embeddable":true,"href":"https:\/\/diariodominicano.com\/index.php?rest_route=%2Fwp%2Fv2%2Ftags&post=36566"}],"curies":[{"name":"wp","href":"https:\/\/api.w.org\/{rel}","templated":true}]}}