{"id":36564,"date":"2008-01-04T16:19:22","date_gmt":"2008-01-04T16:19:22","guid":{"rendered":"http:\/\/diariodominicano.ddns.net\/?p=36564"},"modified":"2008-01-04T16:19:22","modified_gmt":"2008-01-04T16:19:22","slug":"soldaditos-motocicletas-y-lap-tops","status":"publish","type":"post","link":"https:\/\/diariodominicano.com\/?p=36564","title":{"rendered":"Soldaditos, Motocicletas y Lap-tops"},"content":{"rendered":"<p><body><\/p>\n<p align=\"center\" class=\"titulogrande1\"><strong>Soldaditos,  Motocicletas y Lap-tops <\/strong><\/p>\n<p>&#13;<\/p>\n<p align=\"center\"><strong>Por<\/strong><span class=\"textogrande\"> Narciso Isa Conde<\/span><\/p>\n<p>&#13;<\/p>\n<p align=\"justify\" class=\"text1noticias\">Muchas veces los(as) civiles no  alcanzamos a ver lo que pasa en el mundo militar, en el d\u00eda a d\u00eda de los  alistados y oficiales de las Fuerzas Armadas. Al interior de esas instituciones  y en cada una de sus dependencias.<\/p>\n<p>&#13;<\/p>\n<p align=\"justify\" class=\"text1noticias\">Ha sido tan intensa y prolongada  la separaci\u00f3n forzada entre el pueblo civil y los militares y polic\u00edas, que  casi siempre nos inclinamos a pensar que el empobrecimiento creciente es una  realidad que solo afecta a los(as) civiles.<\/p>\n<p>&#13;<\/p>\n<p align=\"justify\" class=\"text1noticias\">\u00a1Como si este fen\u00f3meno provocado  por la clase dominante-gobernante tuviera fronteras de ese tipo!<\/p>\n<p>&#13;<\/p>\n<p align=\"justify\" class=\"text1noticias\"><strong>Percepciones superficiales<\/strong><\/p>\n<p>&#13;<\/p>\n<p align=\"justify\" class=\"text1noticias\">Al militar o al polic\u00eda lo vemos  ajeno a su vida familiar, vestido en forma regular y solo en su condici\u00f3n de empleado  p\u00fablico para funciones represivas.<\/p>\n<p>&#13;<\/p>\n<p align=\"justify\" class=\"text1noticias\">Pensamos, adem\u00e1s, que la  corrupci\u00f3n institucionalizada es de tal dimensi\u00f3n que permite que sus  beneficios lleguen a todos sus integrantes; m\u00e1s en el caso de la polic\u00eda, pero  tambien en la \u201cguardia\u201d, donde se dice impera desde arriba la corruptela o \u201ccogioca\u201d,  aunque no tan descarada.<\/p>\n<p>&#13;<\/p>\n<p align=\"justify\" class=\"text1noticias\">No alcanzamos a penetrar m\u00e1s all\u00e1  de esas apariencias y percepciones superficiales.<\/p>\n<p>&#13;<\/p>\n<p align=\"justify\" class=\"text1noticias\">No logramos captar a profundidad  que el proceso de conformaci\u00f3n y ensanchamiento de la pobreza dominicana es un  fen\u00f3meno general, que si bien tiene vol\u00famenes impresionantes en la sociedad  civil, impacta dram\u00e1ticamente tambien lo cuerpos armados de la naci\u00f3n desde los  mismos intereses y actores dominantes<\/p>\n<p>&#13;<\/p>\n<p align=\"justify\" class=\"text1noticias\"><strong>Expresiones del empobrecimiento militar<\/strong><\/p>\n<p>&#13;<\/p>\n<p align=\"justify\" class=\"text1noticias\">La verdad en el caso de las  Fuerzas Armadas es que la parte de su membres\u00eda que se beneficia de la  corrupci\u00f3n instrumentada por los altos oficiales que act\u00faan como cancerberos y  socios de la partidocracia y de la oligarqu\u00eda empresarial inescrupulosa, es una  minor\u00eda de escasa significaci\u00f3n en comparaci\u00f3n con los excluidos del sistema de  privilegios y de los mecanismos de corrupci\u00f3n.<\/p>\n<p>&#13;<\/p>\n<p align=\"justify\" class=\"text1noticias\">Los jefes de las Fuerzas Armadas  invierten en la comida suministrada a sus miembros (el tristemente famoso  \u201cchao\u201d de los \u201cguardias\u201d) apenas trece pesos al d\u00eda.<\/p>\n<p>&#13;<\/p>\n<p align=\"justify\" class=\"text1noticias\">Los presupuestos se aprueban y  muy raras veces se contemplan aumentos salariales para los militares y  polic\u00edas, a pesar de que el poder de compra del sueldito que reciben se reduce  progresivamente. Esto, por ejemplo, est\u00e1 pasando ahora con el presupuesto del  2008.<\/p>\n<p>&#13;<\/p>\n<p align=\"justify\" class=\"text1noticias\">El pluriempleo, tan socorrido en  la vida civil, tiene escasa posibilidad en el quehacer militar, salvo en los  casos de los oficiales, clases y rasos que forman parte del entorno de la  claque corrompida y corruptora aliada a la partidocracia y a ciertos  empresarios inescrupulosos. Estos cobran el sueldo normal y tambien sirven por  necesidad a los intereses se\u00f1alados y reciben a cambio sueldos extras o ciertas  migajas de la corruptela c\u00edvico-militar.<\/p>\n<p>&#13;<\/p>\n<p align=\"justify\" class=\"text1noticias\">La oportunidad de \u201cmacuteo\u201d es  adem\u00e1s m\u00e1s reducida en las FFAA que en la P.N., pero incluso en esta \u00faltima instituci\u00f3n es  poco lo que de ella llega a los \u201cchiquitos\u201d y a los oficiales que no forman  parte del cohollo policial y su entorno.<\/p>\n<p>&#13;<\/p>\n<p align=\"justify\" class=\"text1noticias\"><strong>El negocio de las motos y las Lap-tops<\/strong><\/p>\n<p>&#13;<\/p>\n<p align=\"justify\" class=\"text1noticias\">La asociaci\u00f3n entre la  oficialidad corrompida y los empresarios suplidores de esos cuerpos es tan  perversa que est\u00e1 siendo usada para extorsionar econ\u00f3micamente a soldados y  oficiales a trav\u00e9s de nuevas ofertas consumistas.<\/p>\n<p>&#13;<\/p>\n<p align=\"justify\" class=\"text1noticias\"><strong>Por ejemplo, en los \u00faltimos a\u00f1os ha crecido extraordinariamente al  interior de las FFAA la venta a cr\u00e9dito de computadoras \u201cLap-Tops\u201d y de  motocicletas.<\/strong> <\/p>\n<p>&#13;<\/p>\n<p align=\"justify\" class=\"text1noticias\"><strong>Una parte de los jerarcas de esos cuerpos militares, combinados con  ciertos empresarios chupa-sangre, promueven e instrumentan institucionalmente  esas ofertas. <\/strong><\/p>\n<p>&#13;<\/p>\n<p align=\"justify\" class=\"text1noticias\"><strong>Los oficiales subalternos y los alistados, cada vez m\u00e1s empobrecidos,  la ven como una oportunidad para obtener ingresos extras inmediatos:  compr\u00e1ndola a plazo (comprometiendo parte de sus sueldos en las cuotas  mensuales) y vendi\u00e9ndola de inmediato.<\/strong><\/p>\n<p>&#13;<\/p>\n<p align=\"justify\" class=\"text1noticias\">La desesperaci\u00f3n los lleva a la  trampa y se cuentan por centenares y por miles los alistados que vendieron sus <strong>lap-tops<\/strong> y sus motocicletas para pagar  deudas y cubrir necesidades imperiosas y ahora se encuentran con que como  sueldo reciben un cheque mensual de a penas dos mil pesos (2,000 pesos).<\/p>\n<p>&#13;<\/p>\n<p align=\"justify\" class=\"text1noticias\">El cuadro es realmente pat\u00e9tico,  a pesar de que pronto veremos publicitar estad\u00edsticas que habr\u00e1n de mostrar lo  bien dotados de computadoras port\u00e1tiles y lo bien motorizados que est\u00e1n  nuestros soldados y polic\u00edas, a nivel de los pa\u00edses de alto desarrollo, casi  bordeando la \u201c<strong>pos-modernidad<\/strong>\u201d y la \u201c<strong>sociedad del conocimiento<\/strong>\u201d. \u00a1Gracias a  las sabias pol\u00edticas del Presidente y la Primera Dama!<\/p>\n<p>&#13;<\/p>\n<p align=\"justify\" class=\"text1noticias\"><strong>Patrullaje con est\u00f3mago vac\u00edo<\/strong><\/p>\n<p>&#13;<\/p>\n<p align=\"justify\" class=\"text1noticias\">Y son esos mismos militares y  polic\u00edas empobrecidos los que en periodos especiales (como los de Navidad, A\u00f1o  Nuevo, Reyes, Semana Santa, Carnaval, protestas huelgas\u2026) est\u00e1n obligados a  patrullar las calles y barrios a pie, a pesar de que ahora las FFAA y la P.N. cuentan con una buena  dotaci\u00f3n de veh\u00edculos y a pesar de que ese m\u00e9todo ha sido descartado por las  unidades militares y\/o policiales modernas.<\/p>\n<p>&#13;<\/p>\n<p align=\"justify\" class=\"text1noticias\">Patrullan a pie y no reciben ninguna  raci\u00f3n de agua o comida. Dependen de lo que el pueblo generoso pueda regalarle.<\/p>\n<p>&#13;<\/p>\n<p align=\"justify\" class=\"text1noticias\"><strong>Humillaci\u00f3n, desprecio.<\/strong><\/p>\n<p>&#13;<\/p>\n<p align=\"justify\" class=\"text1noticias\">A la pobreza se le suma la  humillaci\u00f3n, porque tambien ellos cargan sobre sus espaldas con el descr\u00e9dito  de sus jefes que son la cara expresiva de sus instituciones.<\/p>\n<p>&#13;<\/p>\n<p align=\"justify\" class=\"text1noticias\">As\u00ed el empobrecimiento es doble:  material y espiritual.<\/p>\n<p>&#13;<\/p>\n<p align=\"justify\" class=\"text1noticias\">Se sacrifican, muchas veces por  causas injustas, y adem\u00e1s no se sienten estimados ni queridos, m\u00e1s bien  rechazados.<\/p>\n<p>&#13;<\/p>\n<p align=\"justify\" class=\"text1noticias\">Y si se enferman, la pasan tan  mal como cualquier marginado(a) de la sociedad civil.<\/p>\n<p>&#13;<\/p>\n<p align=\"justify\" class=\"text1noticias\">Su ARS (Administradora de Riesgo  de Salud) ha sido estafada. Unos 155 millones fueron manejados para provecho de  algunos y no hay quien castigue a los culpables. El CONEP, la oligarqu\u00eda  capitalista, se resiste a que los militares de jefes sean incluidos en el  seguro familiar de salud y el gobierno cede a esa presi\u00f3n.<\/p>\n<p>&#13;<\/p>\n<p align=\"justify\" class=\"text1noticias\">Y adem\u00e1s de todo esto su profesi\u00f3n  queda anulada tan pronto son \u201c<strong>puesto en  retiro<\/strong>\u201d. Toda una carrera, una profesi\u00f3n, casi una vida, es menospreciada  de sopet\u00f3n.<\/p>\n<p>&#13;<\/p>\n<p align=\"justify\" class=\"text1noticias\"><strong>Reflexi\u00f3n obligada<\/strong><\/p>\n<p>&#13;<\/p>\n<p align=\"justify\" class=\"text1noticias\">Estas expresiones del cuadro real  de nuestros militares son como para poner este tema en uno de los cap\u00edtulos  importantes del debate nacional.<\/p>\n<p>&#13;<\/p>\n<p align=\"justify\" class=\"text1noticias\">Lleg\u00f3 la hora de quitarle su  car\u00e1cter invisible y de meditar sobre sus causas y sus consecuencias.<\/p>\n<p>&#13;<\/p>\n<p align=\"justify\" class=\"text1noticias\">Lleg\u00f3 la hora de relacionar  estrechamente el empobrecimiento civil y el empobrecimiento militar; en una era  -la era neoliberal- que ha convertido a ciudadanos(a), uniformados o no, en  simples clientes y cuyas formas de gesti\u00f3n pol\u00edtica lo corrompe y lo  comercializa todo, absolutamente todo.<\/p>\n<p>&#13;<\/p>\n<p align=\"justify\" class=\"text1noticias\">Y sobre todo es hora de pensar  seriamente en una alianza c\u00edvico-militar (como la que forjaron Caama\u00f1o,  Fern\u00e1ndez Dom\u00ednguez, Torrijos, Velasco Alvarado y Juan Jos\u00e9 Torres en su \u00e9poca  y como la que representa Ch\u00e1vez en el presente) capaz de ponerle fin a esta  din\u00e1mica perversa.<\/p>\n<p>&#13;<\/p>\n<h6> 2008-01-04 16:19:22 <\/h6>\n<p><!--\n<link rel=\"stylesheet\" href=\"css\/bootstrap.min.css\">\n\n\n<ul class=\"pagination\">\n\t    \n\t\n\n<li >\n\t<a href='?page_no=12413'>Previous<\/a>\n\t<\/li>\n\n\n       \n    \n\n<li><a href='?page_no=1'>1<\/a><\/li>\n\n\n\n<li><a href='?page_no=2'>2<\/a><\/li>\n\n\n\n<li><a>...<\/a><\/li>\n\n\n\n<li><a href='?page_no=12412'>12412<\/a><\/li>\n\n\n\n<li><a href='?page_no=12413'>12413<\/a><\/li>\n\n\n\n<li class='active'><a>12414<\/a><\/li>\n\n\n\n<li><a href='?page_no=12415'>12415<\/a><\/li>\n\n\n\n<li><a href='?page_no=12416'>12416<\/a><\/li>\n\n\n\n<li><a>...<\/a><\/li>\n\n\n\n<li><a href='?page_no=13611'>13611<\/a><\/li>\n\n\n\n<li><a href='?page_no=13612'>13612<\/a><\/li>\n\n    \n\t\n\n<li >\n\t<a href='?page_no=12415'>Next<\/a>\n\t<\/li>\n\n\n    \n\n<li><a href='?page_no=13612'>Last &rsaquo;&rsaquo;<\/a><\/li>\n\n<\/ul>\n\n\n--><br \/>\n<\/body><\/p>\n","protected":false},"excerpt":{"rendered":"<p>Soldaditos, Motocicletas y Lap-tops &#13; Por Narciso Isa Conde &#13; Muchas veces los(as) civiles no alcanzamos a ver lo que pasa en el mundo militar, en el d\u00eda a d\u00eda de los alistados y oficiales de las Fuerzas Armadas. Al interior de esas instituciones y en cada una de sus dependencias. &#13; Ha sido tan [&hellip;]<\/p>\n","protected":false},"author":3,"featured_media":0,"comment_status":"open","ping_status":"open","sticky":false,"template":"","format":"standard","meta":{"footnotes":""},"categories":[16],"tags":[],"class_list":["post-36564","post","type-post","status-publish","format-standard","hentry","category-opiniones"],"_links":{"self":[{"href":"https:\/\/diariodominicano.com\/index.php?rest_route=\/wp\/v2\/posts\/36564","targetHints":{"allow":["GET"]}}],"collection":[{"href":"https:\/\/diariodominicano.com\/index.php?rest_route=\/wp\/v2\/posts"}],"about":[{"href":"https:\/\/diariodominicano.com\/index.php?rest_route=\/wp\/v2\/types\/post"}],"author":[{"embeddable":true,"href":"https:\/\/diariodominicano.com\/index.php?rest_route=\/wp\/v2\/users\/3"}],"replies":[{"embeddable":true,"href":"https:\/\/diariodominicano.com\/index.php?rest_route=%2Fwp%2Fv2%2Fcomments&post=36564"}],"version-history":[{"count":0,"href":"https:\/\/diariodominicano.com\/index.php?rest_route=\/wp\/v2\/posts\/36564\/revisions"}],"wp:attachment":[{"href":"https:\/\/diariodominicano.com\/index.php?rest_route=%2Fwp%2Fv2%2Fmedia&parent=36564"}],"wp:term":[{"taxonomy":"category","embeddable":true,"href":"https:\/\/diariodominicano.com\/index.php?rest_route=%2Fwp%2Fv2%2Fcategories&post=36564"},{"taxonomy":"post_tag","embeddable":true,"href":"https:\/\/diariodominicano.com\/index.php?rest_route=%2Fwp%2Fv2%2Ftags&post=36564"}],"curies":[{"name":"wp","href":"https:\/\/api.w.org\/{rel}","templated":true}]}}