{"id":36561,"date":"2008-01-05T17:39:35","date_gmt":"2008-01-05T17:39:35","guid":{"rendered":"http:\/\/diariodominicano.ddns.net\/?p=36561"},"modified":"2008-01-05T17:39:35","modified_gmt":"2008-01-05T17:39:35","slug":"miguel-vargas-y-el-proceso-democratico-latinoamericano","status":"publish","type":"post","link":"https:\/\/diariodominicano.com\/?p=36561","title":{"rendered":"Miguel Vargas y el Proceso Democr\u00e1tico Latinoamericano"},"content":{"rendered":"<p><body><\/p>\n<p class=\"titulogrande1\"><strong>Miguel Vargas y el Proceso Democr\u00e1tico Latinoamericano<\/strong><\/p>\n<p>&#13;<\/p>\n<p align=\"justify\" class=\"text1noticias\"><img loading=\"lazy\" decoding=\"async\" src=\"http:\/\/10.0.0.82:8080\/pictures\/evelio arroyo.jpg\" width=\"269\" height=\"333\" hspace=\"4\" align=\"left\" \/>En los \u00faltimos tiempos los procesos  democr\u00e1ticos en Am\u00e9rica Latina y el mundo \u00a0han venido fortaleci\u00e9ndose. Por eso los  regimenes de fuerzas que tuvieron lugar, en el pasado, en \u00e9ste continente han  dado paso a los gobiernos elegidos democr\u00e1ticamente por el voto mayoritario de  los ciudadanos de estas naciones.<\/p>\n<p>&#13;<\/p>\n<p align=\"justify\" class=\"text1noticias\">En estos pa\u00edses se ha impuesto la  regla\u00a0 de las elecciones para elegir a sus  gobernantes.<br \/>&#13;<br \/>\n  <br \/>&#13;<br \/>\n  El ejemplo m\u00e1s reciente lo  constituye\u00a0 el refer\u00e9ndum celebrado en  Venezuela para aprobar una nueva constituci\u00f3n. Todo el mundo sabe que ese pa\u00eds  aunque \u00e9sta viviendo un proceso pol\u00edtico\u00a0de cambios hacia nuevas estructuras de poder tuvo que respetar los  resultados de ese refer\u00e9ndum.<br \/>&#13;<br \/>\n  <br \/> &#13;<br \/>\n  Cu\u00e1l es la ense\u00f1anza del proceso Venezolano  reciente? Que hasta los gobiernos que proyectan cambios, aun m\u00e1s all\u00e1 del  proceso democr\u00e1tico representativo tienen que respetar el voto mayoritario de  sus pueblos. <\/p>\n<p>&#13;<\/p>\n<p align=\"justify\" class=\"text1noticias\">Esta reflexi\u00f3n viene a referencia porque  se han producido pronunciamientos en privado y en p\u00fablico por parte de la  reelecci\u00f3n en el sentido de que la reelecci\u00f3n gana como quiera las venideras  elecciones de Mayo.<\/p>\n<p>&#13;<\/p>\n<p align=\"justify\" class=\"text1noticias\">Sabemos que disfrutar del boato del poder  convierte a\u00a0 muchos en reyes y pr\u00edncipes,  eso es algo que todo el mundo desea,\u00a0  pero de ah\u00ed a que la ambici\u00f3n y los caprichos personales de un grupo quisieran  anteponerse para tratar de postergarse en el poder es una actitud que no se  corresponde con el proceso democr\u00e1tico que esta viviendo Am\u00e9rica Latina y el  mundo. <\/p>\n<p>&#13;<\/p>\n<p align=\"justify\" class=\"text1noticias\">Por eso, quienes piensen que el\u00a0 proceso democr\u00e1tico en el pa\u00eds puede ser  empa\u00f1ado o torcido, porque sus deseos o ambici\u00f3n as\u00ed lo aconsejen, deben tener  presente que los procesos pol\u00edticos en Latinoam\u00e9rica no tienen retroceso\u00a0 ni en el corto ni en el mediano plazo y  cualquier intenci\u00f3n o ambici\u00f3n ajenas a los intereses democr\u00e1ticos choca con la  aspiraci\u00f3n mayoritaria de estos pueblos, que buscan su bienestar y libertad por  encima de cualquier cosa.<\/p>\n<p>&#13;<\/p>\n<p align=\"justify\" class=\"text1noticias\">S\u00f3lo cuando un grupo\u00a0 no\u00a0  tiene una visi\u00f3n clara del papel de la historia en la vida de los  pueblos\u00a0 se puede recurrir a frases  vac\u00edas como la de que \u201cganamos como quiera\u201d. El dirigente autentico y\u00a0 visionario va m\u00e1s all\u00e1 de lo coyuntural y lo cotidiano  y sabe que en los procesos democr\u00e1ticos se gana o se pierde; sabe adem\u00e1s que el \u00a0pueblo es el soberano.<\/p>\n<p>&#13;<\/p>\n<p align=\"justify\" class=\"text1noticias\">En los pa\u00edses democr\u00e1ticos el pueblo es  el soberano y es el que decide quien viene y quien se va del gobierno, ya que  producto del crecimiento de los medios de comunicaci\u00f3n y el Internet los  procesos democr\u00e1ticos en Am\u00e9rica y el mundo son monitoreados, tanto por la  comunidad nacional e internacional, por eso cualquier intenci\u00f3n de ama\u00f1ar,  retorcer o empa\u00f1ar el proceso democr\u00e1tico de Mayo pr\u00f3ximo tiene esos muros de  contenci\u00f3n, que servir\u00edan para poner frenos y edificar a aquellos que pudieran,  producto de sus caprichos y ambiciones, estar so\u00f1ando despiertos.<\/p>\n<p>&#13;<\/p>\n<p align=\"justify\" class=\"text1noticias\">El Ing. Miguel Vargas es un ferviente  defensor de los procesos democr\u00e1ticos que est\u00e1 viviendo el continente  Latinoamericano y el mundo, por eso ha hecho\u00a0  esfuerzos por estar presente en pa\u00edses que han elegido sus gobernantes  por medio de las elecciones, verbigracia Panam\u00e1, Chile entre otros.<br \/>&#13;<br \/>\n  <br \/>&#13;<br \/>\n  En cuanto al proceso pol\u00edtico y electoral  que vive nuestro pa\u00eds el Ing. Miguel Vargas ha dicho que todos los  aspectos\u00a0 que est\u00e9n apoyados en la  constituci\u00f3n y las leyes ser\u00e1n respetados por un gobierno que \u00e9l presida, por  eso se ha pronunciado para que el proceso electoral de Mayo pr\u00f3ximo sea rodeado  de todas las garant\u00edas legales y econ\u00f3micas por parte del gobierno para que el  mismo sea transparente, en donde la constituci\u00f3n y las leyes sean respetadas  por las actuales autoridades, en ese sentido ha estado abogando para que a la Junta Central Electoral se les  provean los fondos que le corresponden por ley, de manera que el pa\u00eds pueda  tener un proceso electoral limpio y sin traumas.\u00a0\u00a0 <\/p>\n<p>&#13;<\/p>\n<p align=\"justify\" class=\"text1noticias\"><strong>El Dr. Evelio Arroyo es Soci\u00f3logo, Abogado y Escritor.  Es, adem\u00e1s, Director Nacional de Comunicaciones y Estrategias del Movimiento en  L\u00ednea con Miguel, que preside el Dr. Francisco Fern\u00e1ndez. \u00a0<\/strong><\/p>\n<p>&#13;<\/p>\n<p align=\"justify\">\u00a0<\/p>\n<p>&#13;<\/p>\n<h6> 2008-01-05 17:39:35 <\/h6>\n<p><!--\n<link rel=\"stylesheet\" href=\"css\/bootstrap.min.css\">\n\n\n<ul class=\"pagination\">\n\t    \n\t\n\n<li >\n\t<a href='?page_no=12410'>Previous<\/a>\n\t<\/li>\n\n\n       \n    \n\n<li><a href='?page_no=1'>1<\/a><\/li>\n\n\n\n<li><a href='?page_no=2'>2<\/a><\/li>\n\n\n\n<li><a>...<\/a><\/li>\n\n\n\n<li><a href='?page_no=12409'>12409<\/a><\/li>\n\n\n\n<li><a href='?page_no=12410'>12410<\/a><\/li>\n\n\n\n<li class='active'><a>12411<\/a><\/li>\n\n\n\n<li><a href='?page_no=12412'>12412<\/a><\/li>\n\n\n\n<li><a href='?page_no=12413'>12413<\/a><\/li>\n\n\n\n<li><a>...<\/a><\/li>\n\n\n\n<li><a href='?page_no=13611'>13611<\/a><\/li>\n\n\n\n<li><a href='?page_no=13612'>13612<\/a><\/li>\n\n    \n\t\n\n<li >\n\t<a href='?page_no=12412'>Next<\/a>\n\t<\/li>\n\n\n    \n\n<li><a href='?page_no=13612'>Last &rsaquo;&rsaquo;<\/a><\/li>\n\n<\/ul>\n\n\n--><br \/>\n<\/body><\/p>\n","protected":false},"excerpt":{"rendered":"<p>Miguel Vargas y el Proceso Democr\u00e1tico Latinoamericano &#13; En los \u00faltimos tiempos los procesos democr\u00e1ticos en Am\u00e9rica Latina y el mundo \u00a0han venido fortaleci\u00e9ndose. Por eso los regimenes de fuerzas que tuvieron lugar, en el pasado, en \u00e9ste continente han dado paso a los gobiernos elegidos democr\u00e1ticamente por el voto mayoritario de los ciudadanos de [&hellip;]<\/p>\n","protected":false},"author":3,"featured_media":0,"comment_status":"open","ping_status":"open","sticky":false,"template":"","format":"standard","meta":{"footnotes":""},"categories":[16],"tags":[],"class_list":["post-36561","post","type-post","status-publish","format-standard","hentry","category-opiniones"],"_links":{"self":[{"href":"https:\/\/diariodominicano.com\/index.php?rest_route=\/wp\/v2\/posts\/36561","targetHints":{"allow":["GET"]}}],"collection":[{"href":"https:\/\/diariodominicano.com\/index.php?rest_route=\/wp\/v2\/posts"}],"about":[{"href":"https:\/\/diariodominicano.com\/index.php?rest_route=\/wp\/v2\/types\/post"}],"author":[{"embeddable":true,"href":"https:\/\/diariodominicano.com\/index.php?rest_route=\/wp\/v2\/users\/3"}],"replies":[{"embeddable":true,"href":"https:\/\/diariodominicano.com\/index.php?rest_route=%2Fwp%2Fv2%2Fcomments&post=36561"}],"version-history":[{"count":0,"href":"https:\/\/diariodominicano.com\/index.php?rest_route=\/wp\/v2\/posts\/36561\/revisions"}],"wp:attachment":[{"href":"https:\/\/diariodominicano.com\/index.php?rest_route=%2Fwp%2Fv2%2Fmedia&parent=36561"}],"wp:term":[{"taxonomy":"category","embeddable":true,"href":"https:\/\/diariodominicano.com\/index.php?rest_route=%2Fwp%2Fv2%2Fcategories&post=36561"},{"taxonomy":"post_tag","embeddable":true,"href":"https:\/\/diariodominicano.com\/index.php?rest_route=%2Fwp%2Fv2%2Ftags&post=36561"}],"curies":[{"name":"wp","href":"https:\/\/api.w.org\/{rel}","templated":true}]}}