{"id":365603,"date":"2022-07-02T11:08:00","date_gmt":"2022-07-02T15:08:00","guid":{"rendered":"http:\/\/diariodominicano.com\/?p=365603"},"modified":"2022-07-02T11:08:46","modified_gmt":"2022-07-02T15:08:46","slug":"serafin-sanchez-insigne-patriota-de-cuba","status":"publish","type":"post","link":"https:\/\/diariodominicano.com\/?p=365603","title":{"rendered":"Seraf\u00edn S\u00e1nchez, insigne patriota de Cuba"},"content":{"rendered":"\n<h1 class=\"wp-block-heading\"><\/h1>\n\n\n\n<figure class=\"wp-block-image\"><img decoding=\"async\" src=\"https:\/\/www.prensa-latina.cu\/wp-content\/uploads\/2022\/07\/Serafin-Sanchez.jpg\" alt=\"Serafin-Sanchez\"\/><\/figure>\n\n\n\n<p>Sancti Sp\u00edritus, Cuba, 2 jul (Prensa Latina) Un d\u00eda como hoy, hace 176 a\u00f1os, naci\u00f3 en esta ciudad central el Mayor General del Ej\u00e9rcito Libertador Seraf\u00edn S\u00e1nchez Valdivia, H\u00e9roe de las tres guerras independentistas llevadas a cabo en Cuba durante el siglo XIX.Share on facebook&nbsp;Share on twitter&nbsp;Share on whatsapp&nbsp;Share on telegram&nbsp;Share on email<\/p>\n\n\n\n<ul class=\"wp-block-list\"><li>julio 2, 2022<\/li><li>CDT06:34 (GMT) -0400<\/li><\/ul>\n\n\n\n<p>Considerado el m\u00e1s ilustre de los espirituanos, Seraf\u00edn Gualberto vio la luz el 2 de julio de 1846 en el seno de una familia acomodada compuesta por Jos\u00e9 Joaqu\u00edn S\u00e1nchez e Isabel Mar\u00eda de Valdivia quienes tuvieron una amplia descendencia, de la cual sobrevivir\u00edan 10 hijos. Con apenas 22 a\u00f1os, el 6 de febrero de 1869, se levant\u00f3 en armas en la finca Los Hondones, al frente de 45 hombres armados con escopetas, para luchar por la libertad de Cuba.<\/p>\n\n\n\n<p>Durante su exilio en Santo Domingo, donde permaneci\u00f3 m\u00e1s de 11 a\u00f1os, enfrent\u00f3 con respeto y cari\u00f1o los reproches del padre por desatender las responsabilidades econ\u00f3micas relacionadas con el patrimonio familiar. Mereci\u00f3 la amistad del H\u00e9roe Nacional Jos\u00e9 Mart\u00ed (1853-1895), con el cual intercambi\u00f3 una abundante correspondencia, seg\u00fan los estudiosos solo superada por la que sostuvo el Ap\u00f3stol con su gran amigo mexicano Manuel Mercado.<\/p>\n\n\n\n<p>Supo ganarse tambi\u00e9n la confianza y el afecto del General\u00edsimo M\u00e1ximo G\u00f3mez y sobre su persona, valor, dignidad e infatigable labor patri\u00f3tica Mart\u00ed tuvo emotivas palabras de elogio.<\/p>\n\n\n\n<p>El correspondi\u00f3 a esa entra\u00f1able amistad y tras a\u00f1os de destierro visit\u00f3 Dos R\u00edos, lugar donde cayera en combate Jos\u00e9 Mart\u00ed, momento de recogimiento que describi\u00f3 as\u00ed: \u201d\u2026 all\u00ed me llevaron con fuerza irresistible las ansias vehementes de mi coraz\u00f3n\u201d.<\/p>\n\n\n\n<p>A Seraf\u00edn lo describieron como un joven apuesto, alto, generoso, simp\u00e1tico y amable con personas de cualquier estatus social, que disfrutaba los gratos instantes de una vida en el campo en la finca de su familia.<\/p>\n\n\n\n<p>Posteriormente se desempe\u00f1\u00f3 como agrimensor, maestro, periodista, escritor y poeta, incluso fue obrero tabaquero para ganarse la vida en la emigraci\u00f3n.<\/p>\n\n\n\n<p>Conoci\u00f3 de un indestructible amor desde que contrajo matrimonio en la Iglesia de La Caridad, en Sancti Sp\u00edritus, con su prima Josefa Mar\u00eda Pina, conocida por Pepa, el 26 de junio de 1879, cuya sacrificada uni\u00f3n -dedicada a la independencia de Cuba- careci\u00f3 de descendencia.<\/p>\n\n\n\n<p>M\u00e1s de 120 combates sostuvo durante los casi 12 a\u00f1os que permaneci\u00f3 en los campos de batalla en busca de la ansiada libertad para su Patria.<\/p>\n\n\n\n<p>Pasadas las cinco de la tarde del 18 de noviembre de 1896, montado sobre su caballo, un proyectil enemigo seg\u00f3 la vida del palad\u00edn espirituano, pero antes de morir \u2013en el Paso de las Damas- tuvo fuerzas para exclamar: \u201c\u00a1Me han matado, no es nada!; \u00a1Siga la Marcha! De ese aciago d\u00eda M\u00e1ximo G\u00f3mez, jefe del Ej\u00e9rcito Libertador cubano en la \u00faltima guerra por la independencia de Espa\u00f1a (1895-1898), dijo que \u201dSi la fe en el triunfo de la Revoluci\u00f3n pudiera morir con un hombre, habr\u00eda muerto con el Mayor General Seraf\u00edn S\u00e1nchez Valdivia\u201d.<\/p>\n\n\n\n<p>Hoy el museo Casa Natal Mayor General Seraf\u00edn S\u00e1nchez Valdivia atesora valiosas piezas, mientras un conjunto escult\u00f3rico en la Plaza de la Revoluci\u00f3n que lleva su nombre lo perpet\u00faa como maestro, junto al esclavo liberto Quirino Am\u00e9zaga.<\/p>\n\n\n\n<p>mem\/mpg<\/p>\n","protected":false},"excerpt":{"rendered":"<p>Sancti Sp\u00edritus, Cuba, 2 jul (Prensa Latina) Un d\u00eda como hoy, hace 176 a\u00f1os, naci\u00f3 en esta ciudad central el Mayor General del Ej\u00e9rcito Libertador Seraf\u00edn S\u00e1nchez Valdivia, H\u00e9roe de las tres guerras independentistas llevadas a cabo en Cuba durante el siglo XIX.Share on facebook&nbsp;Share on twitter&nbsp;Share on whatsapp&nbsp;Share on telegram&nbsp;Share on email julio 2, [&hellip;]<\/p>\n","protected":false},"author":28,"featured_media":365605,"comment_status":"closed","ping_status":"","sticky":false,"template":"","format":"standard","meta":{"footnotes":""},"categories":[26],"tags":[],"class_list":["post-365603","post","type-post","status-publish","format-standard","has-post-thumbnail","hentry","category-efemerides"],"_links":{"self":[{"href":"https:\/\/diariodominicano.com\/index.php?rest_route=\/wp\/v2\/posts\/365603","targetHints":{"allow":["GET"]}}],"collection":[{"href":"https:\/\/diariodominicano.com\/index.php?rest_route=\/wp\/v2\/posts"}],"about":[{"href":"https:\/\/diariodominicano.com\/index.php?rest_route=\/wp\/v2\/types\/post"}],"author":[{"embeddable":true,"href":"https:\/\/diariodominicano.com\/index.php?rest_route=\/wp\/v2\/users\/28"}],"replies":[{"embeddable":true,"href":"https:\/\/diariodominicano.com\/index.php?rest_route=%2Fwp%2Fv2%2Fcomments&post=365603"}],"version-history":[{"count":1,"href":"https:\/\/diariodominicano.com\/index.php?rest_route=\/wp\/v2\/posts\/365603\/revisions"}],"predecessor-version":[{"id":365604,"href":"https:\/\/diariodominicano.com\/index.php?rest_route=\/wp\/v2\/posts\/365603\/revisions\/365604"}],"wp:featuredmedia":[{"embeddable":true,"href":"https:\/\/diariodominicano.com\/index.php?rest_route=\/wp\/v2\/media\/365605"}],"wp:attachment":[{"href":"https:\/\/diariodominicano.com\/index.php?rest_route=%2Fwp%2Fv2%2Fmedia&parent=365603"}],"wp:term":[{"taxonomy":"category","embeddable":true,"href":"https:\/\/diariodominicano.com\/index.php?rest_route=%2Fwp%2Fv2%2Fcategories&post=365603"},{"taxonomy":"post_tag","embeddable":true,"href":"https:\/\/diariodominicano.com\/index.php?rest_route=%2Fwp%2Fv2%2Ftags&post=365603"}],"curies":[{"name":"wp","href":"https:\/\/api.w.org\/{rel}","templated":true}]}}