{"id":36560,"date":"2008-01-05T17:43:43","date_gmt":"2008-01-05T17:43:43","guid":{"rendered":"http:\/\/diariodominicano.ddns.net\/?p=36560"},"modified":"2008-01-05T17:43:43","modified_gmt":"2008-01-05T17:43:43","slug":"el-debate-de-los-candidatos-presidenciales","status":"publish","type":"post","link":"https:\/\/diariodominicano.com\/?p=36560","title":{"rendered":"El debate de los candidatos presidenciales"},"content":{"rendered":"<p><body><\/p>\n<p><strong class=\"titulogrande1\">El debate de los candidatos presidenciales<\/strong> <br \/>&#13;<br \/>\n  <br \/>&#13;<br \/>\n    <strong>Por: <\/strong><span class=\"textogrande\">Mayobanex De Jes\u00fas Laurens<\/span><\/p>\n<p>&#13;<\/p>\n<p align=\"justify\" class=\"text1noticias\">Dada la incidencia de la pol\u00edtica en la vida nacional de  nuestro pa\u00eds, el debate de las ideas se hace imperativo para aportar a la  presente contienda electoral. La campa\u00f1a de los candidatos presidenciales entra  ahora en su etapa crucial y definitoria, por lo que sus acciones estar\u00e1n  encaminadas a lograr mejor posicionarse sobre el electorado nacional,\u00a0 y  para ello se valdr\u00e1n de todo tipo de t\u00e1cticas y estrategias.<\/p>\n<p>&#13;<\/p>\n<p align=\"justify\" class=\"text1noticias\">Pero lo ideal ser\u00eda que la presente campa\u00f1a electoral se  base en propuestas que contribuyan a fortalecer el sistema democr\u00e1tico vigente  y posibiliten el desarrollo definitivo de nuestro pa\u00eds. <br \/>&#13;<br \/>\n  <br \/>&#13;<br \/>\nQue seamos m\u00e1s  competitivos y m\u00e1s productivos. Un Estado menos burocr\u00e1tico y m\u00e1s \u00e1gil.  <br \/>&#13;<br \/>\n<br \/>&#13;<br \/>\nInstituciones p\u00fablicas y privadas jur\u00eddicamente fortalecidas, con un sistema  judicial funcional y\u00a0 cre\u00edble.<\/p>\n<p>&#13;<\/p>\n<p align=\"justify\" class=\"text1noticias\">A sabiendas que los candidatos ser\u00e1n invitados a disertar  en distintos escenarios en forma de debate de sus propuestas de gobiernos,  propongo una agenda de temas, para que los anfitriones de los encuentros los  incluyan como aspectos relevantes a debatir por los aspirantes presidenciales  de los principales partidos.<\/p>\n<p>&#13;<\/p>\n<p align=\"justify\" class=\"text1noticias\">1.-Debatir sobre gestiones de gobiernos, obras realizadas,  desempe\u00f1o de los funcionarios, manejo de las instituciones gubernamentales,  aplicaci\u00f3n del presupuesto en las comunidades, trabajo con la sociedad, con las  iglesias, con las juntas de vecinos, con los sectores profesionales.<\/p>\n<p>&#13;<\/p>\n<p align=\"justify\" class=\"text1noticias\">2.-Manejo de la econom\u00eda. Incidencia de la inflaci\u00f3n.  Producto Interno Bruto y distribuci\u00f3n de las riquezas con m\u00e1s equidad. Deuda  externa e interna, recuperaci\u00f3n del empleo. Situaci\u00f3n del sistema financiero  nacional; tasa del d\u00f3lar y realidad cambiaria; D\u00e9ficit cuasi-fiscal y f\u00f3rmulas  para disminuirlo; Las exportaciones y perspectivas de los productores  nacionales. La inversi\u00f3n extranjera; las reservas internacionales de d\u00f3lares.<\/p>\n<p>&#13;<\/p>\n<p align=\"justify\" class=\"text1noticias\">3.-Propuestas para desarrollar el aparato productivo  nacional. Aportes de ideas para mejorar la salud,\u00a0 el sistema de seguridad  social, la educaci\u00f3n secundaria y superior. Plan de competitividad industrial.  La seguridad ciudadana, la crisis energ\u00e9tica, el choque petrolero y su impacto  en la econom\u00eda nacional. Propuestas de modificaciones impositivas al ITBIS, al  ISR al Impuesto Selectivo al Consumo, a los combustibles y otros impuestos.<\/p>\n<p>&#13;<\/p>\n<p align=\"justify\" class=\"text1noticias\">Estos son los puntos que propongo discutir. Pero apelamos  al debate de altura y al an\u00e1lisis profundo de los temas, sin caer en bajezas ni  calificativos negativos. As\u00ed contribuimos con el aporte de ideas a la campa\u00f1a  electoral, a nuestros candidatos presidenciales y al sistema democr\u00e1tico  nacional.<\/p>\n<p>&#13;<\/p>\n<p align=\"justify\" class=\"text1noticias\">Lo ideal ser\u00eda que los temas a debatir sean manejados a  discreci\u00f3n y que los candidatos se presenten al escenario sin papeles escritos,  para que las improvisaciones sean el reflejo de sus capacidades, conocimientos,  dominio de los temas nacionales y sus propuestas de soluciones.<br \/>&#13;<br \/>\n  <br \/> &#13;<br \/>\nEsto permitir\u00eda  dar una idea a los lectores de la capacidad de los candidatos presidenciales  para resolver los acuciantes problemas nacionales. <\/p>\n<p>&#13;<\/p>\n<p align=\"justify\" class=\"text1noticias\"><strong>Mayobanex De Jes\u00fas Laurens<\/strong> <\/p>\n<p>&#13;<\/p>\n<h6> 2008-01-05 17:43:43 <\/h6>\n<p><!--\n<link rel=\"stylesheet\" href=\"css\/bootstrap.min.css\">\n\n\n<ul class=\"pagination\">\n\t    \n\t\n\n<li >\n\t<a href='?page_no=12409'>Previous<\/a>\n\t<\/li>\n\n\n       \n    \n\n<li><a href='?page_no=1'>1<\/a><\/li>\n\n\n\n<li><a href='?page_no=2'>2<\/a><\/li>\n\n\n\n<li><a>...<\/a><\/li>\n\n\n\n<li><a href='?page_no=12408'>12408<\/a><\/li>\n\n\n\n<li><a href='?page_no=12409'>12409<\/a><\/li>\n\n\n\n<li class='active'><a>12410<\/a><\/li>\n\n\n\n<li><a href='?page_no=12411'>12411<\/a><\/li>\n\n\n\n<li><a href='?page_no=12412'>12412<\/a><\/li>\n\n\n\n<li><a>...<\/a><\/li>\n\n\n\n<li><a href='?page_no=13611'>13611<\/a><\/li>\n\n\n\n<li><a href='?page_no=13612'>13612<\/a><\/li>\n\n    \n\t\n\n<li >\n\t<a href='?page_no=12411'>Next<\/a>\n\t<\/li>\n\n\n    \n\n<li><a href='?page_no=13612'>Last &rsaquo;&rsaquo;<\/a><\/li>\n\n<\/ul>\n\n\n--><br \/>\n<\/body><\/p>\n","protected":false},"excerpt":{"rendered":"<p>El debate de los candidatos presidenciales &#13; &#13; Por: Mayobanex De Jes\u00fas Laurens &#13; Dada la incidencia de la pol\u00edtica en la vida nacional de nuestro pa\u00eds, el debate de las ideas se hace imperativo para aportar a la presente contienda electoral. La campa\u00f1a de los candidatos presidenciales entra ahora en su etapa crucial y [&hellip;]<\/p>\n","protected":false},"author":3,"featured_media":0,"comment_status":"open","ping_status":"open","sticky":false,"template":"","format":"standard","meta":{"footnotes":""},"categories":[16],"tags":[],"class_list":["post-36560","post","type-post","status-publish","format-standard","hentry","category-opiniones"],"_links":{"self":[{"href":"https:\/\/diariodominicano.com\/index.php?rest_route=\/wp\/v2\/posts\/36560","targetHints":{"allow":["GET"]}}],"collection":[{"href":"https:\/\/diariodominicano.com\/index.php?rest_route=\/wp\/v2\/posts"}],"about":[{"href":"https:\/\/diariodominicano.com\/index.php?rest_route=\/wp\/v2\/types\/post"}],"author":[{"embeddable":true,"href":"https:\/\/diariodominicano.com\/index.php?rest_route=\/wp\/v2\/users\/3"}],"replies":[{"embeddable":true,"href":"https:\/\/diariodominicano.com\/index.php?rest_route=%2Fwp%2Fv2%2Fcomments&post=36560"}],"version-history":[{"count":0,"href":"https:\/\/diariodominicano.com\/index.php?rest_route=\/wp\/v2\/posts\/36560\/revisions"}],"wp:attachment":[{"href":"https:\/\/diariodominicano.com\/index.php?rest_route=%2Fwp%2Fv2%2Fmedia&parent=36560"}],"wp:term":[{"taxonomy":"category","embeddable":true,"href":"https:\/\/diariodominicano.com\/index.php?rest_route=%2Fwp%2Fv2%2Fcategories&post=36560"},{"taxonomy":"post_tag","embeddable":true,"href":"https:\/\/diariodominicano.com\/index.php?rest_route=%2Fwp%2Fv2%2Ftags&post=36560"}],"curies":[{"name":"wp","href":"https:\/\/api.w.org\/{rel}","templated":true}]}}