{"id":365585,"date":"2022-07-01T23:58:36","date_gmt":"2022-07-02T03:58:36","guid":{"rendered":"http:\/\/diariodominicano.com\/?p=365585"},"modified":"2022-07-02T00:19:19","modified_gmt":"2022-07-02T04:19:19","slug":"anecdotas-politicas-de-aqui-y-de-alla-3","status":"publish","type":"post","link":"https:\/\/diariodominicano.com\/?p=365585","title":{"rendered":"AN\u00c9CDOTAS POL\u00cdTICAS DE AQU\u00cd Y DE ALL\u00c1 (3)"},"content":{"rendered":"\n<p>POR TE\u00d3FILO LAPPOT ROBLES<\/p>\n\n\n\n<p><strong>F\u00e9lix Mar\u00eda del Monte<\/strong><\/p>\n\n\n\n<p>Uno de los trinitarios m\u00e1s prominentes fue el poeta, dramaturgo, periodista y jurista F\u00e9lix Mar\u00eda del Monte.<\/p>\n\n\n\n<p>Se le considera la principal figura literaria de la entidad secreta que sirvi\u00f3 de cuna a la independencia dominicana. En su paso por la vida p\u00fablica nacional dej\u00f3 un amplio anecdotario.<\/p>\n\n\n\n<p>Fue el autor del primer himno nacional, el cual se mantuvo como tal hasta el 17 de agosto de 1883, fecha en que se interpret\u00f3 por primera vez el que compusieron Emilio Prud\u2019Homme y Jos\u00e9 Reyes.<\/p>\n\n\n\n<p>Algunos de sus poemas dram\u00e1ticos, como el titulado Las V\u00edrgenes de Galindo, han servido de inspiraci\u00f3n para obras cl\u00e1sicas de la literatura criolla.<\/p>\n\n\n\n<p>Fue el primer abogado titulado que tuvo el pa\u00eds, por resoluci\u00f3n dictada por la Suprema Corte de Justicia el 11 de agosto de 1845.<\/p>\n\n\n\n<figure class=\"wp-block-image size-large\"><img loading=\"lazy\" decoding=\"async\" width=\"1024\" height=\"526\" src=\"https:\/\/diariodominicano.com\/wp-content\/uploads\/2021\/09\/Batallon-De-Higuey-II-general-Antonio-Duverge-1024x526.jpg\" alt=\"\" class=\"wp-image-297274\" srcset=\"https:\/\/diariodominicano.com\/wp-content\/uploads\/2021\/09\/Batallon-De-Higuey-II-general-Antonio-Duverge-1024x526.jpg 1024w, https:\/\/diariodominicano.com\/wp-content\/uploads\/2021\/09\/Batallon-De-Higuey-II-general-Antonio-Duverge-300x154.jpg 300w, https:\/\/diariodominicano.com\/wp-content\/uploads\/2021\/09\/Batallon-De-Higuey-II-general-Antonio-Duverge-768x395.jpg 768w, https:\/\/diariodominicano.com\/wp-content\/uploads\/2021\/09\/Batallon-De-Higuey-II-general-Antonio-Duverge-1536x789.jpg 1536w, https:\/\/diariodominicano.com\/wp-content\/uploads\/2021\/09\/Batallon-De-Higuey-II-general-Antonio-Duverge-2048x1052.jpg 2048w, https:\/\/diariodominicano.com\/wp-content\/uploads\/2021\/09\/Batallon-De-Higuey-II-general-Antonio-Duverge-816x419.jpg 816w\" sizes=\"auto, (max-width: 1024px) 100vw, 1024px\" \/><\/figure>\n\n\n\n<p>En esa condici\u00f3n sobresali\u00f3 por su gran capacidad jur\u00eddica, demostrada en defensas tan conocidas como las que hizo en favor del pr\u00f3cer Antonio Duverg\u00e9 y el general Santiago P\u00e9rez, entre muchas otras.<\/p>\n\n\n\n<p>Fue ministro de Relaciones Exteriores, de Interior y Polic\u00eda, de Hacienda y Comercio, de Guerra y Marina, etc. Siempre se ha resaltado su honradez en los elevados cargos p\u00fablicos que desempe\u00f1\u00f3.<\/p>\n\n\n\n<p>Fue arrestado por un hecho con car\u00e1cter de an\u00e9cdota cuando era ministro interino de Guerra y Marina, en el gobierno llamado de los Seis A\u00f1os, encabezado por Buenaventura B\u00e1ez.<\/p>\n\n\n\n<figure class=\"wp-block-image size-large\"><img loading=\"lazy\" decoding=\"async\" width=\"1024\" height=\"526\" src=\"https:\/\/diariodominicano.com\/wp-content\/uploads\/2021\/03\/4-de-marzo-de-1884-Fallece-el-ex-presidente-Buenaventura-Baez-1024x526.jpg\" alt=\"\" class=\"wp-image-266220\" srcset=\"https:\/\/diariodominicano.com\/wp-content\/uploads\/2021\/03\/4-de-marzo-de-1884-Fallece-el-ex-presidente-Buenaventura-Baez-1024x526.jpg 1024w, https:\/\/diariodominicano.com\/wp-content\/uploads\/2021\/03\/4-de-marzo-de-1884-Fallece-el-ex-presidente-Buenaventura-Baez-300x154.jpg 300w, https:\/\/diariodominicano.com\/wp-content\/uploads\/2021\/03\/4-de-marzo-de-1884-Fallece-el-ex-presidente-Buenaventura-Baez-768x395.jpg 768w, https:\/\/diariodominicano.com\/wp-content\/uploads\/2021\/03\/4-de-marzo-de-1884-Fallece-el-ex-presidente-Buenaventura-Baez-1536x789.jpg 1536w, https:\/\/diariodominicano.com\/wp-content\/uploads\/2021\/03\/4-de-marzo-de-1884-Fallece-el-ex-presidente-Buenaventura-Baez-2048x1052.jpg 2048w, https:\/\/diariodominicano.com\/wp-content\/uploads\/2021\/03\/4-de-marzo-de-1884-Fallece-el-ex-presidente-Buenaventura-Baez-816x419.jpg 816w\" sizes=\"auto, (max-width: 1024px) 100vw, 1024px\" \/><figcaption>Buenaventura B\u00e1ez <\/figcaption><\/figure>\n\n\n\n<p>Esa acci\u00f3n anecd\u00f3tica se produjo cuando \u00e9l se present\u00f3 al port\u00f3n frontal de la Fortaleza Ozama, entonces la mayor guarnici\u00f3n militar del pa\u00eds, para tener all\u00ed un encuentro con el gobernador de la entonces provincia de Santo Domingo, que no era la misma de ahora.<\/p>\n\n\n\n<p>El patriota independentista F\u00e9lix Mar\u00eda del Monte lleg\u00f3 de primero a dicho recinto militar y cuando el centinela y el oficial de servicio le dieron el alto de rigor y \u00e9l se identific\u00f3 con su alto cargo gubernamental le pidieron el \u201csanto y se\u00f1a\u201d para dejarlo ingresar. Su contesta fue que se le hab\u00eda olvidado.<\/p>\n\n\n\n<p>Ese formulismo de reconocimiento es usual en la milicia, por cuestiones de seguridad. Ese olvido, aunque el aludido oficial sab\u00eda la personalidad de que se trataba, provoc\u00f3 su arresto de inmediato.<\/p>\n\n\n\n<p>Cuando lleg\u00f3 al lugar convenido el gobernador Dami\u00e1n B\u00e1ez, y le record\u00f3 a del Monte la clave que le hab\u00edan solicitado, el arresto qued\u00f3 sin efecto. Ambos pudieron celebrar su reuni\u00f3n nocturna.<\/p>\n\n\n\n<p>Otra an\u00e9cdota protagonizada por F\u00e9lix Mar\u00eda del Monte se produjo en su propia casa, a la cual un mal d\u00eda lleg\u00f3 sin previo aviso el general Manuel Ventana, considerado un fanfarr\u00f3n de aquellos tiempos.<\/p>\n\n\n\n<p>Dicho individuo solt\u00f3 algunos dichos para que le franquearan la entrada, los cuales llegaron a o\u00eddos de del Monte, quien sali\u00f3 a su encuentro con \u00e1nimo resuelto.<\/p>\n\n\n\n<p>Cuando ambos se miraron cara a cara el inoportuno visitante le dijo con voz estent\u00f3rea: -\u00a1yo soy Manuel Ventana!<\/p>\n\n\n\n<p>Como el general Ventana ten\u00eda fama de ser lo que popularmente se conoce como \u201cun perdonavidas\u201d pens\u00f3 que iba a impresionar con su fama de engre\u00eddo al poeta del Monte. Lo que recibi\u00f3, por el contrario, fue una tremenda reprimenda.<\/p>\n\n\n\n<p>En lenguaje dominicano se puede decir que F\u00e9lix Mar\u00eda del Monte repajil\u00f3 al referido general Ventana con esta anecd\u00f3tica respuesta: \u201c-\u00a1Pues yo soy la Puerta Otomana!\u201d, en clara referencia a uno de los s\u00edmbolos del poder del antiguo imperio otomano.<\/p>\n\n\n\n<figure class=\"wp-block-image size-full\"><img loading=\"lazy\" decoding=\"async\" width=\"229\" height=\"220\" src=\"https:\/\/diariodominicano.com\/wp-content\/uploads\/2022\/07\/Luis-XIV-de-Francia.jpg\" alt=\"\" class=\"wp-image-365590\"\/><figcaption>Luis XIV<\/figcaption><\/figure>\n\n\n\n<p><strong>Un rey apodado Sol<\/strong><\/p>\n\n\n\n<p>Luis XIV, tambi\u00e9n conocido como el rey Sol, naci\u00f3 en Par\u00eds el 5 de septiembre de 1638. Fue un Borb\u00f3n sobresaliente, perteneciente a la dinast\u00eda de los Capetos.<\/p>\n\n\n\n<p>De manera nominal fue titular hereditario de la corona francesa desde el 14 de mayo de 1643. Ten\u00eda 5 a\u00f1os de edad.<\/p>\n\n\n\n<p>Para entonces los que en realidad ejerc\u00edan el mando en Francia eran su madre Ana de Austria y el cardenal Jules Mazarino, un audaz pol\u00edtico y alto cl\u00e9rigo nacido en Los Abruzos, en el centro-sur de Italia, quien no era sacerdote pero recibi\u00f3 esa dignidad eclesi\u00e1stica por parte del papa Urbano VIII para complacer al rey franc\u00e9s Luis XIII.<\/p>\n\n\n\n<figure class=\"wp-block-image size-full\"><img loading=\"lazy\" decoding=\"async\" width=\"183\" height=\"275\" src=\"https:\/\/diariodominicano.com\/wp-content\/uploads\/2022\/07\/Cardenal-Mazarino.jpg\" alt=\"\" class=\"wp-image-365593\"\/><figcaption>Cardenal Jules Manzarino<\/figcaption><\/figure>\n\n\n\n<p>A pesar de que Mazarino al morir el 9 de marzo de 1661 dej\u00f3 su enorme fortuna a Luis XIV (luego transferida por este a los herederos de aquel), lo cierto es que&nbsp; cuando un palaciego le inform\u00f3 que dicho cardenal acababa de \u201centregar su alma a Dios\u201d, el rey Sol solt\u00f3 esta perla:<\/p>\n\n\n\n<p>\u201c-\u00bfEstay seguro de que Dios la ha aceptado?\u201d&nbsp;<\/p>\n\n\n\n<p>El nombre de pila del heredero de ese rey Luis XIII era Luis Diosdado de Borb\u00f3n. La ceremonia formal de su coronaci\u00f3n fue en el 1654.<\/p>\n\n\n\n<p>Luis XIV llev\u00f3 consigo el m\u00e1ximo de los s\u00edmbolos reales hasta su muerte, ocurrida el primero de septiembre de 1715, momento en el cual un cortesano suyo produjo una an\u00e9cdota cuyo mensaje no dejaba duda de su poder absoluto: \u201cSi se ha muerto el Rey Sol ya se puede creer en todo.\u201d<\/p>\n\n\n\n<p>Gran parte de los 72 a\u00f1os, 3 meses y 18 d\u00edas en que Luis XIV fue rey desempe\u00f1\u00f3 el mando como un monarca absoluto. Era un hombre de acci\u00f3n. En Europa&nbsp; fue parte protag\u00f3nica de 3 guerras.<\/p>\n\n\n\n<p>Pocos en la historia patentizaron como \u00e9l eso que el eminente profesor franc\u00e9s Marc Ab\u00e9l\u00e9s defini\u00f3 en uno de sus ensayos de antropolog\u00eda pol\u00edtica como \u201clas gram\u00e1ticas del poder\u2026las pr\u00e1cticas que conforman la esfera de lo p\u00fablico.\u201d<\/p>\n\n\n\n<p>En eso de imponer su voluntad sin miramientos el rey Luis XIV ha tenido una legi\u00f3n de imitadores en todo el mundo.<\/p>\n\n\n\n<p>Su manera de gobernar lo llev\u00f3 a pronunciar una frase de trascendencia pol\u00edtica y de alto relieve anecd\u00f3tico, que se ha quedado desde hace casi 3 siglos flotando en los salones de mando de los palacios de gobiernos que en el mundo hay.<\/p>\n\n\n\n<p>En el siglo 17 una de las principales misiones del parlamento franc\u00e9s era analizar, con facultad de modificar y anular, las decisiones ordenadas por el monarca de turno.<\/p>\n\n\n\n<p>Un d\u00eda el rey Luis XIV abandon\u00f3 provisionalmente la pr\u00e1ctica de la cineg\u00e9tica, que realizaba en uno de sus cotos en la zona de Vincennes, y con su indumentaria de cacer\u00eda se present\u00f3 en Par\u00eds para enfrentar con tono airado a los parlamentarios que acababan de rechazar una de sus decisiones de Estado.<\/p>\n\n\n\n<p>En la sede del congreso proclam\u00f3 con voz firme que desde ese momento quedaba eliminada la facultad de los legisladores para cuestionar sus disposiciones. Esa orden cre\u00f3 un cataclismo pol\u00edtico en Francia.<\/p>\n\n\n\n<p>Con tacto, prudencia y valent\u00eda el presidente del parlamento le dijo al llamado rey Sol que el papel principal de ese \u00f3rgano elaborador, reformador y aprobador de leyes era trabajar por el bien del Estado.<\/p>\n\n\n\n<p>La contundente y anecd\u00f3tica respuesta del rey Luis XIV fue la siguiente: \u201c-El Estado soy yo.\u201d<\/p>\n\n\n\n<p>Algunos historiadores han cuestionado la autor\u00eda de esa frase. Se la atribuyen a enemigos de ese soberano, pero si se analiza el talante de dicho personaje se puede afirmar que ella pudo haber salido de su boca.<\/p>\n\n\n\n<p>Esa expresi\u00f3n qued\u00f3 en el anecdotario pol\u00edtico mundial como la m\u00e1xima demostraci\u00f3n del absolutismo. Cientos de gobernantes han actuado bajo la cubierta de la misma, eliminando en sus respectivos pueblos el derecho a disentir.<\/p>\n\n\n\n<p>Tal vez esa jaculatoria mon\u00e1rquica sirvi\u00f3 de alg\u00fan modo como inspiraci\u00f3n al fil\u00f3sofo y ensayista franc\u00e9s Charles-Louis de Secondat, bar\u00f3n de Montesquieu,\u00a0 para escribir sobre la importancia de la separaci\u00f3n de poderes y la monarqu\u00eda constitucional, que es en s\u00ed la esencia de su cl\u00e1sica obra El esp\u00edritu de las leyes, publicada en el 1748; 33 a\u00f1os despu\u00e9s de la muerte de aquel gobernante absolutista que orden\u00f3 construir el fastuoso y c\u00e9lebre Palacio de Versalles.<\/p>\n\n\n\n<p>Te\u00f3filo Lappot<a target=\"_blank\" href=\"mailto:teofilolappot@hotmail.com\" rel=\"noreferrer noopener\">teofilolappot@hotmail.com<\/a><\/p>\n","protected":false},"excerpt":{"rendered":"<p>POR TE\u00d3FILO LAPPOT ROBLES F\u00e9lix Mar\u00eda del Monte Uno de los trinitarios m\u00e1s prominentes fue el poeta, dramaturgo, periodista y jurista F\u00e9lix Mar\u00eda del Monte. Se le considera la principal figura literaria de la entidad secreta que sirvi\u00f3 de cuna a la independencia dominicana. En su paso por la vida p\u00fablica nacional dej\u00f3 un amplio [&hellip;]<\/p>\n","protected":false},"author":28,"featured_media":309563,"comment_status":"closed","ping_status":"","sticky":true,"template":"","format":"standard","meta":{"footnotes":""},"categories":[21,36,26,27],"tags":[],"class_list":["post-365585","post","type-post","status-publish","format-standard","has-post-thumbnail","hentry","category-cultura","category-hombresmujeresycosas","category-efemerides","category-portada"],"_links":{"self":[{"href":"https:\/\/diariodominicano.com\/index.php?rest_route=\/wp\/v2\/posts\/365585","targetHints":{"allow":["GET"]}}],"collection":[{"href":"https:\/\/diariodominicano.com\/index.php?rest_route=\/wp\/v2\/posts"}],"about":[{"href":"https:\/\/diariodominicano.com\/index.php?rest_route=\/wp\/v2\/types\/post"}],"author":[{"embeddable":true,"href":"https:\/\/diariodominicano.com\/index.php?rest_route=\/wp\/v2\/users\/28"}],"replies":[{"embeddable":true,"href":"https:\/\/diariodominicano.com\/index.php?rest_route=%2Fwp%2Fv2%2Fcomments&post=365585"}],"version-history":[{"count":6,"href":"https:\/\/diariodominicano.com\/index.php?rest_route=\/wp\/v2\/posts\/365585\/revisions"}],"predecessor-version":[{"id":365596,"href":"https:\/\/diariodominicano.com\/index.php?rest_route=\/wp\/v2\/posts\/365585\/revisions\/365596"}],"wp:featuredmedia":[{"embeddable":true,"href":"https:\/\/diariodominicano.com\/index.php?rest_route=\/wp\/v2\/media\/309563"}],"wp:attachment":[{"href":"https:\/\/diariodominicano.com\/index.php?rest_route=%2Fwp%2Fv2%2Fmedia&parent=365585"}],"wp:term":[{"taxonomy":"category","embeddable":true,"href":"https:\/\/diariodominicano.com\/index.php?rest_route=%2Fwp%2Fv2%2Fcategories&post=365585"},{"taxonomy":"post_tag","embeddable":true,"href":"https:\/\/diariodominicano.com\/index.php?rest_route=%2Fwp%2Fv2%2Ftags&post=365585"}],"curies":[{"name":"wp","href":"https:\/\/api.w.org\/{rel}","templated":true}]}}