{"id":365582,"date":"2022-07-01T23:51:06","date_gmt":"2022-07-02T03:51:06","guid":{"rendered":"http:\/\/diariodominicano.com\/?p=365582"},"modified":"2022-07-02T04:03:19","modified_gmt":"2022-07-02T08:03:19","slug":"fallece-concepcion-bona-5","status":"publish","type":"post","link":"https:\/\/diariodominicano.com\/?p=365582","title":{"rendered":"Fallece Concepci\u00f3n Bona"},"content":{"rendered":"\n<p>Imagen de Concepci\u00f3n Bona.<\/p>\n\n\n\n<p>SANTO DOMINGO, el&nbsp; 2 de julio de 1901, falleci\u00f3 en  ciudad  Santo Domingo, Mar\u00eda de la Concepci\u00f3n Bona, quien se destac\u00f3 como una luchadora por la independencia de Rep\u00fablica Dominicana.<\/p>\n\n\n\n<p>&nbsp;&nbsp;&nbsp;&nbsp; Concepci\u00f3n Bona fue la mujer que bord\u00f3 la primera bandera dominicana ideada por el patricio Juan Pablo Duarte, la cual fue izada por primera vez  el 28 de febrero de 1844.<\/p>\n\n\n\n<p>&nbsp;&nbsp;&nbsp; Concepci\u00f3n Bona naci\u00f3  en   ciudad de Santo Domingo, el 6 de diciembre de 1824,<\/p>\n","protected":false},"excerpt":{"rendered":"<p>Imagen de Concepci\u00f3n Bona. SANTO DOMINGO, el&nbsp; 2 de julio de 1901, falleci\u00f3 en ciudad Santo Domingo, Mar\u00eda de la Concepci\u00f3n Bona, quien se destac\u00f3 como una luchadora por la independencia de Rep\u00fablica Dominicana. &nbsp;&nbsp;&nbsp;&nbsp; Concepci\u00f3n Bona fue la mujer que bord\u00f3 la primera bandera dominicana ideada por el patricio Juan Pablo Duarte, la cual [&hellip;]<\/p>\n","protected":false},"author":28,"featured_media":284745,"comment_status":"closed","ping_status":"","sticky":true,"template":"","format":"standard","meta":{"footnotes":""},"categories":[26,27],"tags":[],"class_list":["post-365582","post","type-post","status-publish","format-standard","has-post-thumbnail","hentry","category-efemerides","category-portada"],"_links":{"self":[{"href":"https:\/\/diariodominicano.com\/index.php?rest_route=\/wp\/v2\/posts\/365582","targetHints":{"allow":["GET"]}}],"collection":[{"href":"https:\/\/diariodominicano.com\/index.php?rest_route=\/wp\/v2\/posts"}],"about":[{"href":"https:\/\/diariodominicano.com\/index.php?rest_route=\/wp\/v2\/types\/post"}],"author":[{"embeddable":true,"href":"https:\/\/diariodominicano.com\/index.php?rest_route=\/wp\/v2\/users\/28"}],"replies":[{"embeddable":true,"href":"https:\/\/diariodominicano.com\/index.php?rest_route=%2Fwp%2Fv2%2Fcomments&post=365582"}],"version-history":[{"count":4,"href":"https:\/\/diariodominicano.com\/index.php?rest_route=\/wp\/v2\/posts\/365582\/revisions"}],"predecessor-version":[{"id":365602,"href":"https:\/\/diariodominicano.com\/index.php?rest_route=\/wp\/v2\/posts\/365582\/revisions\/365602"}],"wp:featuredmedia":[{"embeddable":true,"href":"https:\/\/diariodominicano.com\/index.php?rest_route=\/wp\/v2\/media\/284745"}],"wp:attachment":[{"href":"https:\/\/diariodominicano.com\/index.php?rest_route=%2Fwp%2Fv2%2Fmedia&parent=365582"}],"wp:term":[{"taxonomy":"category","embeddable":true,"href":"https:\/\/diariodominicano.com\/index.php?rest_route=%2Fwp%2Fv2%2Fcategories&post=365582"},{"taxonomy":"post_tag","embeddable":true,"href":"https:\/\/diariodominicano.com\/index.php?rest_route=%2Fwp%2Fv2%2Ftags&post=365582"}],"curies":[{"name":"wp","href":"https:\/\/api.w.org\/{rel}","templated":true}]}}