{"id":365580,"date":"2022-07-01T23:46:27","date_gmt":"2022-07-02T03:46:27","guid":{"rendered":"http:\/\/diariodominicano.com\/?p=365580"},"modified":"2022-07-01T23:46:27","modified_gmt":"2022-07-02T03:46:27","slug":"el-general-pedro-santana-solicita-ser-relevado-de-la-jefatura-militar-en-el-sur","status":"publish","type":"post","link":"https:\/\/diariodominicano.com\/?p=365580","title":{"rendered":"El General Pedro Santana solicita ser relevado de la Jefatura militar en el Sur"},"content":{"rendered":"\n<p>SANTO DOMINGO,&nbsp; el &nbsp;2 de julio de 1844, el general&nbsp; Pedro Santana&nbsp; solicit\u00f3 a la Junta Central Gubernativa que lo relevara del cargo de jefe de las tropas dominicanas acantonadas en el sur, cuyo centro de operaciones estaba en Azua.<\/p>\n\n\n\n<p>\u00a0\u00a0\u00a0 El 2 de julio,\u00a0 cuando\u00a0 Santana hizo la petici\u00f3n, la Junta Central Gubernativa estaba controlada por los trinitarios, presidida por el pr\u00f3cer Francisco del Rosario S\u00e1nchez.<\/p>\n\n\n\n<p>\u00a0\u00a0\u00a0 Motiv\u00f3 su solicitud en que no se encontraba bien de salud y deseaba ir a su hogar a descansar.<\/p>\n\n\n\n<p>&nbsp;&nbsp;&nbsp;&nbsp; Santana, estaba vinculado a los conservadores que controlaron la Junta Central Gubernativa, bajo la presidencia de Tom\u00e1s Bobadilla, en el mes&nbsp; de junio de 1844 cuando fueron derrocados por los trinitarios, quienes de inmediato designaron Presidente a Francisco del Rosario S\u00e1nchez.<\/p>\n\n\n\n<p>&nbsp;&nbsp;&nbsp;&nbsp;&nbsp; El d\u00eda&nbsp; 9 de junio de 1844, un grupo de trinitarios decidieron dar un golpe de Estado para quitar el poder a los conservadores que controlaban la Junta Central Gubernativa, presidida por Tom\u00e1s Bobadilla, quienes deseaban convertir la naciente Rep\u00fablica Dominicana en un protectorado de Francia.<\/p>\n\n\n\n<p>&nbsp;&nbsp;&nbsp; El plan se inici\u00f3 en la Fortaleza Ozama, en Santo Domingo, donde recibieron apoyo de un grupo de oficiales.<\/p>\n\n\n\n<p>\u00a0\u00a0\u00a0 <strong>Los trinitarios estimaban que Tom\u00e1s Bobadilla y los miembros de la Junta Central Gubernativa, Jos\u00e9 Mar\u00eda Caminero, Francisco Javier Abr\u00e9u y Francisco Ru\u00edz, eran culpables de conspirar contra la soberan\u00eda nacional al mantener negociaciones encaminadas a obtener la protecci\u00f3n de los franceses.<\/strong><\/p>\n\n\n\n<p>&nbsp;&nbsp; Una versi\u00f3n de la \u00e9poca da cuenta de que la exaltaci\u00f3n de los \u00e1nimos era tal que Francisco del Rosario S\u00e1nchez previ\u00f3 que varios de los conservadores podr\u00edan perder la vida en el movimiento y les avis\u00f3 los alcances del plan para que tuvieran tiempo de buscar asilo&nbsp; en el consulado franc\u00e9s, como luego lo hicieron varios.<\/p>\n\n\n\n<p>&nbsp;&nbsp;&nbsp; Al consumarse el golpe de Estado contra la Junta Central&nbsp; Gubernativa, el pr\u00f3cer Francisco del Rosario S\u00e1nchez fue escogido Presidente en lugar de Tom\u00e1s Bobadilla.<\/p>\n\n\n\n<p>&nbsp;&nbsp; Como dem\u00e1s miembros de la Junta Central Gubernativa fueron designados los trinitarios Pedro Alejandro Pina, Manuel Mar\u00eda Valverde y Juan Isidro P\u00e9rez.<\/p>\n\n\n\n<p>&nbsp;&nbsp; El pr\u00f3cer Juan Pablo Duarte, quien ostentaba el rango de general, miembro de la Junta fue designado Comandante Militar de Santo Domingo, la principal guarnici\u00f3n militar de Rep\u00fablica Dominicana. Los trinitarios hab\u00edan iniciado el plan para derrocar a los miembros de la Junta Central Gubernativa, a finales de Mayo de 1844, por entender que pon\u00edan en peligro la soberan\u00eda nacional.<\/p>\n\n\n\n<p>&nbsp;&nbsp; Como parte del proyecto, el&nbsp;&nbsp; d\u00eda 31 Mayo de 1844, Juan Pablo Duarte y un grupo de sus seguidores iniciaron un plan con el prop\u00f3sito de tomar el poder en la naciente Rep\u00fablica Dominicana, porque hab\u00eda ca\u00eddo en manos de los grupos conservadores que representaba el Presidente de la Junta Central Gubernativa, Tom\u00e1s Bobadilla y Briones, quien favorec\u00eda la idea de que la Naci\u00f3n pasara a ser un protectorado de Francia.<\/p>\n\n\n\n<p>&nbsp;&nbsp; La Rep\u00fablica Dominicana hab\u00eda sido proclamada el 27 de febrero de 1844.<\/p>\n\n\n\n<p>&nbsp;&nbsp;&nbsp; El 31 de Mayo de 1844, Juan Pablo Duarte y un grupo de seguidores se reunieron&nbsp; con la guarnici\u00f3n de la Fortaleza Ozama, y lograron que 56 oficiales activos firmaran un documento dirigido a la Junta Central&nbsp; Gubernativa, para solicitarle que Duarte&nbsp; fuera nombrado General en Jefe del Ej\u00e9rcito, y los dem\u00e1s trinitarios, incluidos los pr\u00f3ceres Francisco del Rosario S\u00e1nchez y Mat\u00edas Ram\u00f3n Mella, fueran nombrados Generales de Divisi\u00f3n o Generales de Brigada.<\/p>\n\n\n\n<p>&nbsp;&nbsp;&nbsp; De esa manera, Juan Pablo Duarte y sus seguidores trataban de frenar el avance del grupo conservador que controlaba la Junta Central Gubernativa y desplazar al General Pedro Santana&nbsp; del control de las Fuerzas Armadas.<\/p>\n\n\n\n<p>&nbsp;&nbsp;&nbsp;&nbsp;&nbsp; La petici\u00f3n de los trinitarios fue rechazada por la Junta Central Gubernativa, que expres\u00f3 al respecto: \u201cHabiendo cesado por ahora las hostilidades no ha lugar al aumento de grado que varios oficiales solicitan\u201d en favor de Duarte, S\u00e1nchez, Mella, y Villanueva.<\/p>\n\n\n\n<p><\/p>\n","protected":false},"excerpt":{"rendered":"<p>SANTO DOMINGO,&nbsp; el &nbsp;2 de julio de 1844, el general&nbsp; Pedro Santana&nbsp; solicit\u00f3 a la Junta Central Gubernativa que lo relevara del cargo de jefe de las tropas dominicanas acantonadas en el sur, cuyo centro de operaciones estaba en Azua. \u00a0\u00a0\u00a0 El 2 de julio,\u00a0 cuando\u00a0 Santana hizo la petici\u00f3n, la Junta Central Gubernativa estaba [&hellip;]<\/p>\n","protected":false},"author":28,"featured_media":274138,"comment_status":"closed","ping_status":"","sticky":true,"template":"","format":"standard","meta":{"footnotes":""},"categories":[26,27],"tags":[],"class_list":["post-365580","post","type-post","status-publish","format-standard","has-post-thumbnail","hentry","category-efemerides","category-portada"],"_links":{"self":[{"href":"https:\/\/diariodominicano.com\/index.php?rest_route=\/wp\/v2\/posts\/365580","targetHints":{"allow":["GET"]}}],"collection":[{"href":"https:\/\/diariodominicano.com\/index.php?rest_route=\/wp\/v2\/posts"}],"about":[{"href":"https:\/\/diariodominicano.com\/index.php?rest_route=\/wp\/v2\/types\/post"}],"author":[{"embeddable":true,"href":"https:\/\/diariodominicano.com\/index.php?rest_route=\/wp\/v2\/users\/28"}],"replies":[{"embeddable":true,"href":"https:\/\/diariodominicano.com\/index.php?rest_route=%2Fwp%2Fv2%2Fcomments&post=365580"}],"version-history":[{"count":1,"href":"https:\/\/diariodominicano.com\/index.php?rest_route=\/wp\/v2\/posts\/365580\/revisions"}],"predecessor-version":[{"id":365581,"href":"https:\/\/diariodominicano.com\/index.php?rest_route=\/wp\/v2\/posts\/365580\/revisions\/365581"}],"wp:featuredmedia":[{"embeddable":true,"href":"https:\/\/diariodominicano.com\/index.php?rest_route=\/wp\/v2\/media\/274138"}],"wp:attachment":[{"href":"https:\/\/diariodominicano.com\/index.php?rest_route=%2Fwp%2Fv2%2Fmedia&parent=365580"}],"wp:term":[{"taxonomy":"category","embeddable":true,"href":"https:\/\/diariodominicano.com\/index.php?rest_route=%2Fwp%2Fv2%2Fcategories&post=365580"},{"taxonomy":"post_tag","embeddable":true,"href":"https:\/\/diariodominicano.com\/index.php?rest_route=%2Fwp%2Fv2%2Ftags&post=365580"}],"curies":[{"name":"wp","href":"https:\/\/api.w.org\/{rel}","templated":true}]}}