{"id":36558,"date":"2008-01-06T18:50:59","date_gmt":"2008-01-06T18:50:59","guid":{"rendered":"http:\/\/diariodominicano.ddns.net\/?p=36558"},"modified":"2008-01-06T18:50:59","modified_gmt":"2008-01-06T18:50:59","slug":"miguel-vargas-y-los-recursos-del-estado","status":"publish","type":"post","link":"https:\/\/diariodominicano.com\/?p=36558","title":{"rendered":"Miguel Vargas y los Recursos del Estado"},"content":{"rendered":"<p><body><\/p>\n<p class=\"titulogrande1\"><strong>Miguel Vargas y los Recursos del Estado<\/strong><\/p>\n<p>&#13;<\/p>\n<p align=\"justify\" class=\"text1noticias\"><img loading=\"lazy\" decoding=\"async\" src=\"http:\/\/10.0.0.82:8080\/pictures\/evelio arroyo.jpg\" width=\"269\" height=\"333\" hspace=\"4\" align=\"left\" \/>Una de las mayores limitaciones que ha  tenido Am\u00e9rica Latina para su desarrollo y crecimiento es que desde los tiempos  coloniales sus riquezas materiales y sus recursos naturales han sido el  objetivo de quienes han ejercido el control pol\u00edtico y econ\u00f3mico del  Estado\u00a0 en estos\u00a0 pa\u00edses de la regi\u00f3n.<\/p>\n<p>&#13;<\/p>\n<p align=\"justify\" class=\"text1noticias\">Desde la colonia hasta \u00e9sta parte de  periodo de gobiernos democr\u00e1ticos nuestro pa\u00eds no ha escapado a esa realidad.  La historia nos ense\u00f1a que como pa\u00eds hemos sido presa de los grandes intereses  econ\u00f3micos y pol\u00edticos\u00a0 de quienes se han  disputado y controlado el poder.<\/p>\n<p>&#13;<\/p>\n<p align=\"justify\" class=\"text1noticias\">En el pasado la lucha por las riquezas de  los pueblos latinoamericanos se daba en pa\u00edses europeos que se disputaban el  control pol\u00edtico y econ\u00f3mico de los pueblos latinoamericanos. En el presente el  tipo de dominaci\u00f3n econ\u00f3mica y pol\u00edtica ha cambiado y aunque tenemos la  influencia y cierto control por parte de  los pa\u00edses desarrollado, sobre todo de Estados Unidos, el peor mal que esta  destruyendo a los pueblos latinoamericanos es la ambici\u00f3n de los grupos pol\u00edticos  nacionales, que muchas veces cuando asumen el control pol\u00edtico y econ\u00f3mico de  estos pa\u00edses, se convierten en amos y se\u00f1ores, que disponen, a sus anchas, de  las riquezas nacionales. Esa ha sido la peor maldici\u00f3n que les ha podido pasar  a estos pueblos. En el pasado los extranjeros drenaron nuestras riquezas. En la  actualidad\u00a0 quienes realizan y han  realizado ese despojo son grupos rapaces de nuestra clase pol\u00edtica que  controlan el Estado y disponen, en muchos casos, de las riquezas nacionales  para hacer buenos negocios y para su usufructo personal. <\/p>\n<p>&#13;<\/p>\n<p align=\"justify\" class=\"text1noticias\">La gravedad de ese comportamiento de una  parte importante de nuestra clase pol\u00edtica y econ\u00f3mica que ha controlado el  Estado radica en que\u00a0 quienes somos  partidario de la libre empresa, del capitalismo y de un Estado que beneficie a  las mayor\u00edas, estamos conscientes\u00a0 que  con ese tipo de conducta no se ayuda al desarrollo de un Estado vigoroso y una burgues\u00eda  nacional fuerte y no se logra, tampoco, que los\u00a0  sectores productivos, empresariales y comerciales del pa\u00eds se  desarrollen. <\/p>\n<p>&#13;<\/p>\n<p align=\"justify\" class=\"text1noticias\">Cuando los recursos\u00a0 que podemos invertir en el desarrollo del  pa\u00eds para lograr el crecimiento y el bienestar de la gente son desviados\u00a0 hacia los bolsillos de los funcionarios, que  de forma alegre, disponen\u00a0 de ellos, a  trav\u00e9s de los diferentes m\u00e9todos que utiliza la corrupci\u00f3n administrativa, es  evidente que en esas condiciones los recursos que los ciudadanos pagan en  impuestos no tendr\u00e1n un final a favor de las mayor\u00edas nacionales.<\/p>\n<p>&#13;<\/p>\n<p align=\"justify\" class=\"text1noticias\">El desarrollo de una burgues\u00eda nacional  amparada en su propia autogesti\u00f3n y crecimiento proporcionar\u00eda a estos pa\u00edses  mayor bienestar y calidad de vida para sus ciudadanos, pero sobre todo ese  bienestar repercutir\u00e1\u00a0 a favor de los  sectores sociales mas vulnerables, porque si las riquezas nacionales no son  desviadas a los bolsillos de los funcionarios como ocurre en la actualidad, el  Estado puede dedicar mayor presupuesto para poder resolver problemas  ancestrales en el \u00e1rea de salud, educaci\u00f3n, alimentaci\u00f3n, empleo y vivienda.<br \/>&#13;<br \/>\n  <br \/>&#13;<br \/>\n  Cuando un grupo gobernante tiene  conciencia, visi\u00f3n y liderazgo de que el desarrollo de una burgues\u00eda nacional  prospera y un sector productivo vigoroso son la garant\u00eda del desarrollo real de  una naci\u00f3n, entonces se act\u00faa de forma diferente a como lo han venido haciendo  muchos grupos pol\u00edticos rapaces\u00a0 que han  controlado el Estado en Latinoam\u00e9rica para provecho propio y no para provecho  de las mayor\u00edas nacionales. <\/p>\n<p>&#13;<\/p>\n<p align=\"justify\" class=\"text1noticias\">La diferencia de un gobierno del Ing.  Miguel Vargas con el presente gobierno es que tiene plena conciencia de que  tanto los sectores, empresarial productivo y comercial del pa\u00eds deben  fortalecerse para que puedan desarrollarse y crecer, \u00fanica garant\u00eda para poder  seguir invirtiendo sus capitales\u00a0 y  generando riquezas, tanto para ellos como para la poblaci\u00f3n que consumir\u00e1 los  bienes y servicios provenientes del crecimiento de esos sectores econ\u00f3micos.<\/p>\n<p>&#13;<\/p>\n<p align=\"justify\" class=\"text1noticias\">La concepci\u00f3n y visi\u00f3n del Ing. Miguel  Vargas es\u00a0 que el Estado debe ser un\u00a0 facilitador para que los sectores  empresariales y productivos del pa\u00eds generen mayores riquezas, porque esas  riquezas combinadas con la que genere el Estado vendr\u00e1n a mejorar el bienestar  de la gente. El Ing. Miguel Vargas esta consciente de que cuando un funcionario  le roba al estado miles de millones de  pesos, esos dineros nunca se invierten para beneficiar a la mayor\u00eda del pa\u00eds,  sino que van a engrosar la fila de esos capitales parasitarios, que s\u00f3lo son  del uso exclusivo de quienes lo ha sustra\u00eddo al estado. Casi nunca ese tipo de  capitales benefician a nadie que\u00a0 no sea  a la persona y al grupo que se\u00a0 lo  apropi\u00f3 de forma il\u00edcita.<\/p>\n<p>&#13;<\/p>\n<p align=\"justify\" class=\"text1noticias\">Por eso el Ing. Vargas tiene plena  conciencia de que los recursos p\u00fablicos deben ser invertidos de forma  productiva para que contribuyan al crecimiento real de los sectores pobres y de  clase media, que son los que m\u00e1s necesitan de un gobierno que se preocupe por  ellos.<\/p>\n<p>&#13;<\/p>\n<p align=\"justify\" class=\"text1noticias\">El gobierno que encabezar\u00e1 el Ing. Miguel  Vargas esta sumamente consciente de que debe darle una aplicaci\u00f3n  diferente\u00a0 a los recursos del Estado del  que se le ha dado en el presente, ya que esa es la \u00fanica garant\u00eda para que  dichas riquezas fluyan hacia la generaci\u00f3n de riquezas y bienestar, que s\u00f3lo lo  garantiza una burgues\u00eda nacional fuerte , un gobernante comprometido con la  mayor\u00eda y unos sectores empresariales, productivos y comerciales enfocados en  generar mayores riquezas\u00a0 para si y para  el consumo de la gente.<\/p>\n<p>&#13;<\/p>\n<p align=\"justify\" class=\"text1noticias\">En la presente coyuntura pol\u00edtica y  econ\u00f3mica que vive el pa\u00eds s\u00f3lo un hombre con la visi\u00f3n de Estado y con una  personalidad y un liderazgo autentico como el Ing. Miguel Vagas puede  garantizar un gobierno\u00a0 justo y  equilibrado, d\u00e1ndole un uso racional a los recursos p\u00fablicos que pagan los  ciudadanos\u00a0 con sus\u00a0 impuestos. <\/p>\n<p>&#13;<\/p>\n<p align=\"justify\" class=\"text1noticias\">El Dr. Evelio  Arroyo es Soci\u00f3logo, Abogado y Escritor. Es, adem\u00e1s, Director Nacional de  Comunicaciones y Estrategias del Movimiento en L\u00ednea con Miguel, que preside el  Dr. Francisco Fern\u00e1ndez.<\/p>\n<p>&#13;<\/p>\n<h6> 2008-01-06 18:50:59 <\/h6>\n<p><!--\n<link rel=\"stylesheet\" href=\"css\/bootstrap.min.css\">\n\n\n<ul class=\"pagination\">\n\t    \n\t\n\n<li >\n\t<a href='?page_no=12408'>Previous<\/a>\n\t<\/li>\n\n\n       \n    \n\n<li><a href='?page_no=1'>1<\/a><\/li>\n\n\n\n<li><a href='?page_no=2'>2<\/a><\/li>\n\n\n\n<li><a>...<\/a><\/li>\n\n\n\n<li><a href='?page_no=12407'>12407<\/a><\/li>\n\n\n\n<li><a href='?page_no=12408'>12408<\/a><\/li>\n\n\n\n<li class='active'><a>12409<\/a><\/li>\n\n\n\n<li><a href='?page_no=12410'>12410<\/a><\/li>\n\n\n\n<li><a href='?page_no=12411'>12411<\/a><\/li>\n\n\n\n<li><a>...<\/a><\/li>\n\n\n\n<li><a href='?page_no=13611'>13611<\/a><\/li>\n\n\n\n<li><a href='?page_no=13612'>13612<\/a><\/li>\n\n    \n\t\n\n<li >\n\t<a href='?page_no=12410'>Next<\/a>\n\t<\/li>\n\n\n    \n\n<li><a href='?page_no=13612'>Last &rsaquo;&rsaquo;<\/a><\/li>\n\n<\/ul>\n\n\n--><br \/>\n<\/body><\/p>\n","protected":false},"excerpt":{"rendered":"<p>Miguel Vargas y los Recursos del Estado &#13; Una de las mayores limitaciones que ha tenido Am\u00e9rica Latina para su desarrollo y crecimiento es que desde los tiempos coloniales sus riquezas materiales y sus recursos naturales han sido el objetivo de quienes han ejercido el control pol\u00edtico y econ\u00f3mico del Estado\u00a0 en estos\u00a0 pa\u00edses de [&hellip;]<\/p>\n","protected":false},"author":3,"featured_media":0,"comment_status":"open","ping_status":"open","sticky":false,"template":"","format":"standard","meta":{"footnotes":""},"categories":[16],"tags":[],"class_list":["post-36558","post","type-post","status-publish","format-standard","hentry","category-opiniones"],"_links":{"self":[{"href":"https:\/\/diariodominicano.com\/index.php?rest_route=\/wp\/v2\/posts\/36558","targetHints":{"allow":["GET"]}}],"collection":[{"href":"https:\/\/diariodominicano.com\/index.php?rest_route=\/wp\/v2\/posts"}],"about":[{"href":"https:\/\/diariodominicano.com\/index.php?rest_route=\/wp\/v2\/types\/post"}],"author":[{"embeddable":true,"href":"https:\/\/diariodominicano.com\/index.php?rest_route=\/wp\/v2\/users\/3"}],"replies":[{"embeddable":true,"href":"https:\/\/diariodominicano.com\/index.php?rest_route=%2Fwp%2Fv2%2Fcomments&post=36558"}],"version-history":[{"count":0,"href":"https:\/\/diariodominicano.com\/index.php?rest_route=\/wp\/v2\/posts\/36558\/revisions"}],"wp:attachment":[{"href":"https:\/\/diariodominicano.com\/index.php?rest_route=%2Fwp%2Fv2%2Fmedia&parent=36558"}],"wp:term":[{"taxonomy":"category","embeddable":true,"href":"https:\/\/diariodominicano.com\/index.php?rest_route=%2Fwp%2Fv2%2Fcategories&post=36558"},{"taxonomy":"post_tag","embeddable":true,"href":"https:\/\/diariodominicano.com\/index.php?rest_route=%2Fwp%2Fv2%2Ftags&post=36558"}],"curies":[{"name":"wp","href":"https:\/\/api.w.org\/{rel}","templated":true}]}}