{"id":36557,"date":"2008-01-07T13:18:54","date_gmt":"2008-01-07T13:18:54","guid":{"rendered":"http:\/\/diariodominicano.ddns.net\/?p=36557"},"modified":"2008-01-07T13:18:54","modified_gmt":"2008-01-07T13:18:54","slug":"el-tiro-rapido-308","status":"publish","type":"post","link":"https:\/\/diariodominicano.com\/?p=36557","title":{"rendered":"EL TIRO RAPIDO"},"content":{"rendered":"<p><body><\/p>\n<p><span class=\"titulogrande1\">EL TIRO RAPIDO<\/span><br \/>&#13;<br \/>\n  <br \/>&#13;<br \/>\n    <strong>de<\/strong><br \/>&#13;<br \/>\n    <br \/>&#13;<br \/>\n    <strong class=\"textogrande\">Mario  Rivadulla<\/strong><\/p>\n<p>&#13;<\/p>\n<p align=\"justify\" class=\"text1noticias\">Nos resultaba extra\u00f1o el rechazo de la Junta Central  Electoral a registrar en las pr\u00f2ximas elecciones el voto de los reclusos que  guardan prisi\u00f2n cautelar a espera de juicio.\u00a0  Esto as\u00ec porque el tema se aire\u00f2 hace alg\u00f9n tiempo y qued\u00f2 bien  establecido que desde un punto de vista estrictamente jur\u00ecdico a los mismos le  cabe la presunci\u00f2n de inocencia hasta tanto no se demuestre su culpa y recaiga  sobre ellos un fallo condenatorio.\u00a0 Hasta  ese momento, por consiguiente, no pueden ser privados de sus derechos civiles.<\/p>\n<p>&#13;<\/p>\n<p align=\"justify\" class=\"text1noticias\">Especulando sobre el tema,  dijimos que posiblemente la raz\u00f2n fuera de car\u00e1cter log\u00ecstico. Es decir que no  fuera posible registrar su sufragio por razones pr\u00e0cticas.\u00a0 Coincidi\u00f2 esta opini\u00f2n con observaciones que  hicimos sobre la vulnerabilidad de nuestro sistema penitenciario,\u00a0 a prop\u00f2sito del caso de la dom\u00e8stica  condenada a treinta a\u00f1os como autora material de la muerte del empresario  arenero Jos\u00e8 Castro, hecho ocurrido en San Crist\u00f2bal, por el cual fue sancionada  tambi\u00e8n a 20 a\u00f1os como responsable intelectual su esposa Miriam Brito,  recientemente indultada por el Poder Ejecutivo.<\/p>\n<p>&#13;<\/p>\n<p align=\"justify\" class=\"text1noticias\">Esto as\u00ec en raz\u00f2n de que al  reclamar para \u00e8sta el mismo beneficio que para aquella, o sea, la aplicaci\u00f2n  extensiva del indulto presidencial, la opini\u00f2n p\u00f9blica se enter\u00f2, y al parecer  tambi\u00e8n la   Procuradur\u00eca General de la Rep\u00f9blica, el sistema  judicial y el penitenciario que la misma jam\u00e0s ingres\u00f2 a prisi\u00f2n habiendo sido  condenada y encontr\u00e0ndose en condici\u00f2n de pr\u00f2fuga.<\/p>\n<p>&#13;<\/p>\n<p align=\"justify\" class=\"text1noticias\">Pues bien, volviendo al tema  del sufragio de los reclusos preventivos, la decisi\u00f2n de la Junta Central  Electoral ha sido recurrida en amparo por la Oficina de Defensor\u00eca P\u00f9blica, seg\u00f9n acto  notificado al organismo mediante acto de alguacil.<\/p>\n<p>&#13;<\/p>\n<p align=\"justify\" class=\"text1noticias\">Respondiendo a esa acci\u00f2n, el  doctor Jos\u00e8 Angel Aquino, muy calificado juez titular de la C\u00e0mara Administrativa  del m\u00e0ximo tribunal, aclara las razones por las que se rechaza el ejercicio de  ese derecho.\u00a0 Dichas razones son, como  hab\u00ecamos avanzado, de orden pr\u00e0ctico, no jur\u00ecdico.<\/p>\n<p>&#13;<\/p>\n<p align=\"justify\" class=\"text1noticias\">Informa el doctor Aquino que  despu\u00e8s de varias reuniones con la   Comisi\u00f2n de Defensor\u00eca P\u00f9blica para evaluar detalles  indispensables tales como la seguridad de los recintos carcelarios, la  identificaci\u00f2n de los reclusos y su correspondiente status se lleg\u00f2 a la  conclusi\u00f2n de aplazar la realizaci\u00f2n del proyecto debido a que el mismo resulta  inviable en los presentes momentos por las graves irregularidades comprobadas.<\/p>\n<p>&#13;<\/p>\n<p align=\"justify\" class=\"text1noticias\">Dos son las principales causa que argumenta el magistrado  Aquino. Ambas de tanto peso que justifican la decisi\u00f2n de la Junta. La primera es que  la mayor\u00eca de los reclusos no est\u00e0n identificados, y la segunda, que el status  de muchos es muy cambiante ya que de preventivos pasan a ser condenados,  trasladados o absueltos.\u00a0 Como raz\u00f2n  agregada, figura el que todos los partidos pol\u00ecticos se mostraron opuestos a  que se les concediese el derecho al sufragio bajo estas condiciones.<\/p>\n<p>&#13;<\/p>\n<p align=\"justify\" class=\"text1noticias\">Lo ocurrido en el presente caso sirve para poner de  manifiesto y\u00a0 recordarnos una vez m\u00e0s el  desorden imperante en nuestro obsoleto y desorganizado sistema penitenciario.<\/p>\n<p>&#13;<\/p>\n<p align=\"justify\" class=\"text1noticias\">A lo largo de varias d\u00e8cadas se  han elaborado diferentes proyectos de mejoramiento del r\u00e8gimen carcelario y de  programas de rehabilitacion. De hecho, ahora mismo se han logrado algunos  avances en este \u00f9ltimo aspecto que resulta de justicia destacar.\u00a0 Pero lamentablemente todav\u00eca el sistema es  muy deficiente y nuestras c\u00e0rceles verdaderas erg\u00e0stulas y escenarios de todo  g\u00e8nero de irregularidades e iniquidades. Esto \u00f9ltimo inlcuye un grave desorden  administrativo, y en muchos casos de crisis de autoridad y disciplina cuando no  de franca complicidad entre custodios y reclusos para la introducci\u00f2n en los  recintos de drogas, bebidas alcoh\u00f2licas, prostitutas y hasta armas de fuego, a  m\u00e0s de la existencia de bandas intrapenales y la comisi\u00f2n de todo g\u00e8nero de  atropellos.<\/p>\n<p>&#13;<\/p>\n<p align=\"justify\" class=\"text1noticias\">Es m\u00e0s seguro que posible que a  derechas el sistema penitenciario no cuente con un registro confiable de los  presos que albergan nuestros establecimientos penitenciarios.\u00a0 Ni disponga de la identificaci\u00f2n real de  muchos de ellos. Ni se sepa, en un momento determinado, la ubicaci\u00f2n exacta de  cada recluso.\u00a0 Ni pueda garantizar  siquiera que un determinado condenado est\u00e8\u00a0realmente cumpliendo su sanci\u00f2n tr\u00e0s las rejas o gozando indebidamente  de libertad, en ocasiones compradas a otros de menor condena a base de  suplantar su identidad, y en capacidad por consiguiente de cometer nuevas  fechor\u00ecas.<\/p>\n<p>&#13;<\/p>\n<p align=\"justify\" class=\"text1noticias\">Todo lo anterior es una penosa  realidad que venimos arrastrando como pesada carga que evidencia una vez m\u00e0s la  obsolescencia de nuestro sistema carcelario y que seguramente incidi\u00f2 en la  decisi\u00f2n de la Junta  sobre el ejercicio del voto en los reclusorios, que si bien es un derecho  constitucional que asiste a los preventivos resulta en la pr\u00e0ctica, bajo tales  condiciones de muy problem\u00e0tica y casi imposible materializaci\u00f2n.<\/p>\n<p>&#13;<\/p>\n<p align=\"justify\" class=\"text1noticias\">(Telefuturo, Canal 23,  cubriendo todo el pa\u00ecs v\u00eca sat\u00e8lite y el exterior en vivo y directo a trav\u00e8s  del Internet. Transmisi\u00f2n del viernes 4 de Enero, 2008).<\/p>\n<p>&#13;<\/p>\n<h6> 2008-01-07 13:18:54 <\/h6>\n<p><!--\n<link rel=\"stylesheet\" href=\"css\/bootstrap.min.css\">\n\n\n<ul class=\"pagination\">\n\t    \n\t\n\n<li >\n\t<a href='?page_no=12407'>Previous<\/a>\n\t<\/li>\n\n\n       \n    \n\n<li><a href='?page_no=1'>1<\/a><\/li>\n\n\n\n<li><a href='?page_no=2'>2<\/a><\/li>\n\n\n\n<li><a>...<\/a><\/li>\n\n\n\n<li><a href='?page_no=12406'>12406<\/a><\/li>\n\n\n\n<li><a href='?page_no=12407'>12407<\/a><\/li>\n\n\n\n<li class='active'><a>12408<\/a><\/li>\n\n\n\n<li><a href='?page_no=12409'>12409<\/a><\/li>\n\n\n\n<li><a href='?page_no=12410'>12410<\/a><\/li>\n\n\n\n<li><a>...<\/a><\/li>\n\n\n\n<li><a href='?page_no=13611'>13611<\/a><\/li>\n\n\n\n<li><a href='?page_no=13612'>13612<\/a><\/li>\n\n    \n\t\n\n<li >\n\t<a href='?page_no=12409'>Next<\/a>\n\t<\/li>\n\n\n    \n\n<li><a href='?page_no=13612'>Last &rsaquo;&rsaquo;<\/a><\/li>\n\n<\/ul>\n\n\n--><br \/>\n<\/body><\/p>\n","protected":false},"excerpt":{"rendered":"<p>EL TIRO RAPIDO&#13; &#13; de&#13; &#13; Mario Rivadulla &#13; Nos resultaba extra\u00f1o el rechazo de la Junta Central Electoral a registrar en las pr\u00f2ximas elecciones el voto de los reclusos que guardan prisi\u00f2n cautelar a espera de juicio.\u00a0 Esto as\u00ec porque el tema se aire\u00f2 hace alg\u00f9n tiempo y qued\u00f2 bien establecido que desde un [&hellip;]<\/p>\n","protected":false},"author":3,"featured_media":0,"comment_status":"open","ping_status":"open","sticky":false,"template":"","format":"standard","meta":{"footnotes":""},"categories":[16],"tags":[],"class_list":["post-36557","post","type-post","status-publish","format-standard","hentry","category-opiniones"],"_links":{"self":[{"href":"https:\/\/diariodominicano.com\/index.php?rest_route=\/wp\/v2\/posts\/36557","targetHints":{"allow":["GET"]}}],"collection":[{"href":"https:\/\/diariodominicano.com\/index.php?rest_route=\/wp\/v2\/posts"}],"about":[{"href":"https:\/\/diariodominicano.com\/index.php?rest_route=\/wp\/v2\/types\/post"}],"author":[{"embeddable":true,"href":"https:\/\/diariodominicano.com\/index.php?rest_route=\/wp\/v2\/users\/3"}],"replies":[{"embeddable":true,"href":"https:\/\/diariodominicano.com\/index.php?rest_route=%2Fwp%2Fv2%2Fcomments&post=36557"}],"version-history":[{"count":0,"href":"https:\/\/diariodominicano.com\/index.php?rest_route=\/wp\/v2\/posts\/36557\/revisions"}],"wp:attachment":[{"href":"https:\/\/diariodominicano.com\/index.php?rest_route=%2Fwp%2Fv2%2Fmedia&parent=36557"}],"wp:term":[{"taxonomy":"category","embeddable":true,"href":"https:\/\/diariodominicano.com\/index.php?rest_route=%2Fwp%2Fv2%2Fcategories&post=36557"},{"taxonomy":"post_tag","embeddable":true,"href":"https:\/\/diariodominicano.com\/index.php?rest_route=%2Fwp%2Fv2%2Ftags&post=36557"}],"curies":[{"name":"wp","href":"https:\/\/api.w.org\/{rel}","templated":true}]}}