{"id":36556,"date":"2008-01-07T13:22:16","date_gmt":"2008-01-07T13:22:16","guid":{"rendered":"http:\/\/diariodominicano.ddns.net\/?p=36556"},"modified":"2008-01-07T13:22:16","modified_gmt":"2008-01-07T13:22:16","slug":"las-principales-en-teledebate-19","status":"publish","type":"post","link":"https:\/\/diariodominicano.com\/?p=36556","title":{"rendered":"LAS PRINCIPALES EN TELEDEBATE"},"content":{"rendered":"<p><body><\/p>\n<p align=\"justify\"><span class=\"titulogrande1\">LAS PRINCIPALES EN TELEDEBATE<\/span><br \/>&#13;<br \/>\n  <br \/>&#13;<br \/>\n    <span class=\"text1noticias\">Jueves  3,01,08<\/span><\/p>\n<p>&#13;<\/p>\n<p align=\"justify\" class=\"text1noticias\"><strong>MENOS MUERTOS,MAS LESIONADOS.<\/strong> Las \u00f9ltimas cifras oficiales  arrojan un total de 35 muertos con motivo de las festividades de A\u00f1o Nuevo,  principalmente por accidentes de tr\u00e0nsito, ocasionados en buena medida por conductores  desaprensivos pasados de tragos.\u00a0 Su  n\u00f9mero es menor que el del a\u00f1o anterior.\u00a0  En cambio creci\u00f2 la cantidad de lesionados que fue superior a la del  2007, entre \u00e8stos dos ni\u00f1os que resultaron heridos por las mal llamadas balas  perdidas.<\/p>\n<p>&#13;<\/p>\n<p align=\"justify\" class=\"text1noticias\"><strong>LA HIGIENE ES  PRIORIDAD.<\/strong>\u00a0 Son muchas las quejas de los  mun\u00eccipes del Distrito Nacional debido al gran c\u00f9mulo de basura maloliente,  contaminante y de alto riesgo para la salud y la ausencia de los camiones de  recogida.\u00a0 Por falta de recursos no ser\u00e0  por cuanto el S\u00ecndico Roberto Salcedo anuncia para este a\u00f1o la inversi\u00f2n de 600  millones de pesos en diferentes proyectos.\u00a0  El mayor capitale\u00f1o no debe olvidar sin embargo que la higiene de la  urbe debe ser su primera prioridad.<\/p>\n<p>&#13;<\/p>\n<p align=\"justify\" class=\"text1noticias\"><strong>EL PRESIDENTE TIENE LA ULTIMA PALABRA.\u00a0<\/strong> El Secretario de Hacienda Vicente Bengoa no  pierde oportunidad para expresar su criterio de que es opuesto a que\u00a0 el pa\u00ecs contin\u00f9e atado al Fondo Monetario  Internacional, aunque advierte que es una decisi\u00f2n colectiva del llamado  Gabinete Econ\u00f2mico del Gobierno.\u00a0 M\u00e0s que  decisi\u00f2n, sin embargo, ser\u00eca de simple recomendaci\u00f2n ya que la palabra final le  corresponde al Presidente Leonel Fern\u00e0ndez.<\/p>\n<p>&#13;<\/p>\n<p align=\"justify\" class=\"text1noticias\"><strong>APOYAN SEGUIR CON EL FMI.<\/strong>\u00a0 Como quiera que el actual acuerdo stand by  vencer\u00e0 a finales del presente mes de Enero, el mandatario deber\u00e0 tomar  decisi\u00f2n en los pr\u00f2ximos d\u00ecas.\u00a0 El  Gobernador del Banco Central, Valdez Albizu, es partidario de continuar con el  Fondo, y se tiene entendido que es tambi\u00e8n la opini\u00f2n de Tem\u00ecstocles Mont\u00e0s y  de Rub\u00e8n Camilo, Superintendente de Bancos.\u00a0  El empresariado apoya esta postura por considerar que el Fondo  contribuye a mantener la disciplina fiscal.<\/p>\n<p>&#13;<\/p>\n<p align=\"justify\" class=\"text1noticias\"><strong>PREOCUPACIONES DEL  EMPRESARIADO:\u00a0<\/strong> Hablando del empresariado,  el presidente del CONEP, Lisandro Macarulla, identifica como elementos de  preocupaci\u00f2n de dicha sector la pr\u00f2ximidad del proceso electoral que deber\u00e0  iniciarse formalmente este mes aunque ya corre desde hace tiempo, la situaci\u00f2n  econ\u00f2mica de los Estados Unidos con sus obvios reflejos locales y el alza  sostenida del precio del petr\u00f2leo que ayer rompi\u00f2 la barrera de los cien  d\u00f2lares el barril.<\/p>\n<p>&#13;<\/p>\n<p align=\"justify\" class=\"text1noticias\"><strong>NADAN Y GUARDAN LA ROPA.<\/strong>\u00a0   A diferencia de los diputados que aprobaron al vapor  el proyecto de proyecto de Ingresos y Ley de Gastos P\u00f9blicos, los senadores han  sabido moverse con mayor elegancia enviando a comisi\u00f2n el mismo, discutiendo su  contenido con el Secretario de Hacienda y planteando cambios en algunos puntos  que\u00a0 resultan violatorios de la Constituci\u00f2n.<br \/>&#13;<br \/>\n  <br \/> &#13;<br \/>\nAl  menos, est\u00e0n nadando y guardando la ropa.\u00a0 <\/p>\n<p>&#13;<\/p>\n<p align=\"justify\" class=\"text1noticias\"><strong>INFORMACION OFICIAL.\u00a0<\/strong> Preocupante los brotes de gripe aviar que se  han detectado en el pa\u00ecs.\u00a0 <br \/>&#13;<br \/>\n  <br \/>&#13;<br \/>\nComo hay  informaciones un tanto contradictorias sobre la cantidad de aves afectadas y  los lugares donde se ha comprobado su existencia, es de orden que las autoridades  ofrezcan una versi\u00f2n oficial detallada sobre el tema para despejar dudas, en  particular en lo tocante a posibles efectos en seres humanos y medidas de  protecci\u00f2n a poner en pr\u00e0ctica.\u00a0 <\/p>\n<p>&#13;<\/p>\n<p align=\"justify\" class=\"text1noticias\"><strong>ESCASEZ DE AGUA.\u00a0<\/strong> Santiago todav\u00eca est\u00e0 sufriendo los efectos  de la escasez de agua potable.\u00a0 <br \/>&#13;<br \/>\n  <br \/>&#13;<br \/>\nAhora  mismo se estima que hay un d\u00e8ficit de unos veinte millones de galones  diarios.\u00a0 Desde el paso de Olga se  report\u00f2 que el acueducto de la capital del Cibao hab\u00eca sufrido grav\u00ecsimos da\u00f1os  que requerir\u00ecan una inversi\u00f2n de 300 millones de pesos y al menos mes y medio  para ser reparados.\u00a0 Es preciso que los  trabajos en este sentido sean agilizados al m\u00e0ximo.<\/p>\n<p>&#13;<\/p>\n<p align=\"justify\" class=\"text1noticias\"><strong>EL INVI TRABAJA.\u00a0<\/strong> El INVI por su parte reporta por su parte la  reparaci\u00f2n de 309 viviendas que fueron afectadas por Olga en distintos sectores  de la Ciudad Coraz\u00f2n.\u00a0 Quedan por reparar uns 467 las cuales la  directora del organismo, Alma Fern\u00e0ndez, se ha comprometido a que estar\u00e0n  listas antes de finalizar el mes.\u00a0  Tambi\u00e8n la funcionaria di\u00f2 seguridades de que en los pr\u00f2ximos d\u00ecas se  iniciar\u00e0 la construcci\u00f2n de 600 viviendas para damnificados por el paso de la  tormenta.<\/p>\n<p>&#13;<\/p>\n<p align=\"justify\" class=\"text1noticias\"><strong>GRAN FIGURA DEL BALLET.<\/strong> Desde  Miami, donde resid\u00eca, se reporta el fallecimiento del gran arquitecto del  ballet cubano, Alberto Alonso. Junto a su hermano Fernando y su ex cu\u00f1ada, la  excelsa ballerina Alicia Alonso, sent\u00f2 las bases del Ballet Nacional de Cuba y  la llamada Escuela Cubana de Ballet. Antes de alcanzar fama mundial como  core\u00f2grafo que abarc\u00f2 todos los g\u00e8neros, fue bailar\u00ecn principal del Ballet Ruso  de Montecarlo e integrante del American Theatre Ballet.<\/p>\n<p>&#13;<\/p>\n<p align=\"justify\" class=\"text1noticias\"><strong>ARTICULO DE LUJO.\u00a0 <\/strong>No s\u00f2lo el petr\u00f2leo sube de precio en el  mercado internacional. Ahora se reporta tambi\u00e8n una nueva alza en el trigo del  orden de un quince por ciento. Esto, m\u00e0s otros incrementos de costos, provocar\u00e0  un nuevo aumento en el precio del pan o una nueva reducci\u00f2n de su tama\u00f1o. De  continuar la tendencia alcista, el pan pudiera terminar convertido en un  art\u00ecculo de lujo y no en un miembro de la canasta familiar.<\/p>\n<p>&#13;<\/p>\n<h6> 2008-01-07 13:22:16 <\/h6>\n<p><!--\n<link rel=\"stylesheet\" href=\"css\/bootstrap.min.css\">\n\n\n<ul class=\"pagination\">\n\t    \n\t\n\n<li >\n\t<a href='?page_no=12406'>Previous<\/a>\n\t<\/li>\n\n\n       \n    \n\n<li><a href='?page_no=1'>1<\/a><\/li>\n\n\n\n<li><a href='?page_no=2'>2<\/a><\/li>\n\n\n\n<li><a>...<\/a><\/li>\n\n\n\n<li><a href='?page_no=12405'>12405<\/a><\/li>\n\n\n\n<li><a href='?page_no=12406'>12406<\/a><\/li>\n\n\n\n<li class='active'><a>12407<\/a><\/li>\n\n\n\n<li><a href='?page_no=12408'>12408<\/a><\/li>\n\n\n\n<li><a href='?page_no=12409'>12409<\/a><\/li>\n\n\n\n<li><a>...<\/a><\/li>\n\n\n\n<li><a href='?page_no=13611'>13611<\/a><\/li>\n\n\n\n<li><a href='?page_no=13612'>13612<\/a><\/li>\n\n    \n\t\n\n<li >\n\t<a href='?page_no=12408'>Next<\/a>\n\t<\/li>\n\n\n    \n\n<li><a href='?page_no=13612'>Last &rsaquo;&rsaquo;<\/a><\/li>\n\n<\/ul>\n\n\n--><br \/>\n<\/body><\/p>\n","protected":false},"excerpt":{"rendered":"<p>LAS PRINCIPALES EN TELEDEBATE&#13; &#13; Jueves 3,01,08 &#13; MENOS MUERTOS,MAS LESIONADOS. Las \u00f9ltimas cifras oficiales arrojan un total de 35 muertos con motivo de las festividades de A\u00f1o Nuevo, principalmente por accidentes de tr\u00e0nsito, ocasionados en buena medida por conductores desaprensivos pasados de tragos.\u00a0 Su n\u00f9mero es menor que el del a\u00f1o anterior.\u00a0 En cambio [&hellip;]<\/p>\n","protected":false},"author":3,"featured_media":0,"comment_status":"open","ping_status":"open","sticky":false,"template":"","format":"standard","meta":{"footnotes":""},"categories":[16],"tags":[],"class_list":["post-36556","post","type-post","status-publish","format-standard","hentry","category-opiniones"],"_links":{"self":[{"href":"https:\/\/diariodominicano.com\/index.php?rest_route=\/wp\/v2\/posts\/36556","targetHints":{"allow":["GET"]}}],"collection":[{"href":"https:\/\/diariodominicano.com\/index.php?rest_route=\/wp\/v2\/posts"}],"about":[{"href":"https:\/\/diariodominicano.com\/index.php?rest_route=\/wp\/v2\/types\/post"}],"author":[{"embeddable":true,"href":"https:\/\/diariodominicano.com\/index.php?rest_route=\/wp\/v2\/users\/3"}],"replies":[{"embeddable":true,"href":"https:\/\/diariodominicano.com\/index.php?rest_route=%2Fwp%2Fv2%2Fcomments&post=36556"}],"version-history":[{"count":0,"href":"https:\/\/diariodominicano.com\/index.php?rest_route=\/wp\/v2\/posts\/36556\/revisions"}],"wp:attachment":[{"href":"https:\/\/diariodominicano.com\/index.php?rest_route=%2Fwp%2Fv2%2Fmedia&parent=36556"}],"wp:term":[{"taxonomy":"category","embeddable":true,"href":"https:\/\/diariodominicano.com\/index.php?rest_route=%2Fwp%2Fv2%2Fcategories&post=36556"},{"taxonomy":"post_tag","embeddable":true,"href":"https:\/\/diariodominicano.com\/index.php?rest_route=%2Fwp%2Fv2%2Ftags&post=36556"}],"curies":[{"name":"wp","href":"https:\/\/api.w.org\/{rel}","templated":true}]}}