{"id":36555,"date":"2008-01-07T13:25:41","date_gmt":"2008-01-07T13:25:41","guid":{"rendered":"http:\/\/diariodominicano.ddns.net\/?p=36555"},"modified":"2008-01-07T13:25:41","modified_gmt":"2008-01-07T13:25:41","slug":"los-temas-de-teledebate-7","status":"publish","type":"post","link":"https:\/\/diariodominicano.com\/?p=36555","title":{"rendered":"LOS TEMAS DE TELEDEBATE"},"content":{"rendered":"<p><body><\/p>\n<h1 class=\"titulogrande1\">LOS TEMAS DE TELEDEBATE<\/h1>\n<p>&#13;<\/p>\n<h1 align=\"justify\" class=\"text1noticias\"><strong>NOTAS DE DOLOR.\u00a0<\/strong>  Los d\u00ecas finales de Diciembre nos siguieron dejando vac\u00ecos en la  sociedad dominicana de figuras conocidas.\u00a0  Uno de ellos, el historiador Holgu\u00ecn Veras.\u00a0 Otro, el empresario Manuel, Ney, Perdomo,  quien recibi\u00f2 sepultura ayer en Santiago, propietario del ya desaparecido Cine  Doble, por muchos a\u00f1os la \u00f9nica sala cinematogr\u00e0fica con que contaba la ciudad  de los 30 Caballeros. Finalmente, el ingeniero Jos\u00e8 Tejeda, ex vicepresidente  de Negocios de Metaldom, ya en retiro,\u00a0  hermano de Monse\u00f1or Pr\u00ecamo Tejeda, quien falleci\u00f2 en Colombia y cuyos  restos llegar\u00e0n ma\u00f1ana en la tarde al pa\u00ecs, siendo velados a partir de las  cinco en la   Funeraria Blandino de la Abraham Lincoln.\u00a0 Descansen en paz.<\/h1>\n<p>&#13;<\/p>\n<p align=\"justify\" class=\"text1noticias\"><strong>EL JUEZ DE EJECUCION DE LA PENA.<\/strong>\u00a0   El nuevo y controversial C\u00f2digo Procesal Penal  vigente, entre otras novedades, nos trajo la del llamado \u201cJuez de Ejecuci\u00f2n de la Pena\u201d.\u00a0 Usted es condenado en un tribunal a pena  carcelaria, pero el fallo no se materializa de inmediato sino despu\u00e8s que la sentencia  es informada al Juez de Ejecuci\u00f2n de la   Pena y \u00e8sta dispone se haga efectiva la misma.\u00a0 Esto ha tra\u00ecdo como consecuencia que m\u00e0s de  un procesado ha estado presente en el tribunal al momento de ser sancionado a  pena de prisi\u00f2n y tranquilamente salga por sus pies del mismo sin que nadie lo  moleste.\u00a0 No pocos se dan a la fuga sin  salir del pa\u00ecs, otros en cambio se evaden al extranjero.\u00a0 En esto \u00f9ltimo juega tambi\u00e8n la vulnerabilidad  de nuestro sistema carcelario. Pero de eso hablaremos en el pr\u00f2ximo segmento.<\/p>\n<p>&#13;<\/p>\n<p align=\"justify\" class=\"text1noticias\"><strong>EL SISTEMA CARCELARIO.\u00a0<\/strong>  Que nuestro sistema carcelario es obsoleto nadie lo duda, pese a que  deja sentir algunos vagidos positivos en el camino de la rehabilitaci\u00f2n.\u00a0 Varios programas se implementan en este  sentido siempre con vistas a que los beneficiarios, de acuerdo a su  comportamiento, puedan reclamar solicitar su indulto una vez cumplida al menos  la mitad de la pena.\u00a0 Pero el desorden en  general, es evidente. Son muchas las ocasiones en que, como por arte de magia,  aparecen en la calle cometiendo las m\u00e0s graves fechor\u00ecas, elementos condenados  que se supon\u00eca purgaban sus penas en la prisi\u00f2n. Ah\u00ec est\u00e0, entre otros muchos  ejemplos, el caso del condenado como matador del senador Dar\u00eco G\u00f2mez, quien  estaba supuesto a encontrarse cumpliendo una pena carcelaria de 30 a\u00f1os, sin  que se supiera c\u00f2mo se encontraba en libertad. <br \/>&#13;<br \/>\n  <br \/>&#13;<br \/>\n  Las autoridades nunca explican  la forma en que se produce el milagro. Ahora mismo, con motivo del indulto de  la se\u00f1ora Miriam Brito, es que nos enteramos que la acusada y sancionada a 30  a\u00f1os como autora material del crimen del arenero Jos\u00e8 Castro, nunca estuvo en prisi\u00f2n, fue condenada en  contumacia y se encuentra pr\u00f2fuga. Lo grave es que al parecer tampoco el  despacho del Procurador General estaba al tanto de esa realidad.Posiblemente  tampoco el mismo sistema de prisiones que con frecuencia ha demostrado no saber  a ciencia cierta qui\u00e8nes est\u00e0n presos y qui\u00e8nes no.<\/p>\n<p>&#13;<\/p>\n<p align=\"justify\" class=\"text1noticias\"><strong>NOVELA POR ENTREGAS.\u00a0<\/strong>  Pas\u00f2 la Navidad  y pas\u00f2 el Nuevo A\u00f1o y las angustiadas familias de los rehenes que iban a ser  liberados por las llamadas Fuerzas Armadas de Colombia no pudieron darles el  ansiado abrazo despu\u00e8s de varios a\u00f1os de cautiverio.\u00a0 La impresi\u00f2n que uno se lleva es que las FARC  est\u00e0n haciendo de este falso expediente humanitario todo un show  propagand\u00ecstico y pol\u00ectico para una causa que est\u00e0 cada vez m\u00e0s  desacreditada.\u00a0 Es evidente que el pueblo  colombiano rechaza en su gran mayor\u00eca a las FARC y lo que \u00e8stas representan. A  diferencia de otros grupos extremistas que se han incorporado al quehacer  pol\u00ectico, en no pocos casos con exitosos resultados, las FARC insisten en  mantener una posici\u00f2n que al cabo de cuarenta a\u00f1os no ha podido debilitar las  bases institucionales de Colombia ni atraer elementos nuevos y de peso para su  causa hoy teniendo como escenario de influencia las \u00e0reas de cultivo de la coca  y contando con el financiamiento del narcotr\u00e0fico internacional. La liberaci\u00f2n,  si se produce, reiteramos, no tiene nada de humanitaria.\u00a0 El secuestro est\u00e0 considerado como delito de  lesa humanidad.\u00a0 Los secuestros indiscriminados  de las FARC son injustos, arbitrarios e ilegales y tienen que ser calificados  como acciones criminales por m\u00e0s que quieran arroparse en ideales de justicia  social.<\/p>\n<p>&#13;<\/p>\n<p align=\"justify\" class=\"text1noticias\"><strong>GROSERA EVASION.\u00a0<\/strong> El  caso del joven trabajador de la construcci\u00f2n de nacionalidad haitiana que en  semanas recientes cay\u00f2 de la quinta planta de un edificio de diez donde  laboraba, pone de manifiesto una vez m\u00e0s el alto grado de evasi\u00f2n en el pago  del Seguro Social por parte de un n\u00f9mero elevado de desaprensivos empresarios  que descuentan su importe a los obreros pero no reportan ni entregan dichos  recursos al organismo correspondiente.\u00a0  El resultado es que cuando uno de los trabajadores se accidenta, como  ocurri\u00f2 en el presentre caso, el trabajador se ve privado de sus derechos.\u00a0 En el caso de este joven, que sufri\u00f2 graves  lesiones en la columna vertebral, la publicidad dada a su caso contribuy\u00f2 a que  el Jefe de la Polic\u00eca   Nacional lo adoptara y colocara bajo su protecci\u00f2n llev\u00e0ndolo  al hospital de la instituci\u00f2n donde recibe las ateciones de lugar.\u00a0 Con la divulgaci\u00f2n de este caso tambi\u00e8n se ha  dado acogida a la informaci\u00f2n de que tan solo el sector de la construcci\u00f2n  adeuda por este concepto la respetable suma de mil 300 millones de pesos. Descontar  a los trabajadores y no pagar al Instituto es un doble delito.\u00a0 La gran pregunta es&#8230; \u00bfNo dispone el  Instituto de mecanismos de reclamo para hacer efectiva esta deuda? \u00bfNo son  pasibles los evasores de ser sentados en el banquillo de los acusados en caso  de que no obtemperen a los reclamos de que paguen lo que deben aunque no tomen  chocolate?<\/p>\n<p>&#13;<\/p>\n<p align=\"justify\" class=\"text1noticias\"><strong>CAMPA\u00d1A SIN REPOSO.\u00a0<\/strong>  La campa\u00f1a por la   Presidencia de la Rep\u00f9blica no conoci\u00f2 en esta ocasi\u00f2n de la tregua  navide\u00f1a. Los candidatos siguieron en activo todos estos d\u00ecas realizando  recorridos, repartiendo sonrisas, abrazos y aprestones de mano, regalando  cerditos, pollitos, cajas y canastas.\u00a0  Divulgando encuestas donde aparecen como punteros y tratando de  desacreditar aquellas cuyos resultados no les son favorables.\u00a0 Todo esto presagia que tendremos unos meses  muy movidos en la tribuna y en los medios de comunicaci\u00f2n.\u00a0 De desear m\u00e0s que de esperar realmente que  las aguas no se salgan de madre y se produzcan acciones que tengamos que  lamentar.<\/p>\n<p>&#13;<\/p>\n<h6> 2008-01-07 13:25:41 <\/h6>\n<p><!--\n<link rel=\"stylesheet\" href=\"css\/bootstrap.min.css\">\n\n\n<ul class=\"pagination\">\n\t    \n\t\n\n<li >\n\t<a href='?page_no=12405'>Previous<\/a>\n\t<\/li>\n\n\n       \n    \n\n<li><a href='?page_no=1'>1<\/a><\/li>\n\n\n\n<li><a href='?page_no=2'>2<\/a><\/li>\n\n\n\n<li><a>...<\/a><\/li>\n\n\n\n<li><a href='?page_no=12404'>12404<\/a><\/li>\n\n\n\n<li><a href='?page_no=12405'>12405<\/a><\/li>\n\n\n\n<li class='active'><a>12406<\/a><\/li>\n\n\n\n<li><a href='?page_no=12407'>12407<\/a><\/li>\n\n\n\n<li><a href='?page_no=12408'>12408<\/a><\/li>\n\n\n\n<li><a>...<\/a><\/li>\n\n\n\n<li><a href='?page_no=13611'>13611<\/a><\/li>\n\n\n\n<li><a href='?page_no=13612'>13612<\/a><\/li>\n\n    \n\t\n\n<li >\n\t<a href='?page_no=12407'>Next<\/a>\n\t<\/li>\n\n\n    \n\n<li><a href='?page_no=13612'>Last &rsaquo;&rsaquo;<\/a><\/li>\n\n<\/ul>\n\n\n--><br \/>\n<\/body><\/p>\n","protected":false},"excerpt":{"rendered":"<p>LOS TEMAS DE TELEDEBATE &#13; NOTAS DE DOLOR.\u00a0 Los d\u00ecas finales de Diciembre nos siguieron dejando vac\u00ecos en la sociedad dominicana de figuras conocidas.\u00a0 Uno de ellos, el historiador Holgu\u00ecn Veras.\u00a0 Otro, el empresario Manuel, Ney, Perdomo, quien recibi\u00f2 sepultura ayer en Santiago, propietario del ya desaparecido Cine Doble, por muchos a\u00f1os la \u00f9nica sala [&hellip;]<\/p>\n","protected":false},"author":3,"featured_media":0,"comment_status":"open","ping_status":"open","sticky":false,"template":"","format":"standard","meta":{"footnotes":""},"categories":[16],"tags":[],"class_list":["post-36555","post","type-post","status-publish","format-standard","hentry","category-opiniones"],"_links":{"self":[{"href":"https:\/\/diariodominicano.com\/index.php?rest_route=\/wp\/v2\/posts\/36555","targetHints":{"allow":["GET"]}}],"collection":[{"href":"https:\/\/diariodominicano.com\/index.php?rest_route=\/wp\/v2\/posts"}],"about":[{"href":"https:\/\/diariodominicano.com\/index.php?rest_route=\/wp\/v2\/types\/post"}],"author":[{"embeddable":true,"href":"https:\/\/diariodominicano.com\/index.php?rest_route=\/wp\/v2\/users\/3"}],"replies":[{"embeddable":true,"href":"https:\/\/diariodominicano.com\/index.php?rest_route=%2Fwp%2Fv2%2Fcomments&post=36555"}],"version-history":[{"count":0,"href":"https:\/\/diariodominicano.com\/index.php?rest_route=\/wp\/v2\/posts\/36555\/revisions"}],"wp:attachment":[{"href":"https:\/\/diariodominicano.com\/index.php?rest_route=%2Fwp%2Fv2%2Fmedia&parent=36555"}],"wp:term":[{"taxonomy":"category","embeddable":true,"href":"https:\/\/diariodominicano.com\/index.php?rest_route=%2Fwp%2Fv2%2Fcategories&post=36555"},{"taxonomy":"post_tag","embeddable":true,"href":"https:\/\/diariodominicano.com\/index.php?rest_route=%2Fwp%2Fv2%2Ftags&post=36555"}],"curies":[{"name":"wp","href":"https:\/\/api.w.org\/{rel}","templated":true}]}}