{"id":365535,"date":"2022-07-01T20:16:23","date_gmt":"2022-07-02T00:16:23","guid":{"rendered":"http:\/\/diariodominicano.com\/?p=365535"},"modified":"2022-07-01T20:21:59","modified_gmt":"2022-07-02T00:21:59","slug":"el-mes-de-julio-en-la-historia-registra-muertes-de-los-padres-de-la-patria-y-de-3-jefes-de-estado","status":"publish","type":"post","link":"https:\/\/diariodominicano.com\/?p=365535","title":{"rendered":"El mes de Julio en la historia: registra muertes de los Padres de la Patria y de 3 jefes de Estado"},"content":{"rendered":"\n<figure class=\"wp-block-image size-full\"><img loading=\"lazy\" decoding=\"async\" width=\"370\" height=\"565\" src=\"https:\/\/diariodominicano.com\/wp-content\/uploads\/2022\/01\/sanchezarc0.jpg\" alt=\"\" class=\"wp-image-324381\" srcset=\"https:\/\/diariodominicano.com\/wp-content\/uploads\/2022\/01\/sanchezarc0.jpg 370w, https:\/\/diariodominicano.com\/wp-content\/uploads\/2022\/01\/sanchezarc0-196x300.jpg 196w\" sizes=\"auto, (max-width: 370px) 100vw, 370px\" \/><figcaption>Francisco del Rosario S\u00e1nchez<\/figcaption><\/figure>\n\n\n\n<figure class=\"wp-block-image size-large\"><img loading=\"lazy\" decoding=\"async\" width=\"1024\" height=\"526\" src=\"https:\/\/diariodominicano.com\/wp-content\/uploads\/2021\/02\/25-de-febrero-de-1816-Nace-Matias-Ramon-Mella-1024x526.jpg\" alt=\"\" class=\"wp-image-265091\" srcset=\"https:\/\/diariodominicano.com\/wp-content\/uploads\/2021\/02\/25-de-febrero-de-1816-Nace-Matias-Ramon-Mella-1024x526.jpg 1024w, https:\/\/diariodominicano.com\/wp-content\/uploads\/2021\/02\/25-de-febrero-de-1816-Nace-Matias-Ramon-Mella-300x154.jpg 300w, https:\/\/diariodominicano.com\/wp-content\/uploads\/2021\/02\/25-de-febrero-de-1816-Nace-Matias-Ramon-Mella-768x395.jpg 768w, https:\/\/diariodominicano.com\/wp-content\/uploads\/2021\/02\/25-de-febrero-de-1816-Nace-Matias-Ramon-Mella-1536x789.jpg 1536w, https:\/\/diariodominicano.com\/wp-content\/uploads\/2021\/02\/25-de-febrero-de-1816-Nace-Matias-Ramon-Mella-2048x1052.jpg 2048w, https:\/\/diariodominicano.com\/wp-content\/uploads\/2021\/02\/25-de-febrero-de-1816-Nace-Matias-Ramon-Mella-816x419.jpg 816w\" sizes=\"auto, (max-width: 1024px) 100vw, 1024px\" \/><figcaption>Mat\u00edas Ram\u00f3n Mella<\/figcaption><\/figure>\n\n\n\n<figure class=\"wp-block-image size-full\"><img loading=\"lazy\" decoding=\"async\" width=\"375\" height=\"375\" src=\"https:\/\/diariodominicano.com\/wp-content\/uploads\/2022\/07\/FAUSTO.jpg\" alt=\"\" class=\"wp-image-365538\" srcset=\"https:\/\/diariodominicano.com\/wp-content\/uploads\/2022\/07\/FAUSTO.jpg 375w, https:\/\/diariodominicano.com\/wp-content\/uploads\/2022\/07\/FAUSTO-300x300.jpg 300w, https:\/\/diariodominicano.com\/wp-content\/uploads\/2022\/07\/FAUSTO-150x150.jpg 150w, https:\/\/diariodominicano.com\/wp-content\/uploads\/2022\/07\/FAUSTO-88x88.jpg 88w\" sizes=\"auto, (max-width: 375px) 100vw, 375px\" \/><figcaption>Fausto Araujo<\/figcaption><\/figure>\n\n\n\n<p><strong>Por FAUSTO ARAUJO&nbsp;<\/strong><\/p>\n\n\n\n<p>EL mes de julio -al igual que los de febrero y agosto- est\u00e1 repleto, inequ\u00edvocamente, de muchos acontecimientos importantes en el orden pol\u00edtico, social, hist\u00f3rico y electoral de la Rep\u00fablica Dominicana, siendo los m\u00e1s impactantes la desaparici\u00f3n f\u00edsica de los Padres de la Patria y de tres jefes de Estado.&nbsp;<\/p>\n\n\n\n<p>Los protagonistas principales son los Patricios Juan Pablo Duarte, Francisco del Rosario S\u00e1nchez y Ramon Mat\u00edas Mella; as\u00ed como los ex presidentes de la Rep\u00fablica Ulises Heureaux, Joaqu\u00edn Balaguer Ricardo, y Antonio Guzm\u00e1n Fern\u00e1ndez.&nbsp;<\/p>\n\n\n\n<p>Tambi\u00e9n, forman parte de acontecimientos de trascendencias en el mes de julio los partidos Revolucionario Dominicano (PRD), Reformista Social Cristiano (PRSC) y Revolucionario Moderno (PRM): el primero que registra la llegada al pa\u00eds de sus principales dirigentes, despu\u00e9s de finalizada la dictadura que por 30 a\u00f1os implant\u00f3 Rafael Le\u00f3nidas Trujillo; el Reformista, su fecha de fundaci\u00f3n y el Revolucionario Moderno, su primer triunfo electoral.&nbsp;<\/p>\n\n\n\n<p>En efecto, este a\u00f1o del mes de julio arribamos al 146 aniversario del fallecimiento, en Venezuela, del Padre de la Patria, Juan Pablo Duarte; a los 161 del fusilamiento del Patricio Francisco del Rosario S\u00e1nchez y el 158 del deceso, en Santiago, del tambi\u00e9n Patricio Ram\u00f3n Mat\u00edas Mella.&nbsp;<\/p>\n\n\n\n<p>De igual manera, al 40 aniversario del suicidio en pleno Palacio Nacional del entonces presidente de la Rep\u00fablica, Antonio Guzm\u00e1n Fern\u00e1ndez; al 123 del ajusticiamiento de Ulises Hilari\u00f3n Heureaux Lebert (1845-1899), mejor conocido como Lil\u00eds, y a los 20 a\u00f1os de la defunci\u00f3n de Joaqu\u00edn Antonio Balaguer Ricardo (1906-2002).&nbsp;<\/p>\n\n\n\n<p>La desaparici\u00f3n f\u00edsica de Duarte tuvo lugar el 15 de julio de 1876, mientras se encontraba en Venezuela; la de S\u00e1nchez, el 4 de julio de 1861, tras ser fusilado en momentos en que luchaba contra la anexi\u00f3n del pa\u00eds a Espa\u00f1a, y la de Mella ocurri\u00f3 el 4 de julio de 1864.&nbsp;<\/p>\n\n\n\n<p>La expiraci\u00f3n de Guzm\u00e1n Fern\u00e1ndez (agr\u00f3nomo, empresario y pol\u00edtico) se produjo el 4 de julio de 1982, mientras que Lil\u00eds, quien fuera un militar y pol\u00edtico dominicano que ocup\u00f3 el Poder de 1882 a 1883, en 1887 y de 1889 a 1899, fue ajusticiado el 26 de julio de 1899. Balaguer, poeta, pol\u00edtico, abogado y ensayista, que ejerci\u00f3 la Presidencia de la Rep\u00fablica en siete ocasiones, de 1960 a 1962, de 1966 a 1978 y de 1986 al 1996, pereci\u00f3 el 14 de julio de 2002.&nbsp;<\/p>\n\n\n\n<p>La dictadura encabezada por Heureaux Lebert llev\u00f3 a la Rep\u00fablica Dominicana a una crisis econ\u00f3mica, social y pol\u00edtica muy funesta, la cual tuvo mucho que ver \u2013de acuerdo con los historiadores- con la intervenci\u00f3n norteamericana al territorio nacional en 1916.&nbsp;<\/p>\n\n\n\n<p>De su lado, Balaguer, comenz\u00f3 su carrera pol\u00edtica poco antes de 1930 y cuando Trujillo Molina tom\u00f3 el control del gobierno en ese a\u00f1o, ocup\u00f3 cargos menores. M\u00e1s tarde fue ascendiendo hasta convertirse en miembro del c\u00edrculo de colaboradores cercanos del dictador, llegando incluso a ocupar la Vicepresidencia y la Presidencia de la Rep\u00fablica.&nbsp;<\/p>\n\n\n\n<p>Durante la Era de Trujillo fungi\u00f3 como secretario de la Embajada Dominicana en Madrid, Espa\u00f1a, (1932-1935), Subsecretario de la Presidencia (1936), Subsecretario de Relaciones Exteriores (1937), Embajador Extraordinario en Colombia y Ecuador (1940-43 y 1943-47), Embajador en M\u00e9xico (1947-1949), secretario de Educaci\u00f3n (1949-1955), secretario de Estado de Relaciones Exteriores (1955-57), vicepresidente de la Rep\u00fablica y presidente de la Rep\u00fablica.&nbsp;<\/p>\n\n\n\n<p>Los presidentes Lil\u00eds, Guzm\u00e1n Fern\u00e1ndez y Balaguer finaron (insistimos) en el mes de julio en 1899, 1982 y 2002, respectivamente: el primero ajusticiado, el segundo mediante suicidio y el tercero de insuficiencia card\u00edaca.&nbsp;<\/p>\n\n\n\n<p>Otros acontecimientos importantes que recoge la historia dominicana del mes de julio lo constituyen la fundaci\u00f3n de la Sociedad Secreta La Trinitaria, el 16 de julio de 1838 (creada por Duarte); la revoluci\u00f3n protagonizada por los comerciantes del Cibao contra el gobierno de Buenaventura B\u00e1ez, el 7 de julio de 1857 y el abandono del territorio nacional -el 12 de julio de 1924- por parte de las tropas de ocupaci\u00f3n norteamericana, tras mantenernos invadidos desde 1916.&nbsp;<\/p>\n\n\n\n<p>De igual manera, la llegada a Santo Domingo \u2013el 5 de julio de 1961- de la Comisi\u00f3n Ejecutiva del Partido Revolucionario Dominicano (PRD) integrada por \u00c1ngel Miol\u00e1n, Nicol\u00e1s Silfa y Ram\u00f3n Castillo. El PRD se fund\u00f3 en el exilio en 1939 y sus l\u00edderes solo pudieron entrar al pa\u00eds despu\u00e9s de muerto Trujillo, el 30 de mayo de 1961.&nbsp;<\/p>\n\n\n\n<p>Tambi\u00e9n en julio, pero el d\u00eda 11 de 1955, el profesor Juan Bosch, junto a \u00c1ngel Miol\u00e1n y Nicol\u00e1s Silfa, del PRD, viaja a Viena, Austria v\u00eda B\u00e9lgica para participar en el Congreso de los Trabajadores del Transporte. All\u00ed aprovech\u00f3 el escenario para solicitar el bloqueo contra Trujillo Molina.&nbsp;<\/p>\n\n\n\n<p>Adem\u00e1s, este mes de la Patria registra la fundaci\u00f3n del Partido Reformista, hecho que se produjo el 21 de julio de 1963. Esta organizaci\u00f3n -bajo el liderazgo y presidencia del doctor Joaqu\u00edn Balaguer- dirigi\u00f3 los destinos de la naci\u00f3n durante 22 a\u00f1os.&nbsp;<\/p>\n\n\n\n<p>No podemos dejar de mencionar las Elecciones Extraordinarias Presidenciales y Congresionales del 5 de julio de 2020, las cuales originalmente se ten\u00eda previstas realizar el domingo 17 de mayo, pero fueron postergadas por consenso como medida para salvaguardar la salud de la poblaci\u00f3n a causa de la Pandemia del Covid 19.\u00a0<\/p>\n\n\n\n<p>Fausto Araujo<a target=\"_blank\" href=\"mailto:faraujo22@hotmail.com\" rel=\"noreferrer noopener\">faraujo22@hotmail.com<\/a><\/p>\n","protected":false},"excerpt":{"rendered":"<p>Por FAUSTO ARAUJO&nbsp; EL mes de julio -al igual que los de febrero y agosto- est\u00e1 repleto, inequ\u00edvocamente, de muchos acontecimientos importantes en el orden pol\u00edtico, social, hist\u00f3rico y electoral de la Rep\u00fablica Dominicana, siendo los m\u00e1s impactantes la desaparici\u00f3n f\u00edsica de los Padres de la Patria y de tres jefes de Estado.&nbsp; Los protagonistas [&hellip;]<\/p>\n","protected":false},"author":28,"featured_media":265176,"comment_status":"closed","ping_status":"","sticky":true,"template":"","format":"standard","meta":{"footnotes":""},"categories":[36,26],"tags":[],"class_list":["post-365535","post","type-post","status-publish","format-standard","has-post-thumbnail","hentry","category-hombresmujeresycosas","category-efemerides"],"_links":{"self":[{"href":"https:\/\/diariodominicano.com\/index.php?rest_route=\/wp\/v2\/posts\/365535","targetHints":{"allow":["GET"]}}],"collection":[{"href":"https:\/\/diariodominicano.com\/index.php?rest_route=\/wp\/v2\/posts"}],"about":[{"href":"https:\/\/diariodominicano.com\/index.php?rest_route=\/wp\/v2\/types\/post"}],"author":[{"embeddable":true,"href":"https:\/\/diariodominicano.com\/index.php?rest_route=\/wp\/v2\/users\/28"}],"replies":[{"embeddable":true,"href":"https:\/\/diariodominicano.com\/index.php?rest_route=%2Fwp%2Fv2%2Fcomments&post=365535"}],"version-history":[{"count":3,"href":"https:\/\/diariodominicano.com\/index.php?rest_route=\/wp\/v2\/posts\/365535\/revisions"}],"predecessor-version":[{"id":365539,"href":"https:\/\/diariodominicano.com\/index.php?rest_route=\/wp\/v2\/posts\/365535\/revisions\/365539"}],"wp:featuredmedia":[{"embeddable":true,"href":"https:\/\/diariodominicano.com\/index.php?rest_route=\/wp\/v2\/media\/265176"}],"wp:attachment":[{"href":"https:\/\/diariodominicano.com\/index.php?rest_route=%2Fwp%2Fv2%2Fmedia&parent=365535"}],"wp:term":[{"taxonomy":"category","embeddable":true,"href":"https:\/\/diariodominicano.com\/index.php?rest_route=%2Fwp%2Fv2%2Fcategories&post=365535"},{"taxonomy":"post_tag","embeddable":true,"href":"https:\/\/diariodominicano.com\/index.php?rest_route=%2Fwp%2Fv2%2Ftags&post=365535"}],"curies":[{"name":"wp","href":"https:\/\/api.w.org\/{rel}","templated":true}]}}