{"id":36553,"date":"2008-01-08T13:38:53","date_gmt":"2008-01-08T13:38:53","guid":{"rendered":"http:\/\/diariodominicano.ddns.net\/?p=36553"},"modified":"2008-01-08T13:38:53","modified_gmt":"2008-01-08T13:38:53","slug":"las-principales-en-teledebate-18","status":"publish","type":"post","link":"https:\/\/diariodominicano.com\/?p=36553","title":{"rendered":"LAS PRINCIPALES EN TELEDEBATE"},"content":{"rendered":"<p><body><\/p>\n<p class=\"titulogrande1\"><strong>LAS PRINCIPALES EN TELEDEBATE<\/strong><\/p>\n<p>&#13;<\/p>\n<p align=\"justify\" class=\"text1noticias\"><strong>PREGUNTAS QUE REQUIEREN  RESPUESTAS: :<\/strong> \u00bfYa apareci\u00f2 el Libro  de Registro de Nacimientos de Extranjeros de la Maternidad Nuestra Se\u00f1ora de La  Altagracia?\u00a0 \u00bfYa  se sabe la forma en que se extravi\u00f2 o fue sustra\u00ecdo?\u00a0 \u00bfYa, en este \u00f9ltimo caso, el nombre de la  persona responsable? Caso de que a\u00f9n no haya aparecido, \u00bfya se suministr\u00f2 un  nuevo libro?\u00a0 <\/p>\n<p>&#13;<\/p>\n<p align=\"justify\" class=\"text1noticias\"><strong>\u00a1QUE BARBARAZO!<\/strong> \u00bfQui\u00e8n ser\u00eca  ese legislador de la oposici\u00f2n que seg\u00f9n la siempre bien informada e  interesante secci\u00f2n \u201cEl Coctelero\u201d que hace el director de Hoy, Cuchito  Alvarez, tuvo la infortunada e irresponsable idea de decir que el brote de  gripe aviar es un invento del gobierno para desviar la atenci\u00f2n sobre el  desague de la presa de Tavera? \u00a1Barbarazo!<\/p>\n<p>&#13;<\/p>\n<p align=\"justify\" class=\"text1noticias\"><strong>LA COMISION QUE ACTUE.<\/strong> Y hablando  de esa pol\u00e8mica decisi\u00f2n, \u00bfya se convoc\u00f2 la comisi\u00f2n nombrada por el Presidente  de la Rep\u00f9blica para rendir un informe que despeje dudas sobre si los t\u00e8cnicos  a cargo de la misma siguieron al pie de la letra el protocolo que rige el  manejo de la misma?\u00a0 Importante que la  comisi\u00f2n se re\u00f9na cuanto antes y rinda un informe veraz.<\/p>\n<p>&#13;<\/p>\n<p align=\"justify\" class=\"text1noticias\"><strong>POR EL MISMO CENTERFIELD.\u00a0<\/strong> Otro legislador que se llev\u00f2 la cerca fue el  vocero del PLD en la C\u00e0mara, Alejandro Mont\u00e0s, quien declar\u00f2 que el Presupuesto  del 2008 ser\u00e0 aprobado aunque contiene aspectos \u201cda\u00f1inos\u201d, palabras textuales,  y despu\u00e8s de decirlo se ha quedado tan campante como el Johnny Walker de 15  a\u00f1os. Ah, \u00a1qu\u00e8 bien hace pensar en lo que se va a decir antes de decirlo!<\/p>\n<p>&#13;<\/p>\n<p align=\"justify\" class=\"text1noticias\"><strong>EXPONENTE DE DEMOCRACIA.\u00a0<\/strong> Pues todo parece indicar que al Rey Juan  Carlos al cumplir sus setenta a\u00f1os no le ha hecho mella en su popularidad el  haber mandado a callar a Hugo Ch\u00e0vez, despu\u00e8s que \u00e8ste interrumpiese por quinta  vez a su Jefe de Gobierno, Rodr\u00ecguez Zapatero, en la Cumbre de Chile.\u00a0 La mayor\u00eca de los espa\u00f1oles lo consideran un  verdadero exponente y defensor de la democracia.<\/p>\n<p>&#13;<\/p>\n<p align=\"justify\" class=\"text1noticias\"><strong>CHAVEZ NO ESTABA ENTERADO.\u00a0<\/strong> Bueno recordar que el monarca espa\u00f1ol se  empantalon\u00f2 de verdad cuando, a\u00f1os atr\u00e0s, el entonces jefe de la Guardia Civil  quiso llevar a cabo un golpe de estado contra la renaciente democracia  peninsular.\u00a0 Juan Carlos se la jug\u00f2  haciendo frente al militar y sus secuaces y contribuyendo a frustrar la  intentona.\u00a0 El antecedente al parecer se  le hab\u00eca olvidado a Ch\u00e0vez. De recordarlo, quiz\u00e0s no lo hubiese provocado.<\/p>\n<p>&#13;<\/p>\n<p align=\"justify\" class=\"text1noticias\"><strong>EFECTOS DE LA DEMAGOGIA. <\/strong>Volviendo a Cuchito Alvarez y su Coctelera.\u00a0  El experimentado colega, que no es precisamente abanderado de la empresa  privada, recuerda sin embargo que la nacionalizaci\u00f2n de la Rosario Dominicana  trajo como consecuencia que la n\u00f2mina de la compa\u00f1\u00eca minera se viese abultada  de botellas para premiar el activismo partidario, lo que unido a una gesti\u00f2n  deficiente trajo como consecuencia la declinaci\u00f2n de la misma. A eso lleva la  demagogia populista.<\/p>\n<p>&#13;<\/p>\n<p align=\"justify\" class=\"text1noticias\"><strong>NECESITAN VER AL PSIQUIATRA.\u00bfC\u00f2mo?<\/strong>\u00a0 \u00bfQu\u00e9 menores de edad han estado alimentando  los cocodrilos en Los 3 Ojos con perros vivos?\u00a0  El caso es m\u00e0s preocupante de lo que parece a primera vista.\u00a0 Una de las manifestaciones iniciales, m\u00e0s  tempranas y significativas de la psicopat\u00eca son precisamente los actos de  crueldad con los animales.\u00a0 Esos menores  deben ser sometidos a evaluaci\u00f2n psiqui\u00e0trica urgentemente.<\/p>\n<p>&#13;<\/p>\n<p align=\"justify\" class=\"text1noticias\"><strong>\u00bfA CUANTO ASCIENDE EL MARGEN DE  COMERCIALIZACION? <\/strong>El Secretario de Agricultura asegura que 38 productos del  agro han bajado de precio en finca.\u00a0 No  lo dudamos.\u00a0 Pero entonces hay que  investigar a cu\u00e0nto es que suben los beneficios de los intermediarios.\u00a0 Porque, mientras los productores reciben  menos, los consumidores estamos pagando m\u00e0s.<\/p>\n<p>&#13;<\/p>\n<p align=\"justify\" class=\"text1noticias\"><strong>LO PRIMERO ES PODER COMER  BARATO.<\/strong>\u00a0 Ciertamente una excepci\u00f2n est\u00e0  representada por las plazas agropecuarias.\u00a0  Los precios que rigen en \u00e8stas son en gran medida mucho m\u00e0s econ\u00f2micos  que aquellos a que se expenden esos mismos productos en el comercio normal.\u00a0 Sin dudas es uno de los programas de car\u00e1cter  social de mayor impacto.\u00a0 Recu\u00e8rdese que  lo primero es la gente, y lo primero que reclama la gente es el acceso a comida  barata.<\/p>\n<p>&#13;<\/p>\n<p align=\"justify\" class=\"text1noticias\"><strong>\u00bfESPERAREMOS POR UNA  DESGRACIA?\u00a0<\/strong> \u00bfEntonces los \u00f2mnibus de  Caribe Tours pueden dejar pasajeros en Mao y Santiago Rodr\u00ecguez pero no recoger  ocupantes en dichas ciudades pese a estar debidamente autorizados para ello  porque los sindicatos locales de transportistas se oponen apelando a la  violencia? \u00bfC\u00f2mo es que las autoridades no han intervenido para meter en  cintura a los agresores? \u00bfO es que debemos esperar a que ocurra una desgracia?<\/p>\n<p>&#13;<\/p>\n<p align=\"justify\" class=\"text1noticias\"><strong>A EVO LE QUEDA GRANDE EL TRAJE.<\/strong>  Al ecuatoriano Evo Morales se le est\u00e0 agriando la pi\u00f1a.\u00a0 <br \/>&#13;<br \/>\n  <br \/>&#13;<br \/>\nEl hombre podr\u00e0 estar lleno de las mejores  intenciones del mundo, pero por lo visto carece de las condiciones requeridas  para calificar como hombre de Estado.\u00a0  Todo su discurso se limita a acusar a los norteamericanos de estar  conspirando contra su gobierno, mientras m\u00e0s de medio pa\u00ecs y precisamente la  parte m\u00e0s rica amenaza con declararse aut\u00f2noma.<\/p>\n<p>&#13;<\/p>\n<p align=\"justify\" class=\"text1noticias\"><strong>DO\u00d1A HILLARY TIENE QUE  REVISARSE. <\/strong>Todo parece que Hillary Clinton, que parec\u00eca correr en el carril de  adentro para obtener la nominaci\u00f2n presidencial por los dem\u00f2cratas, tendr\u00e0 que  revisar su estrategia y apurar el paso si no quiere quedarse con las ganas de acceder  a la Casa Blanca, ahora como Primera Mandataria en vez de Primera Dama.\u00a0 A la talentosa Hillary le ha salido un  competidor formidable en el carism\u00e0tico moreno Barak Obama.<\/p>\n<p>&#13;<\/p>\n<h6> 2008-01-08 13:38:53 <\/h6>\n<p><!--\n<link rel=\"stylesheet\" href=\"css\/bootstrap.min.css\">\n\n\n<ul class=\"pagination\">\n\t    \n\t\n\n<li >\n\t<a href='?page_no=12403'>Previous<\/a>\n\t<\/li>\n\n\n       \n    \n\n<li><a href='?page_no=1'>1<\/a><\/li>\n\n\n\n<li><a href='?page_no=2'>2<\/a><\/li>\n\n\n\n<li><a>...<\/a><\/li>\n\n\n\n<li><a href='?page_no=12402'>12402<\/a><\/li>\n\n\n\n<li><a href='?page_no=12403'>12403<\/a><\/li>\n\n\n\n<li class='active'><a>12404<\/a><\/li>\n\n\n\n<li><a href='?page_no=12405'>12405<\/a><\/li>\n\n\n\n<li><a href='?page_no=12406'>12406<\/a><\/li>\n\n\n\n<li><a>...<\/a><\/li>\n\n\n\n<li><a href='?page_no=13611'>13611<\/a><\/li>\n\n\n\n<li><a href='?page_no=13612'>13612<\/a><\/li>\n\n    \n\t\n\n<li >\n\t<a href='?page_no=12405'>Next<\/a>\n\t<\/li>\n\n\n    \n\n<li><a href='?page_no=13612'>Last &rsaquo;&rsaquo;<\/a><\/li>\n\n<\/ul>\n\n\n--><br \/>\n<\/body><\/p>\n","protected":false},"excerpt":{"rendered":"<p>LAS PRINCIPALES EN TELEDEBATE &#13; PREGUNTAS QUE REQUIEREN RESPUESTAS: : \u00bfYa apareci\u00f2 el Libro de Registro de Nacimientos de Extranjeros de la Maternidad Nuestra Se\u00f1ora de La Altagracia?\u00a0 \u00bfYa se sabe la forma en que se extravi\u00f2 o fue sustra\u00ecdo?\u00a0 \u00bfYa, en este \u00f9ltimo caso, el nombre de la persona responsable? Caso de que a\u00f9n [&hellip;]<\/p>\n","protected":false},"author":3,"featured_media":0,"comment_status":"open","ping_status":"open","sticky":false,"template":"","format":"standard","meta":{"footnotes":""},"categories":[16],"tags":[],"class_list":["post-36553","post","type-post","status-publish","format-standard","hentry","category-opiniones"],"_links":{"self":[{"href":"https:\/\/diariodominicano.com\/index.php?rest_route=\/wp\/v2\/posts\/36553","targetHints":{"allow":["GET"]}}],"collection":[{"href":"https:\/\/diariodominicano.com\/index.php?rest_route=\/wp\/v2\/posts"}],"about":[{"href":"https:\/\/diariodominicano.com\/index.php?rest_route=\/wp\/v2\/types\/post"}],"author":[{"embeddable":true,"href":"https:\/\/diariodominicano.com\/index.php?rest_route=\/wp\/v2\/users\/3"}],"replies":[{"embeddable":true,"href":"https:\/\/diariodominicano.com\/index.php?rest_route=%2Fwp%2Fv2%2Fcomments&post=36553"}],"version-history":[{"count":0,"href":"https:\/\/diariodominicano.com\/index.php?rest_route=\/wp\/v2\/posts\/36553\/revisions"}],"wp:attachment":[{"href":"https:\/\/diariodominicano.com\/index.php?rest_route=%2Fwp%2Fv2%2Fmedia&parent=36553"}],"wp:term":[{"taxonomy":"category","embeddable":true,"href":"https:\/\/diariodominicano.com\/index.php?rest_route=%2Fwp%2Fv2%2Fcategories&post=36553"},{"taxonomy":"post_tag","embeddable":true,"href":"https:\/\/diariodominicano.com\/index.php?rest_route=%2Fwp%2Fv2%2Ftags&post=36553"}],"curies":[{"name":"wp","href":"https:\/\/api.w.org\/{rel}","templated":true}]}}