{"id":36550,"date":"2008-01-09T01:14:50","date_gmt":"2008-01-09T01:14:50","guid":{"rendered":"http:\/\/diariodominicano.ddns.net\/?p=36550"},"modified":"2008-01-09T01:14:50","modified_gmt":"2008-01-09T01:14:50","slug":"un-ejemplo-de-conducta-comunista","status":"publish","type":"post","link":"https:\/\/diariodominicano.com\/?p=36550","title":{"rendered":"Un ejemplo de conducta comunista"},"content":{"rendered":"<p><body><\/p>\n<p align=\"justify\"><span class=\"text1noticias\"><strong>Reflexiones del Presidente fidel  castro<\/strong><\/span><strong><br \/>&#13;<br \/>\n    <span class=\"titulogrande1\"><br \/>&#13;<br \/>\n    <\/span><\/strong><span class=\"titulogrande1\"><strong>Un ejemplo de  conducta comunista<\/strong><\/span><br \/>&#13;<br \/>\n  <br \/>&#13;<br \/>\n  <span class=\"text1noticias\">Me\u00a0refiero a una\u00a0mujer chilena,  Elena Pedraza, especialista de\u00a0alto nivel en\u00a0rehabilitaci\u00f3n. Hace m\u00e1s  de\u00a040\u00a0a\u00f1os realiz\u00f3 su\u00a0primera visita a\u00a0Cuba. Allende,  m\u00e9dico de\u00a0profesi\u00f3n, no era\u00a0todav\u00eda Presidente de\u00a0Chile.  La\u00a0Revoluci\u00f3n Cubana no\u00a0hab\u00eda cumplido 8\u00a0a\u00f1os, pero\u00a0formaba  maestros, m\u00e9dicos, fisioterapeutas y\u00a0especialistas en\u00a0salud  a\u00a0toda m\u00e1quina.<br \/>&#13;<br \/>\n  <br \/>&#13;<br \/>\n  Esta\u00a0reflexi\u00f3n la\u00a0escribo,  en\u00a0parte, como una\u00a0s\u00edntesis de\u00a0las\u00a0seis\u00a0p\u00e1ginas  impresas con\u00a0letras de\u00a0peque\u00f1o puntaje, que lleg\u00f3 a mis\u00a0manos.  Es un\u00a0poco m\u00e1s extensa que las\u00a0habituales, aunque  con\u00a0la\u00a0idea de\u00a0que posteriormente se\u00a0publique en\u00a0alg\u00fan  medio de\u00a0prensa o\u00a0revista el\u00a0texto completo del\u00a0discurso  que pronunci\u00f3 la\u00a0especialista chilena la\u00a0ma\u00f1ana  del\u00a015\u00a0de\u00a0marzo de\u00a02002, en\u00a0el\u00a0Segundo Congreso  Internacional de la   Sociedad Cubana de Medicina F\u00edsica y Rehabilitaci\u00f3n efectuado  en\u00a0la\u00a0Capital de\u00a0Cuba.<br \/>&#13;<br \/>\n  <br \/>&#13;<br \/>\n  Dejemos que ella misma lo\u00a0explique:<br \/>&#13;<br \/>\n  <br \/>&#13;<br \/>\n\u00abLlegu\u00e9 en\u00a0el\u00a0a\u00f1o  1966\u00a0y\u00a0Cuba iniciaba una\u00a0etapa hist\u00f3rica. Sus\u00a0inicios  est\u00e1n\u00a0marcados por\u00a0grandes dificultades y\u00a0carencias, hab\u00eda que  resolver urgentes problemas, entre ellos, el\u00a0de\u00a0la\u00a0salud,  el\u00a0cual se\u00a0consideraba como\u00a0prioritario\u2026\u00bb<br \/>&#13;<br \/>\n<br \/>&#13;<br \/>\n\u00ab&#8230;Se\u00a0necesitaba de  un\u00a0personal preparado en esta\u00a0especialidad y, por\u00a0ende, hab\u00eda  que encarar su\u00a0formaci\u00f3n, cuyo factor tiempo impon\u00eda cierta urgencia;  pero\u00a0hab\u00eda que hacerlo, a\u00a0pesar de\u00a0todas las\u00a0limitaciones  existentes en\u00a0el\u00a0pa\u00eds.\u00bb<br \/>&#13;<br \/>\n<br \/>&#13;<br \/>\n\u00abSin\u00a0embargo, cada vez m\u00e1s  la\u00a0sociedad va\u00a0tomando conciencia sobre la\u00a0marginaci\u00f3n  en\u00a0que viven los\u00a0discapacitados. En\u00a0Cuba, por\u00a0ejemplo, s\u00f3lo  exist\u00eda un\u00a0peque\u00f1o n\u00famero de\u00a0terapeutas emp\u00edricos, algunos  de\u00a0ellos se\u00a0hab\u00edan formado en\u00a0Estados\u00a0Unidos en\u00a0cursos  de\u00a0verano, otros abandonaron el\u00a0pa\u00eds.<br \/>&#13;<br \/>\n<br \/>&#13;<br \/>\n\u00abEl Ministro de\u00a0Salud de  esa\u00a0\u00e9poca, el\u00a0Dr. Machado Ventura, cuando me\u00a0conoci\u00f3  me\u00a0dijo: &#8216;hay\u00a0que formar terapeutas f\u00edsicos para\u00a0todo  el\u00a0pa\u00eds, pero\u00a0es\u00a0necesario hacerlo pronto&#8217;. Yo le\u00a0respond\u00ed  afirmativamente y\u00a0le\u00a0pregunte qu\u00e9 deb\u00eda llevar para\u00a0cumplir  esta\u00a0misi\u00f3n; el me\u00a0contest\u00f3: &#8216;es necesario libros&#8217; y,  sin\u00a0vacilar enfatiz\u00f3: &#8216;se necesitan libros&#8217;. Nunca olvid\u00e9  esta\u00a0sugerencia, fue para\u00a0m\u00ed un\u00a0compromiso que siempre  he\u00a0tratado de\u00a0cumplir.<br \/>&#13;<br \/>\n<br \/>&#13;<br \/>\n\u00abMi\u00a0formaci\u00f3n  de\u00a0kinesi\u00f3loga se\u00a0inicia en\u00a0el\u00a0a\u00f1o 1930\u2026\u00bb<br \/>&#13;<br \/>\n<br \/>&#13;<br \/>\n\u00abMi\u00a0experiencia de\u00a0trabajar  durante 30\u00a0a\u00f1os en mi\u00a0pa\u00eds, Chile, fueron dif\u00edciles\u2026\u00bb<br \/>&#13;<br \/>\n<br \/>&#13;<br \/>\n\u00abTermin\u00e9 mis\u00a0a\u00f1os laborales  en\u00a0Chile, pero\u00a0no\u00a0dud\u00e9 en\u00a0volver a\u00a0reiniciar  este\u00a0compromiso en\u00a0Cuba, en\u00a0el\u00a0a\u00f1o 1966.<br \/>&#13;<br \/>\n<br \/>&#13;<br \/>\n\u00abMis\u00a0primeros contactos fueron  el\u00a0Hospital <em>Frank Pa\u00eds<\/em>. Este\u00a0centro estaba muy\u00a0bien  habilitado para\u00a0el\u00a0tratamiento de\u00a0pacientes ni\u00f1os y\u00a0adultos  en\u00a0la\u00a0especialidad de\u00a0traumatolog\u00eda y\u00a0ortopedia.  <br \/>&#13;<br \/>\n<br \/>&#13;<br \/>\nMe\u00a0explicaron que antes este\u00a0centro daba atenci\u00f3n muy\u00a0selectiva  y\u00a0un\u00a0n\u00famero muy\u00a0exiguo de\u00a0la\u00a0poblaci\u00f3n m\u00e1s necesitada  pod\u00eda acceder a estos\u00a0servicios.\u00bb<br \/>&#13;<br \/>\n<br \/>&#13;<br \/>\nEn\u00a0la\u00a0medida que  fui\u00a0conociendo el\u00a0medio en\u00a0el\u00a0que deb\u00eda trabajar, ve\u00eda  la\u00a0necesidad de\u00a0hacer una\u00a0labor muy\u00a0grande y\u00a0tambi\u00e9n  larga en\u00a0el\u00a0tiempo. Observ\u00e9 ya\u00a0en ese\u00a0tiempo  la\u00a0preocupaci\u00f3n del\u00a0Estado por\u00a0asumir el\u00a0derecho  a\u00a0la\u00a0salud de\u00a0la\u00a0poblaci\u00f3n en\u00a0todo el\u00a0pa\u00eds  y\u00a0la\u00a0rehabilitaci\u00f3n.<br \/>&#13;<br \/>\n<br \/>&#13;<br \/>\n\u00abHab\u00eda que empezar. Recorr\u00ed gran  parte del\u00a0pa\u00eds, conociendo algunos lugares: estuve en\u00a0Santiago  de\u00a0Cuba, una\u00a0ciudad colonial muy\u00a0hermosa. All\u00ed hice  mi\u00a0primer intento de\u00a0hacer un\u00a0curso elemental  de\u00a0adiestramiento, en un\u00a0peque\u00f1o centro de\u00a0tratamiento  a\u00a0pacientes con\u00a0secuelas de\u00a0diversas alteraciones neuromotrices.  Lo\u00a0dirig\u00eda el\u00a0Dr. Gonz\u00e1lez Corona&#8230;\u00bb<br \/>&#13;<br \/>\n<br \/>&#13;<br \/>\n\u00abEste\u00a0m\u00e9dico construy\u00f3  sus\u00a0propios elementos para\u00a0los\u00a0tratamientos de sus pacientes.  <br \/>&#13;<br \/>\n<br \/>&#13;<br \/>\nMe\u00a0contaba c\u00f3mo\u00a0los\u00a0artificios para\u00a0la\u00a0marcha  de\u00a0los\u00a0ni\u00f1os con\u00a0secuelas de\u00a0poliomielitis, los\u00a0constru\u00eda  \u00e9l\u00a0mismo con\u00a0desechos de\u00a0l\u00e1minas de\u00a0aluminio, adem\u00e1s hizo  paralelas y\u00a0construy\u00f3 una\u00a0piscina de\u00a0tipo artesanal  para\u00a0los\u00a0ejercicios en\u00a0el\u00a0agua.\u00bb<br \/>&#13;<br \/>\n<br \/>&#13;<br \/>\n\u00abOficialmente en\u00a0el\u00a0a\u00f1o  1966\u00a0inicio una\u00a0docencia m\u00e1s programada sobre Kinesiolog\u00eda  para\u00a0alumnos de\u00a0Fisioterapia del\u00a0Hospital <em>Frank Pa\u00eds<\/em>&#8230;\u00bb<br \/>&#13;<br \/>\n<br \/>&#13;<br \/>\n\u00abEn esa\u00a0oportunidad comprend\u00ed  cu\u00e1n acertado fue\u00a0el\u00a0traer los\u00a0libros m\u00e1s importantes  para\u00a0dar una\u00a0docencia correcta. No se\u00a0encontraba material  de\u00a0estudio, todo hab\u00eda que hacerlo con\u00a0los\u00a0medios que ten\u00edamos.  Pero\u00a0tanto fue\u00a0el\u00a0inter\u00e9s por\u00a0aprender  de\u00a0los\u00a0alumnos, y\u00a0el\u00a0m\u00edo de\u00a0responder a  una\u00a0docencia, la\u00a0cual no\u00a0ten\u00eda referentes  y\u00a0no\u00a0era\u00a0evaluada en mi\u00a0especialidad, sino que todo  respond\u00eda a mi\u00a0experiencia adquirida en mi\u00a0pa\u00eds y\u00a0a  una\u00a0responsabilidad que creo haber tenido toda mi\u00a0vida en  mi\u00a0trabajo vinculado a\u00a0la\u00a0cl\u00ednica hospitalaria.\u00bb<br \/>&#13;<br \/>\n<br \/>&#13;<br \/>\n\u00abEste fue\u00a0el\u00a0inicio que  me\u00a0sirvi\u00f3 de\u00a0modelo para\u00a0los\u00a0futuros cursos que  se\u00a0iban dictando y\u00a0con\u00a0la\u00a0experiencia adquirida \u00edbamos  ajustando con\u00a0mucha dedicaci\u00f3n cada a\u00f1o los\u00a0programas. <br \/>&#13;<br \/>\n<br \/>&#13;<br \/>\nAl\u00a0t\u00e9rmino  de\u00a0estos, que llegaron con el\u00a0tiempo a\u00a0tener tres\u00a0a\u00f1os  de\u00a0formaci\u00f3n, la\u00a0experiencia nos\u00a0permiti\u00f3 ir preparando  el\u00a0material docente integral; es\u00a0decir, las\u00a0bases fundamentales  de un\u00a0programa de esta\u00a0naturaleza para\u00a0cursos regulares.\u00bb<br \/>&#13;<br \/>\n<br \/>&#13;<br \/>\n\u00abEn mi\u00a0paso  por\u00a0este\u00a0Hospital pude adquirir muchas experiencias que me\u00a0iban  a\u00a0ser muy\u00a0valiosas en\u00a0los\u00a0a\u00f1os que iba desarrollando  mi\u00a0trabajo en\u00a0Cuba.<br \/>&#13;<br \/>\n<br \/>&#13;<br \/>\n\u00abEl camino hacia el\u00a0desarrollo  de\u00a0lo\u00a0que hoy\u00a0es\u00a0la\u00a0rehabilitaci\u00f3n en\u00a0Cuba,  se\u00a0gesta en estos\u00a0episodios que voy\u00a0relatando  en\u00a0lo\u00a0que era\u00a0esta\u00a0especialidad  y\u00a0c\u00f3mo\u00a0fue\u00a0creciendo a\u00f1o tras a\u00f1o en\u00a0toda la\u00a0isla  para\u00a0llegar a lo\u00a0que hoy\u00a0en este\u00a0Congreso podemos  apreciar.\u00bb<br \/>&#13;<br \/>\n<br \/>&#13;<br \/>\n\u00ab&#8230;Recorr\u00ed a\u00a0modo  de\u00a0informaci\u00f3n los\u00a0hospitales y\u00a0los\u00a0policl\u00ednicos  perif\u00e9ricos situados en\u00a0todas las\u00a0regiones del\u00a0pa\u00eds, aun  en\u00a0los\u00a0lugares m\u00e1s apartados. En\u00a0algunos encontr\u00e9 que  en\u00a0forma muy\u00a0modesta y\u00a0reducida exist\u00edan peque\u00f1os departamentos  de\u00a0fisioterapia que se\u00a0estaban organizando. Otros que ya\u00a0estaban  instalados prestaban servicio a\u00a0la\u00a0poblaci\u00f3n  pero\u00a0con\u00a0grandes carencias de\u00a0personal preparado  para\u00a0tratar esta\u00a0especialidad.\u00bb<br \/>&#13;<br \/>\n<br \/>&#13;<br \/>\n\u00ab&#8230;Lo interesante era\u00a0ver  los\u00a0esfuerzos de\u00a0todos para\u00a0ir solucionando paso a\u00a0paso  este\u00a0camino en\u00a0que est\u00e1bamos todos involucrados.  Esta\u00a0experiencia fue\u00a0muy\u00a0importante para\u00a0m\u00ed, ve\u00eda  c\u00f3mo\u00a0desde los\u00a0Ministerios de\u00a0Salud y\u00a0Educaci\u00f3n  se\u00a0iban creando los\u00a0departamentos adecuados para\u00a0dar mayor  preparaci\u00f3n a los\u00a0futuros estudiantes, por\u00a0ejemplo, se\u00a0elevan  los\u00a0niveles de\u00a0instrucci\u00f3n para\u00a0el\u00a0ingreso a los\u00a0cursos  de\u00a0kinesioterapia, y\u00a0tambi\u00e9n la\u00a0integraci\u00f3n de\u00a0estudios  en\u00a0los\u00a0programas relacionados con\u00a0la\u00a0especialidad.\u00bb<br \/>&#13;<br \/>\n<br \/>&#13;<br \/>\n\u00abEn\u00a0el\u00a0a\u00f1o  1979\u00a0doy\u00a0mis\u00a0primeras clases como\u00a0profesora  de\u00a0kinesiolog\u00eda en\u00a0los\u00a0programas docentes para\u00a0residentes  de\u00a0la\u00a0especialidad de\u00a0medicina f\u00edsica y\u00a0rehabilitaci\u00f3n\u2026 Les  ense\u00f1\u00e9 a\u00a0llevar siempre el\u00a0control de\u00a0la\u00a0evaluaci\u00f3n, evitar  las\u00a0imprecisiones y\u00a0los\u00a0comentarios desfavorables,  para\u00a0proyectar correctamente el\u00a0plan de\u00a0acci\u00f3n. Pude apreciar  que esto\u00a0deber\u00eda ser siempre una\u00a0norma de\u00a0\u00e9tica, y\u00a0as\u00ed evitar  que el\u00a0paciente se\u00a0sienta disminuido al\u00a0inicio de un\u00a0tratamiento.<br \/>&#13;<br \/>\n<br \/>&#13;<br \/>\n\u00abMis\u00a0a\u00f1os en\u00a0el\u00a0<em>Julio  D\u00edaz<\/em>, fueron muy\u00a0enriquecedores, me\u00a0permiti\u00f3 conocer todas  las\u00a0situaciones que vive un\u00a0discapacitado; el\u00a0centro ten\u00eda  hospitalizaci\u00f3n, atenci\u00f3n ambulatoria y\u00a0atend\u00eda una\u00a0poblaci\u00f3n  numeros\u00edsima. En\u00a0la\u00a0medida que voy\u00a0escribiendo  estos\u00a0recuerdos me\u00a0ubico en ese\u00a0lejano tiempo. Tendr\u00eda que decir  que pude conocer un\u00a0pueblo generoso y\u00a0solidario.<br \/>&#13;<br \/>\n<br \/> &#13;<br \/>\nEl\u00a0hospital  se\u00a0fue\u00a0equipando cada vez m\u00e1s con\u00a0nuevos elementos para\u00a0dar  una\u00a0atenci\u00f3n m\u00e1s completa a los\u00a0pacientes; cada a\u00f1o nuevas especialidades  se\u00a0trataban, como\u00a0as\u00ed tambi\u00e9n se\u00a0fue\u00a0agrandando  su\u00a0edificio, hasta llegar a lo\u00a0que es\u00a0hoy\u00a0una\u00a0peque\u00f1a  ciudadela.\u00bb<br \/>&#13;<br \/>\n<br \/>&#13;<br \/>\n\u00ab\u2026Pude darme cuenta que  un\u00a0terapeuta no\u00a0olvida las\u00a0bases te\u00f3ricas y\u00a0pr\u00e1cticas  con\u00a0las\u00a0que fue\u00a0educado, mucho menos se\u00a0debe olvidar  de\u00a0estudiar siempre y\u00a0a\u00a0la\u00a0vez estar actualizado.<br \/>&#13;<br \/>\n<br \/>&#13;<br \/>\n\u00abEste\u00a0centro fue para\u00a0m\u00ed  como uno\u00a0siente el\u00a0cari\u00f1o por\u00a0su\u00a0casa, no\u00a0puedo dejar  de\u00a0recordar tantas cosas que viv\u00ed, con\u00a0tantos compa\u00f1eros  de\u00a0trabajo, terapeutas, m\u00e9dicos, personal auxiliar, los\u00a0que  me\u00a0brindaron siempre una\u00a0c\u00e1lida estimaci\u00f3n&#8230;\u00bb<br \/>&#13;<br \/>\n<br \/>&#13;<br \/>\n\u00abDebo recordar tambi\u00e9n mi\u00a0paso  por\u00a0otros hospitales donde di clases, conferencias y\u00a0adiestramiento,  como\u00a0el\u00a0Hospital <em>Hermanos Ameijeiras<\/em>, entre otros.  En\u00a0la\u00a0d\u00e9cada del\u00a070, con el\u00a0fin de\u00a0contribuir  al\u00a0desarrollo de\u00a0la\u00a0medicina en\u00a0Cuba, los\u00a0chilenos que  viv\u00edamos en\u00a0el exilio (aunque nunca me\u00a0sent\u00ed una\u00a0exiliada  en\u00a0Cuba), decidimos aportar para\u00a0la adquisici\u00f3n  de\u00a023\u00a0vol\u00famenes de\u00a0libros de\u00a0la\u00a0especialidad  de\u00a0kinesioterapia. Esto se\u00a0hizo como\u00a0respuesta  a\u00a0la\u00a0escasa posibilidad de\u00a0recibir libros de\u00a0estudios  extranjeros, tan necesarios para\u00a0mejorar la\u00a0docencia  y\u00a0la\u00a0preparaci\u00f3n de\u00a0los\u00a0profesionales.\u00bb<br \/>&#13;<br \/>\n<br \/>&#13;<br \/>\n\u00abEste\u00a0Congreso da  una\u00a0visi\u00f3n muy\u00a0completa de\u00a0lo\u00a0que se\u00a0hace  en\u00a0rehabilitaci\u00f3n en\u00a0todo el\u00a0pa\u00eds. <br \/>&#13;<br \/>\n<br \/>&#13;<br \/>\nEsto\u00a0refleja  la\u00a0preocupaci\u00f3n del\u00a0Gobierno y\u00a0del\u00a0cuerpo m\u00e9dico, adem\u00e1s  el\u00a0inter\u00e9s de\u00a0superaci\u00f3n de\u00a0los\u00a0personales que integran  el\u00a0equipo de\u00a0rehabilitaci\u00f3n que trabajan en esta\u00a0\u00e1rea  y\u00a0en\u00a0la\u00a0especialidad.\u00bb<br \/>&#13;<br \/>\n<br \/>&#13;<br \/>\n\u00abEl lema de este\u00a0Congreso  \u2018Discapacidad, Rehabilitaci\u00f3n, Humanidad\u2019, nos\u00a0compromete a\u00a0valorar mucho  m\u00e1s lo\u00a0que estamos entregando a los\u00a0discapacitados.  Nos\u00a0esforzamos en\u00a0dar rehabilitaci\u00f3n, pero\u00a0cuando este\u00a0lema  se\u00a0extendi\u00f3 a esta\u00a0palabra \u2018Humanidad\u2019, me\u00a0doy\u00a0cuenta que  no\u00a0es una\u00a0simple palabra m\u00e1s, sino un\u00a0llamado a lo\u00a0m\u00e1s  hondo: la\u00a0humanidad y\u00a0la\u00a0dignidad de\u00a0los\u00a0seres.\u00bb<br \/>&#13;<br \/>\n<br \/>&#13;<br \/>\n\u00abEn este\u00a0Congreso Internacional  se\u00a0aprecia el\u00a0gran volumen de\u00a0trabajo de\u00a0los\u00a0m\u00e9dicos  cubanos y\u00a0de\u00a0otros componentes del\u00a0equipo  de\u00a0rehabilitaci\u00f3n, en\u00a0el\u00a0que se\u00a0exponen sus\u00a0experiencias  en\u00a0todos los\u00a0\u00e1mbitos de\u00a0las\u00a0especialidades m\u00e9dicas,  lo\u00a0que demuestra la\u00a0constante dedicaci\u00f3n y\u00a0responsabilidad  en\u00a0los\u00a0trabajos nacionales y\u00a0extranjeros presentados  en\u00a0el\u00a0Congreso.\u00bb<br \/>&#13;<br \/>\n<br \/>&#13;<br \/>\n\u00abQuiero enviar a los\u00a0j\u00f3venes que  fueron mis\u00a0alumnas y\u00a0alumnos, tantos que ahora ya\u00a0son  profesionales con\u00a0dilatada experiencia y\u00a0prestigio, un\u00a0saludo  de\u00a0cari\u00f1o y\u00a0amistad; con\u00a0ellos compart\u00ed tareas tan gratificantes  como\u00a0el\u00a0trabajo voluntario, que siempre en\u00a0Cuba fue  una\u00a0complementaci\u00f3n al\u00a0trabajo ciudadano.\u00bb<br \/>&#13;<br \/>\n<br \/>&#13;<br \/>\n\u00abLa Habana, marzo del\u00a02002.\u00bb<br \/>&#13;<br \/>\n<br \/>&#13;<br \/>\nCuando se\u00a0produce el\u00a0golpe  fascista en\u00a0Chile financiado por\u00a0el\u00a0gobierno  de\u00a0Estados\u00a0Unidos, y\u00a0miles de\u00a0ciudadanos son encarcelados,  torturados, desaparecidos o\u00a0asesinados, dentro o\u00a0fuera de  su\u00a0pa\u00eds, Elena Pedraza se\u00a0traslada a\u00a0Cuba, de\u00a0donde  se\u00a0mueve a\u00a0diversos pa\u00edses, recabando la\u00a0solidaridad mundial  de\u00a0las\u00a0mujeres. Contin\u00faa desarrollando en\u00a0nuestra tierra sus  investigaciones y\u00a0su\u00a0programa de\u00a0formaci\u00f3n. M\u00e1s tarde  regresa a su\u00a0patria de\u00a0origen, desde donde contin\u00faa colaborando  con\u00a0Cuba.<br \/>&#13;<br \/>\n<br \/>&#13;<br \/>\nHace unos d\u00edas pude ojear  un\u00a0excelente libro cuya autora, la\u00a0doctora Debra Rose, es ciudadana  de\u00a0Estados\u00a0Unidos, donde precisamente la\u00a0rehabilitaci\u00f3n  constituye el\u00a0servicio m\u00e1s caro, elitista e\u00a0inaccesible  para\u00a0los\u00a0pobres, y\u00a0se\u00a0le proh\u00edbe adem\u00e1s a\u00a0Cuba  el\u00a0acceso a\u00a0los\u00a0conocimientos. <br \/>&#13;<br \/>\n<br \/>&#13;<br \/>\nElena, que no\u00a0deja nunca  de\u00a0transmitir informaci\u00f3n que pueda elevar el\u00a0nivel cient\u00edfico  de\u00a0nuestros especialistas, remiti\u00f3 entre otros materiales ese\u00a0libro  que contiene m\u00e1s de\u00a0cien diferentes ejercicios sencillos  y\u00a0accesibles.<br \/>&#13;<br \/>\n<br \/>&#13;<br \/>\nHoy\u00a0la\u00a0rehabilitaci\u00f3n adquiere  una\u00a0especial y\u00a0novedosa significaci\u00f3n relacionada  con\u00a0la\u00a0vida.<br \/>&#13;<br \/>\n<br \/> &#13;<br \/>\nToda persona incrementa su\u00a0potencialidad mental  y\u00a0f\u00edsica hasta los 35\u00a0a\u00f1os; algunos sostienen que 30. A\u00a0partir  de esa\u00a0edad, puede continuar dos o\u00a0tres d\u00e9cadas m\u00e1s disfrutando  de\u00a0salud y\u00a0buen rendimiento f\u00edsico, conserv\u00e1ndolos desde la\u00a0edad  l\u00edmite se\u00f1alada hasta edades avanzadas en\u00a0las\u00a0que al\u00a0fin la vida  se\u00a0apaga. A\u00a0los seres humanos los hace felices valerse por s\u00ed mismos  hasta el\u00a0final. <br \/>&#13;<br \/>\n<br \/>&#13;<br \/>\nEl servicio beneficia a\u00a0todos  los\u00a0habitantes del\u00a0pa\u00eds, donde hoy\u00a0se\u00a0nace con  una\u00a0perspectiva de\u00a0vida que alcanza ya\u00a0los\u00a077\u00a0a\u00f1os  y\u00a0contin\u00faa creciendo. No\u00a0s\u00f3lo los\u00a0adultos menores  de\u00a035\u00a0o\u00a040\u00a0a\u00f1os de\u00a0edad, que son v\u00edctimas  de\u00a0accidentes de\u00a0todo tipo, muchos ni\u00f1os con\u00a0elevada frecuencia  requieren la\u00a0noble atenci\u00f3n del\u00a0rehabilitador.<br \/>&#13;<br \/>\n<br \/>&#13;<br \/>\nEn\u00a0m\u00e1s de\u00a0600\u00a0centros,  ubicados en\u00a0policl\u00ednicos y\u00a0hospitales, o\u00a0prestando servicios  en\u00a0el\u00a0exterior, laboran alrededor de\u00a0diez mil rehabilitadores,  mientras otros miles se\u00a0forman con\u00a0creciente rigor y\u00a0exigencia.<br \/>&#13;<br \/>\n<br \/>&#13;<br \/>\nElena Pedraza ha\u00a0cumplido ya\u00a097  a\u00f1os y\u00a0todav\u00eda contin\u00faa prestando servicios profesionales  como\u00a0consultora. Constituye un\u00a0ejemplo de\u00a0trabajadora  intelectual, de\u00a0mujer y\u00a0de\u00a0comunista. <br \/>&#13;<br \/>\n<br \/>&#13;<br \/>\nMilit\u00f3  en\u00a0el\u00a0mismo Partido de\u00a0Ricardo Fonseca, Luis Corval\u00e1n, Volodia  Teitelboim y\u00a0Gladys Mar\u00edn, reci\u00e9n fallecida, y\u00a0otros muchos que consagraron  sus\u00a0vidas o\u00a0que murieron por\u00a0sus\u00a0ideas.<br \/>&#13;<br \/>\n<br \/>&#13;<br \/>\nEn\u00a0nombre del\u00a0pueblo que,  desafiando al\u00a0imperio, inici\u00f3 desde hace medio siglo el\u00a0camino  de\u00a0la\u00a0Revoluci\u00f3n Socialista, rindo tributo a su obra y su ejemplo.<\/span><br \/>&#13;<br \/>\n  .<br \/>&#13;<br \/>\n  <strong>Fidel Castro Ruz<\/strong><br \/>&#13;<br \/>\n  <strong>Enero 7 de 2008<\/strong><br \/>&#13;<br \/>\n<strong>5 y 12 p.m. <\/strong>\u2022<strong> <\/strong><\/p>\n<p>&#13;<\/p>\n<h6> 2008-01-09 01:14:50 <\/h6>\n<p><!--\n<link rel=\"stylesheet\" href=\"css\/bootstrap.min.css\">\n\n\n<ul class=\"pagination\">\n\t    \n\t\n\n<li >\n\t<a href='?page_no=12400'>Previous<\/a>\n\t<\/li>\n\n\n       \n    \n\n<li><a href='?page_no=1'>1<\/a><\/li>\n\n\n\n<li><a href='?page_no=2'>2<\/a><\/li>\n\n\n\n<li><a>...<\/a><\/li>\n\n\n\n<li><a href='?page_no=12399'>12399<\/a><\/li>\n\n\n\n<li><a href='?page_no=12400'>12400<\/a><\/li>\n\n\n\n<li class='active'><a>12401<\/a><\/li>\n\n\n\n<li><a href='?page_no=12402'>12402<\/a><\/li>\n\n\n\n<li><a href='?page_no=12403'>12403<\/a><\/li>\n\n\n\n<li><a>...<\/a><\/li>\n\n\n\n<li><a href='?page_no=13611'>13611<\/a><\/li>\n\n\n\n<li><a href='?page_no=13612'>13612<\/a><\/li>\n\n    \n\t\n\n<li >\n\t<a href='?page_no=12402'>Next<\/a>\n\t<\/li>\n\n\n    \n\n<li><a href='?page_no=13612'>Last &rsaquo;&rsaquo;<\/a><\/li>\n\n<\/ul>\n\n\n--><br \/>\n<\/body><\/p>\n","protected":false},"excerpt":{"rendered":"<p>Reflexiones del Presidente fidel castro&#13; &#13; Un ejemplo de conducta comunista&#13; &#13; Me\u00a0refiero a una\u00a0mujer chilena, Elena Pedraza, especialista de\u00a0alto nivel en\u00a0rehabilitaci\u00f3n. Hace m\u00e1s de\u00a040\u00a0a\u00f1os realiz\u00f3 su\u00a0primera visita a\u00a0Cuba. Allende, m\u00e9dico de\u00a0profesi\u00f3n, no era\u00a0todav\u00eda Presidente de\u00a0Chile. La\u00a0Revoluci\u00f3n Cubana no\u00a0hab\u00eda cumplido 8\u00a0a\u00f1os, pero\u00a0formaba maestros, m\u00e9dicos, fisioterapeutas y\u00a0especialistas en\u00a0salud a\u00a0toda m\u00e1quina.&#13; &#13; Esta\u00a0reflexi\u00f3n la\u00a0escribo, en\u00a0parte, como una\u00a0s\u00edntesis [&hellip;]<\/p>\n","protected":false},"author":3,"featured_media":0,"comment_status":"open","ping_status":"open","sticky":false,"template":"","format":"standard","meta":{"footnotes":""},"categories":[16],"tags":[],"class_list":["post-36550","post","type-post","status-publish","format-standard","hentry","category-opiniones"],"_links":{"self":[{"href":"https:\/\/diariodominicano.com\/index.php?rest_route=\/wp\/v2\/posts\/36550","targetHints":{"allow":["GET"]}}],"collection":[{"href":"https:\/\/diariodominicano.com\/index.php?rest_route=\/wp\/v2\/posts"}],"about":[{"href":"https:\/\/diariodominicano.com\/index.php?rest_route=\/wp\/v2\/types\/post"}],"author":[{"embeddable":true,"href":"https:\/\/diariodominicano.com\/index.php?rest_route=\/wp\/v2\/users\/3"}],"replies":[{"embeddable":true,"href":"https:\/\/diariodominicano.com\/index.php?rest_route=%2Fwp%2Fv2%2Fcomments&post=36550"}],"version-history":[{"count":0,"href":"https:\/\/diariodominicano.com\/index.php?rest_route=\/wp\/v2\/posts\/36550\/revisions"}],"wp:attachment":[{"href":"https:\/\/diariodominicano.com\/index.php?rest_route=%2Fwp%2Fv2%2Fmedia&parent=36550"}],"wp:term":[{"taxonomy":"category","embeddable":true,"href":"https:\/\/diariodominicano.com\/index.php?rest_route=%2Fwp%2Fv2%2Fcategories&post=36550"},{"taxonomy":"post_tag","embeddable":true,"href":"https:\/\/diariodominicano.com\/index.php?rest_route=%2Fwp%2Fv2%2Ftags&post=36550"}],"curies":[{"name":"wp","href":"https:\/\/api.w.org\/{rel}","templated":true}]}}