{"id":36549,"date":"2008-01-09T13:39:24","date_gmt":"2008-01-09T13:39:24","guid":{"rendered":"http:\/\/diariodominicano.ddns.net\/?p=36549"},"modified":"2008-01-09T13:39:24","modified_gmt":"2008-01-09T13:39:24","slug":"el-tiro-rapido-306","status":"publish","type":"post","link":"https:\/\/diariodominicano.com\/?p=36549","title":{"rendered":"EL TIRO RAPIDO"},"content":{"rendered":"<p><body><\/p>\n<p><span class=\"titulogrande1\">EL TIRO RAPIDO<\/span><br \/>&#13;<br \/>\n  <br \/>&#13;<br \/>\n    <strong>de<\/strong><br \/>&#13;<br \/>\n  <br \/>&#13;<br \/>\n  <span class=\"textogrande\">Mario  Rivadulla<\/span><\/p>\n<p>&#13;<\/p>\n<p align=\"justify\" class=\"text1noticias\">El Cardenal Nicol\u00e0s de Jes\u00f9s L\u00f2pez Rodr\u00ecguez ha vuelto a  insistir en la necesidad de mantenernos ojo alerta para evitar que los dineros  sucios del narcotr\u00e0fico penetren las instancias pol\u00ecticas.<\/p>\n<p>&#13;<\/p>\n<p align=\"justify\" class=\"text1noticias\">La responsabilidad primaria en  este sentido corresponde a los propios partidos y candidatos que pueden verse  f\u00e0cilmente sorprendidos por contribuciones de origen espurio para sus campa\u00f1as,  no necesariamente cuantiosas para no despertar sospechas pero s\u00ec numerosas,\u00a0 que resulten fruto del extendido y pr\u00f2digo  comercio de narc\u00f2ticos o de otras actividades ilegales.<\/p>\n<p>&#13;<\/p>\n<p align=\"justify\" class=\"text1noticias\">Ya la Junta Central  Electoral reconoci\u00f2 semanas atr\u00e0s que no dispone de los indispensables  mecanismos de supervisi\u00f2n para controlar los aportes que reciben los aspirantes  y sus respectivas agrupaciones provenientes del sector privado.\u00a0 Mucho menos,\u00a0  para verificar el destino que se d\u00e0 a tales recursos.<\/p>\n<p>&#13;<\/p>\n<p align=\"justify\" class=\"text1noticias\">El tema del narcotr\u00e0fico ha  sido una constante en esta tribuna.\u00a0 Es  nuestra firme decisi\u00f2n que contin\u00f9e si\u00e8ndolo de manera permanente.\u00a0 <\/p>\n<p>&#13;<\/p>\n<p align=\"justify\" class=\"text1noticias\">Una y otra vez hemos alertado  sobre el riesgo que entra\u00f1a el hecho de que nuestro pa\u00ecs venga siendo utilizado  desde hace a\u00f1os, como corredor de las drogas que despachan los carteles  sudamericanos.\u00a0 M\u00e0s a\u00f9n, en la medida en  que una parte creciente de las mismas va quedando entre nosotros incrementando  su uso, principalmente entre j\u00f2venes y menores de cada vez m\u00e0s corta edad.<\/p>\n<p>&#13;<\/p>\n<p align=\"justify\" class=\"text1noticias\">Dentro de este contexto,\u00a0 hemos extendido nuestro reconocimiento y  apoyo a la   Direcci\u00f2n Nacional de Control de Drogas que bajo la actual  regencia del general Rafael Radham\u00e8s Ram\u00ecrez Ferreiras ha venido desplegando  una encomiable labor en el combate entablado contra el narcotr\u00e0fico, pese a  contar con recursos limitados.<\/p>\n<p>&#13;<\/p>\n<p align=\"justify\" class=\"text1noticias\">Hay que destacar que el  organismo ha aplicado fuertes golpes a los carteles internacionales, a los que  despoj\u00f2 el pasado a\u00f1o de siete u ocho toneladas de distintos tipos de  estupefacientes con un valor de muchos millones de d\u00f2lares.\u00a0 <br \/>&#13;<br \/>\n  <br \/>&#13;<br \/>\n  La reacci\u00f2n agresiva de esos carteles,  declarando una contienda armada contra nuestro cuerpo antidrogas, es una  evidente demostraci\u00f2n de que han recibido serias lastimaduras en sus intereses.<br \/>&#13;\n<\/p>\n<p>&#13;<\/p>\n<p align=\"justify\" class=\"text1noticias\">Hay que imaginar sin embargo, cu\u00e0nto m\u00e0s efectiva ser\u00eca el  accionar de la DNCD  y sus colaboradores si dispusieran de los mayores y necesarios medios para  enfrentar el poder de los narcotraficantes.<\/p>\n<p>&#13;<\/p>\n<p align=\"justify\" class=\"text1noticias\">El propio Ram\u00ecrez Ferreiras lo  acaba de declarar al se\u00f1alar que la falta de equipamiento a\u00e8reo deja  pr\u00e0cticamente nuestros cielos en estado de indefensi\u00f2n frente a la incursi\u00f2n de  las avionetas del narco, indetectables por la falta de radares especiales para  dar seguimiento a vuelos a baja altura e indetenibles porque no disponemos de  una flotilla de aviones capaces de interceptarlos.<\/p>\n<p>&#13;<\/p>\n<p align=\"justify\" class=\"text1noticias\">Hace un par de a\u00f1os el  semanario Primicias despleg\u00f2 un titular de portada denunciando la incursi\u00f2n de  vuelos piratas que arrojaban drogas sobre nuestro territorio, en unos casos, y  en otros llegaban al extremo temerario de hacer r\u00e0pidos aterrizajes para  entregar sus embarques en tierra.\u00a0 <br \/>&#13;<br \/>\n  <br \/>&#13;<br \/>\nLa  denuncia fue acogida y ratificada por el entonces Secretario de Estado de las  Fuerzas Armadas, mayor general Sigfrido Pared P\u00e8rez.\u00a0 Este calcul\u00f2 en m\u00e0s de doscientos el n\u00f9mero  de vuelos efectuados con ese fin en apenas un a\u00f1o.<\/p>\n<p>&#13;<\/p>\n<p align=\"justify\" class=\"text1noticias\">Es precisamente ahora la misma  cantidad que estima Ram\u00ecrez Ferreiras bombardearon el pa\u00ecs con su nociva carga  durante el pasado 2007.\u00a0 Una situaci\u00f2n  que, reiteramos, hubiera podido ser enfrentada y reducida a m\u00ecnima expresi\u00f2n de  haber contado con los medios necesarios para ello.\u00a0 <br \/>&#13;<br \/>\n  <br \/>&#13;<br \/>\nEs tal la percepci\u00f2n y el aliento de  esperanza que personifica el propio Ram\u00ecrez Ferreira, una vez que dispongamos de los interceptores  brasile\u00f1os Tucanos, especializados para este tipo de misi\u00f2n.<\/p>\n<p>&#13;<\/p>\n<p align=\"justify\" class=\"text1noticias\">Cuando se anunci\u00f2 la  adquisici\u00f2n de \u00e8stos, hubo voces sosteniendo que hab\u00eca otras prioridades de  mayor apremio.\u00a0 No compartimos ese  criterio entonces, ni tampoco ahora. <br \/>&#13;<br \/>\n  <br \/>&#13;<br \/>\nLa prevenci\u00f2n y lucha contra el tr\u00e0fico de  estupefacientes debe ser considerada entre las prioridades fundamentales que  debemos encarar, tanto por la extensi\u00f2n que ha adquirido y sus nocivas  consecuencias como por su influencia negativa en el incremento de todas las  actividades criminales y su perversa intromisi\u00f2n e incidencia en la vida  econ\u00f2mica, social y pol\u00ectica del pa\u00ecs.<\/p>\n<p>&#13;<\/p>\n<p align=\"justify\" class=\"text1noticias\">Hora de que cobremos conciencia  plena de ello y apoyemos sin reservas ni complacencias el combate contra las  drogas en todos los frentes, so pena de que terminemos por pagar el m\u00e0s alto  precio si no lo hacemos.<\/p>\n<p>&#13;<\/p>\n<h6> 2008-01-09 13:39:24 <\/h6>\n<p><!--\n<link rel=\"stylesheet\" href=\"css\/bootstrap.min.css\">\n\n\n<ul class=\"pagination\">\n\t    \n\t\n\n<li >\n\t<a href='?page_no=12399'>Previous<\/a>\n\t<\/li>\n\n\n       \n    \n\n<li><a href='?page_no=1'>1<\/a><\/li>\n\n\n\n<li><a href='?page_no=2'>2<\/a><\/li>\n\n\n\n<li><a>...<\/a><\/li>\n\n\n\n<li><a href='?page_no=12398'>12398<\/a><\/li>\n\n\n\n<li><a href='?page_no=12399'>12399<\/a><\/li>\n\n\n\n<li class='active'><a>12400<\/a><\/li>\n\n\n\n<li><a href='?page_no=12401'>12401<\/a><\/li>\n\n\n\n<li><a href='?page_no=12402'>12402<\/a><\/li>\n\n\n\n<li><a>...<\/a><\/li>\n\n\n\n<li><a href='?page_no=13611'>13611<\/a><\/li>\n\n\n\n<li><a href='?page_no=13612'>13612<\/a><\/li>\n\n    \n\t\n\n<li >\n\t<a href='?page_no=12401'>Next<\/a>\n\t<\/li>\n\n\n    \n\n<li><a href='?page_no=13612'>Last &rsaquo;&rsaquo;<\/a><\/li>\n\n<\/ul>\n\n\n--><br \/>\n<\/body><\/p>\n","protected":false},"excerpt":{"rendered":"<p>EL TIRO RAPIDO&#13; &#13; de&#13; &#13; Mario Rivadulla &#13; El Cardenal Nicol\u00e0s de Jes\u00f9s L\u00f2pez Rodr\u00ecguez ha vuelto a insistir en la necesidad de mantenernos ojo alerta para evitar que los dineros sucios del narcotr\u00e0fico penetren las instancias pol\u00ecticas. &#13; La responsabilidad primaria en este sentido corresponde a los propios partidos y candidatos que pueden [&hellip;]<\/p>\n","protected":false},"author":3,"featured_media":0,"comment_status":"open","ping_status":"open","sticky":false,"template":"","format":"standard","meta":{"footnotes":""},"categories":[16],"tags":[],"class_list":["post-36549","post","type-post","status-publish","format-standard","hentry","category-opiniones"],"_links":{"self":[{"href":"https:\/\/diariodominicano.com\/index.php?rest_route=\/wp\/v2\/posts\/36549","targetHints":{"allow":["GET"]}}],"collection":[{"href":"https:\/\/diariodominicano.com\/index.php?rest_route=\/wp\/v2\/posts"}],"about":[{"href":"https:\/\/diariodominicano.com\/index.php?rest_route=\/wp\/v2\/types\/post"}],"author":[{"embeddable":true,"href":"https:\/\/diariodominicano.com\/index.php?rest_route=\/wp\/v2\/users\/3"}],"replies":[{"embeddable":true,"href":"https:\/\/diariodominicano.com\/index.php?rest_route=%2Fwp%2Fv2%2Fcomments&post=36549"}],"version-history":[{"count":0,"href":"https:\/\/diariodominicano.com\/index.php?rest_route=\/wp\/v2\/posts\/36549\/revisions"}],"wp:attachment":[{"href":"https:\/\/diariodominicano.com\/index.php?rest_route=%2Fwp%2Fv2%2Fmedia&parent=36549"}],"wp:term":[{"taxonomy":"category","embeddable":true,"href":"https:\/\/diariodominicano.com\/index.php?rest_route=%2Fwp%2Fv2%2Fcategories&post=36549"},{"taxonomy":"post_tag","embeddable":true,"href":"https:\/\/diariodominicano.com\/index.php?rest_route=%2Fwp%2Fv2%2Ftags&post=36549"}],"curies":[{"name":"wp","href":"https:\/\/api.w.org\/{rel}","templated":true}]}}